{"id":14746,"date":"2024-09-24T23:12:30","date_gmt":"2024-09-25T02:12:30","guid":{"rendered":"https:\/\/guialimeira.com.br\/2024\/09\/24\/nos-eua-lula-tem-encontros-com-macron-e-rei-da-jordania\/"},"modified":"2024-09-24T23:12:30","modified_gmt":"2024-09-25T02:12:30","slug":"nos-eua-lula-tem-encontros-com-macron-e-rei-da-jordania","status":"publish","type":"post","link":"https:\/\/guialimeira.com.br\/news\/nos-eua-lula-tem-encontros-com-macron-e-rei-da-jordania\/","title":{"rendered":"Nos EUA, Lula tem encontros com Macron e Rei da Jord\u00e2nia"},"content":{"rendered":"<p> <br \/>\n<\/p>\n<div>\n<p>O presidente Luiz In\u00e1cio Lula da Silva manteve encontro bilateral com o presidente da Fran\u00e7a, Emmanuel Macron, nesta ter\u00e7a-feira (24), em Nova York, em agenda paralela \u00e0 79\u00aa Assembleia das Na\u00e7\u00f5es Unidas. Segundo o governo brasileiro, os dois l\u00edderes conversaram sobre coopera\u00e7\u00e3o na \u00e1rea industrial e de defesa e discutiram a quest\u00e3o dos vistos na fronteira entre o Brasil e a Guiana Francesa.<img data-recalc-dims=\"1\" decoding=\"async\" src=\"https:\/\/i0.wp.com\/agenciabrasil.ebc.com.br\/ebc.png?w=696&#038;ssl=1\" style=\"width:1px; height:1px; display:inline;\"\/><img data-recalc-dims=\"1\" decoding=\"async\" src=\"https:\/\/i0.wp.com\/agenciabrasil.ebc.com.br\/ebc.gif?w=696&#038;ssl=1\" style=\"width:1px; height:1px; display:inline;\"\/><\/p>\n<p>Lula e Macron tamb\u00e9m falaram sobre o Ano do Brasil na Fran\u00e7a e o Ano da Fran\u00e7a no Brasil, em 2025, quando os dois pa\u00edses celebrar\u00e3o os 200 anos de rela\u00e7\u00f5es diplom\u00e1ticas.<\/p>\n<p>Os dois presidentes tamb\u00e9m conversaram sobre o conflito na Ucr\u00e2nia, a situa\u00e7\u00e3o da Venezuela e a coopera\u00e7\u00e3o com o Haiti para a seguran\u00e7a e o desenvolvimento do pa\u00eds caribenho.<\/p>\n<p>Mais cedo, Lula tamb\u00e9m se reuniu com o Rei Abdullah II, da Jord\u00e2nia,\u00a0em Nova York.<\/p>\n<p>Na conversa, segundo a Presid\u00eancia da Rep\u00fablica, o principal assunto foi o conflito no Oriente M\u00e9dio, com foco na crise humanit\u00e1ria resultante da guerra de Israel na Faixa de Gaza e, agora, no L\u00edbano.<\/p>\n<p>Primeiro chefe de Estado a discursar no debate da 79\u00aa Assembleia Geral da ONU, Lula afirmou que o Brasil n\u00e3o <a href=\"https:\/\/agenciabrasil.ebc.com.br\/politica\/noticia\/2024-09\/lula-multilateralismo-e-unico-caminho-para-superar-urgencia-climatica\" target=\"_blank\" rel=\"noopener\">vai tolerar crimes ambientais e prometeu o\u00a0fim do desmatamento ilegal<\/a> at\u00e9 2030.<\/p>\n<p>Durante a tarde, em outro evento paralelo, em defesa da democracia, o presidente criticou <a href=\"https:\/\/agenciabrasil.ebc.com.br\/politica\/noticia\/2024-09\/democracia-liberal-frustrou-expectativa-de-milhoes-diz-lula\" target=\"_blank\" rel=\"noopener\">a quebra de confian\u00e7a do regime democr\u00e1tico<\/a>, abalado pelo agravamento da explora\u00e7\u00e3o capitalista, abrindo espa\u00e7o para extremismo e for\u00e7as totalit\u00e1rias.<\/p>\n<p>A agenda de Lula em Nova York prossegue nesta quarta-feira (25), com reuni\u00f5es bilaterais previstas com os presidente da \u00c1frica do Sul, Cyril Ramaphosa; da Col\u00f4mbia, Gustavo Petro; e da Guatemala, Bernardo Ar\u00e9valo.<\/p>\n<p>Al\u00e9m disso, o presidente\u00a0deve participar da abertura de uma Reuni\u00e3o Ministerial do G20 e de um almo\u00e7o de trabalho sobre o Novo Pacto Financeiro Global.<\/p>\n<p>Antes de embarcar de volta para Bras\u00edlia, o presidente brasileiro deve conceder uma coletiva de imprensa para fazer um balan\u00e7o da viagem.<\/p>\n<p>      <!-- Relacionada --><\/p>\n<p>            <!-- Relacionada -->\n    <\/div>\n<p><br \/>\n<br \/><a href=\"https:\/\/agenciabrasil.ebc.com.br\/internacional\/noticia\/2024-09\/nos-eua-lula-tem-encontros-com-macron-e-rei-da-jordania\" rel=\"noopener\">Ag\u00eancia Brasil <\/a><\/p>\n","protected":false},"excerpt":{"rendered":"<p>O presidente Luiz In\u00e1cio Lula da Silva manteve encontro bilateral com o presidente da Fran\u00e7a, Emmanuel Macron, nesta ter\u00e7a-feira (24), em Nova York, em agenda paralela \u00e0 79\u00aa Assembleia das Na\u00e7\u00f5es Unidas. Segundo o governo brasileiro, os dois l\u00edderes conversaram sobre coopera\u00e7\u00e3o na \u00e1rea industrial e de defesa e discutiram a quest\u00e3o dos vistos na [&hellip;]<\/p>\n","protected":false},"author":1,"featured_media":14747,"comment_status":"open","ping_status":"open","sticky":false,"template":"","format":"standard","meta":{"_jetpack_newsletter_access":"","_jetpack_dont_email_post_to_subs":false,"_jetpack_newsletter_tier_id":0,"_jetpack_memberships_contains_paywalled_content":false,"_mbp_banners":[],"_jetpack_feature_clip_id":0,"_jetpack_memberships_contains_paid_content":false,"footnotes":"","jetpack_publicize_message":"","jetpack_publicize_feature_enabled":true,"jetpack_social_post_already_shared":true,"jetpack_social_options":{"image_generator_settings":{"template":"highway","default_image_id":0,"font":"","enabled":false},"version":2},"jetpack_post_was_ever_published":false},"categories":[25],"tags":[],"class_list":["post-14746","post","type-post","status-publish","format-standard","has-post-thumbnail","category-internacional"],"jetpack_publicize_connections":[],"jetpack-related-posts":[],"jetpack_shortlink":"https:\/\/wp.me\/p7Eq1F-3PQ","jetpack_sharing_enabled":true,"jetpack_featured_media_url":"https:\/\/i0.wp.com\/guialimeira.com.br\/news\/wp-content\/uploads\/2024\/09\/lula_e_macron_na_onu_2.jpg?fit=1600%2C800&ssl=1","_links":{"self":[{"href":"https:\/\/guialimeira.com.br\/news\/wp-json\/wp\/v2\/posts\/14746","targetHints":{"allow":["GET"]}}],"collection":[{"href":"https:\/\/guialimeira.com.br\/news\/wp-json\/wp\/v2\/posts"}],"about":[{"href":"https:\/\/guialimeira.com.br\/news\/wp-json\/wp\/v2\/types\/post"}],"author":[{"embeddable":true,"href":"https:\/\/guialimeira.com.br\/news\/wp-json\/wp\/v2\/users\/1"}],"replies":[{"embeddable":true,"href":"https:\/\/guialimeira.com.br\/news\/wp-json\/wp\/v2\/comments?post=14746"}],"version-history":[{"count":0,"href":"https:\/\/guialimeira.com.br\/news\/wp-json\/wp\/v2\/posts\/14746\/revisions"}],"wp:featuredmedia":[{"embeddable":true,"href":"https:\/\/guialimeira.com.br\/news\/wp-json\/wp\/v2\/media\/14747"}],"wp:attachment":[{"href":"https:\/\/guialimeira.com.br\/news\/wp-json\/wp\/v2\/media?parent=14746"}],"wp:term":[{"taxonomy":"category","embeddable":true,"href":"https:\/\/guialimeira.com.br\/news\/wp-json\/wp\/v2\/categories?post=14746"},{"taxonomy":"post_tag","embeddable":true,"href":"https:\/\/guialimeira.com.br\/news\/wp-json\/wp\/v2\/tags?post=14746"}],"curies":[{"name":"wp","href":"https:\/\/api.w.org\/{rel}","templated":true}]}}