{"id":14738,"date":"2024-09-24T21:04:37","date_gmt":"2024-09-25T00:04:37","guid":{"rendered":"https:\/\/guialimeira.com.br\/2024\/09\/24\/indicadores-da-covid-19-permanecem-em-alta-no-estado-do-rio\/"},"modified":"2024-09-24T21:04:37","modified_gmt":"2024-09-25T00:04:37","slug":"indicadores-da-covid-19-permanecem-em-alta-no-estado-do-rio","status":"publish","type":"post","link":"https:\/\/guialimeira.com.br\/news\/indicadores-da-covid-19-permanecem-em-alta-no-estado-do-rio\/","title":{"rendered":"Indicadores da covid-19 permanecem em alta no estado do Rio"},"content":{"rendered":"<p> <br \/>\n<\/p>\n<div>\n<p>O novo boletim do Panorama Covid-19 divulgado nesta ter\u00e7a-feira (24), registra tend\u00eancia de aumento dos indicadores da doen\u00e7a no estado do Rio. O boletim, referente \u00e0 Semana Epidemiol\u00f3gica (SE) 37, que compreende o per\u00edodo de 8 a 14 de setembro, mostra os n\u00fameros de testes positivos para a doen\u00e7a, solicita\u00e7\u00f5es de leitos e de atendimentos em Unidades de Pronto Atendimento (UPAs).<img data-recalc-dims=\"1\" decoding=\"async\" src=\"https:\/\/i0.wp.com\/agenciabrasil.ebc.com.br\/ebc.png?w=696&#038;ssl=1\" style=\"width:1px; height:1px; display:inline;\"\/><img data-recalc-dims=\"1\" decoding=\"async\" src=\"https:\/\/i0.wp.com\/agenciabrasil.ebc.com.br\/ebc.gif?w=696&#038;ssl=1\" style=\"width:1px; height:1px; display:inline;\"\/><\/p>\n<p>De acordo com a Secretaria de Estado de Sa\u00fade do Rio (SES-RJ) a taxa de positividade registrada pelos testes RT-PCR realizados pelo Laborat\u00f3rio Central de Sa\u00fade P\u00fablica Noel Nutels (Lacen) em amostras coletadas em unidades de sa\u00fade da rede p\u00fablica permanece em alta: subiu para 8% na Semana 37 em compara\u00e7\u00e3o com a SE 33 (11 a 17 de agosto), quando registrou aumento de 7%, uma varia\u00e7\u00e3o de 14,29% no teste r\u00e1pido de ant\u00edgeno.<\/p>\n<p>A positividade nos exames RT-PCR de amostras coletadas em laborat\u00f3rios da rede privada teve uma varia\u00e7\u00e3o de 75%, comparando a SE 33 com a SE 37: subiu de 8% para 14%. J\u00e1 com rela\u00e7\u00e3o ao teste r\u00e1pido de ant\u00edgeno, a varia\u00e7\u00e3o foi 22,22% na compara\u00e7\u00e3o da semana 33 com a 37, um aumento de 9% para 11%.<\/p>\n<p>Os atendimentos nas Unidades de Pronto Atendimento 24h (UPAs) do estado do Rio, de acordo com a metodologia que considera os dados de sinais e sintomas de s\u00edndrome gripal compat\u00edveis com a covid-19, tamb\u00e9m mostraram uma tend\u00eancia de aumento, com crescimento de 11,39% e 21,14% para adultos e crian\u00e7as, respectivamente, na compara\u00e7\u00e3o entre as \u00faltimas semanas. Em n\u00fameros absolutos, o aumento no atendimento infantil foi de 932 para 1.129 e de 1.176 para 1.310 para os adultos. Na popula\u00e7\u00e3o infantil, o boletim registra um aumento constante de casos de covid-19.<\/p>\n<p>Os indicadores precoces \u2013 taxa de positividade, atendimentos nas UPAs e n\u00fameros de solicita\u00e7\u00f5es de leitos &#8211;\u00a0 sinalizam o aumento de casos antes mesmo da eleva\u00e7\u00e3o registrada nos sistemas de informa\u00e7\u00e3o. Por isso, o monitoramento \u00e9 essencial para a\u00e7\u00f5es de prepara\u00e7\u00e3o da secretaria no combate ao crescimento da doen\u00e7a e orienta\u00e7\u00e3o para o refor\u00e7o das medidas de preven\u00e7\u00e3o e controle, como a vacina\u00e7\u00e3o. A Secretaria de Estado de Sa\u00fade avalia que, apesar do aumento dos indicadores precoces, o cen\u00e1rio ainda n\u00e3o apresenta impacto nas taxas de ocupa\u00e7\u00e3o de leitos das unidades de sa\u00fade.<\/p>\n<p>      <!-- Relacionada --><\/p>\n<p>            <!-- Relacionada -->\n    <\/div>\n<p><br \/>\n<br \/><a href=\"https:\/\/agenciabrasil.ebc.com.br\/saude\/noticia\/2024-09\/indicadores-da-covid-19-permanecem-em-alta-no-estado-do-rio\" rel=\"noopener\">Ag\u00eancia Brasil <\/a><\/p>\n","protected":false},"excerpt":{"rendered":"<p>O novo boletim do Panorama Covid-19 divulgado nesta ter\u00e7a-feira (24), registra tend\u00eancia de aumento dos indicadores da doen\u00e7a no estado do Rio. O boletim, referente \u00e0 Semana Epidemiol\u00f3gica (SE) 37, que compreende o per\u00edodo de 8 a 14 de setembro, mostra os n\u00fameros de testes positivos para a doen\u00e7a, solicita\u00e7\u00f5es de leitos e de atendimentos [&hellip;]<\/p>\n","protected":false},"author":1,"featured_media":8715,"comment_status":"open","ping_status":"open","sticky":false,"template":"","format":"standard","meta":{"_jetpack_newsletter_access":"","_jetpack_dont_email_post_to_subs":false,"_jetpack_newsletter_tier_id":0,"_jetpack_memberships_contains_paywalled_content":false,"_mbp_banners":[],"_jetpack_feature_clip_id":0,"_jetpack_memberships_contains_paid_content":false,"footnotes":"","jetpack_publicize_message":"","jetpack_publicize_feature_enabled":true,"jetpack_social_post_already_shared":true,"jetpack_social_options":{"image_generator_settings":{"template":"highway","default_image_id":0,"font":"","enabled":false},"version":2},"jetpack_post_was_ever_published":false},"categories":[15],"tags":[],"class_list":["post-14738","post","type-post","status-publish","format-standard","has-post-thumbnail","category-saude"],"jetpack_publicize_connections":[],"jetpack-related-posts":[],"jetpack_shortlink":"https:\/\/wp.me\/p7Eq1F-3PI","jetpack_sharing_enabled":true,"jetpack_featured_media_url":"https:\/\/i0.wp.com\/guialimeira.com.br\/news\/wp-content\/uploads\/2024\/06\/img_3352.jpg?fit=1600%2C800&ssl=1","_links":{"self":[{"href":"https:\/\/guialimeira.com.br\/news\/wp-json\/wp\/v2\/posts\/14738","targetHints":{"allow":["GET"]}}],"collection":[{"href":"https:\/\/guialimeira.com.br\/news\/wp-json\/wp\/v2\/posts"}],"about":[{"href":"https:\/\/guialimeira.com.br\/news\/wp-json\/wp\/v2\/types\/post"}],"author":[{"embeddable":true,"href":"https:\/\/guialimeira.com.br\/news\/wp-json\/wp\/v2\/users\/1"}],"replies":[{"embeddable":true,"href":"https:\/\/guialimeira.com.br\/news\/wp-json\/wp\/v2\/comments?post=14738"}],"version-history":[{"count":0,"href":"https:\/\/guialimeira.com.br\/news\/wp-json\/wp\/v2\/posts\/14738\/revisions"}],"wp:featuredmedia":[{"embeddable":true,"href":"https:\/\/guialimeira.com.br\/news\/wp-json\/wp\/v2\/media\/8715"}],"wp:attachment":[{"href":"https:\/\/guialimeira.com.br\/news\/wp-json\/wp\/v2\/media?parent=14738"}],"wp:term":[{"taxonomy":"category","embeddable":true,"href":"https:\/\/guialimeira.com.br\/news\/wp-json\/wp\/v2\/categories?post=14738"},{"taxonomy":"post_tag","embeddable":true,"href":"https:\/\/guialimeira.com.br\/news\/wp-json\/wp\/v2\/tags?post=14738"}],"curies":[{"name":"wp","href":"https:\/\/api.w.org\/{rel}","templated":true}]}}