{"id":1473,"date":"2024-04-11T19:43:46","date_gmt":"2024-04-11T22:43:46","guid":{"rendered":"https:\/\/guialimeira.com.br\/2024\/04\/11\/lula-sanciona-com-veto-projeto-que-proibe-saidinha-de-presos\/"},"modified":"2024-04-11T19:43:46","modified_gmt":"2024-04-11T22:43:46","slug":"lula-sanciona-com-veto-projeto-que-proibe-saidinha-de-presos","status":"publish","type":"post","link":"https:\/\/guialimeira.com.br\/news\/lula-sanciona-com-veto-projeto-que-proibe-saidinha-de-presos\/","title":{"rendered":"Lula sanciona, com veto, projeto que pro\u00edbe saidinha de presos"},"content":{"rendered":"<p> <br \/>\n<\/p>\n<div>\n<p>O presidente Luiz In\u00e1cio Lula da Silva sancionou, com veto, nesta quinta-feira (11), o projeto de lei (PL) que acaba com as sa\u00eddas tempor\u00e1rias de presos em feriados e datas comemorativas. A informa\u00e7\u00e3o foi confirmada pelo Minist\u00e9rio da Justi\u00e7a e Seguran\u00e7a P\u00fablica.\u00a0<img data-recalc-dims=\"1\" decoding=\"async\" src=\"https:\/\/i0.wp.com\/agenciabrasil.ebc.com.br\/ebc.png?w=696&#038;ssl=1\" style=\"width:1px; height:1px; display:inline;\"\/><img data-recalc-dims=\"1\" decoding=\"async\" src=\"https:\/\/i0.wp.com\/agenciabrasil.ebc.com.br\/ebc.gif?w=696&#038;ssl=1\" style=\"width:1px; height:1px; display:inline;\"\/><\/p>\n<p>O presidente vetou apenas o trecho que impedia a sa\u00edda tempor\u00e1ria para presos que querem visitar suas fam\u00edlias. A saidinha, como \u00e9 conhecido o benef\u00edcio, vale para detentos que j\u00e1 est\u00e3o em regime semiaberto.<\/p>\n<p>Lula manteve a parte do texto que pro\u00edbe a sa\u00edda para condenados por crimes hediondos e violentos, como estupro, homic\u00eddio e tr\u00e1fico de drogas.<\/p>\n<p>Pela legisla\u00e7\u00e3o, presos que est\u00e3o no semiaberto, que j\u00e1 cumpriram um sexto do total da pena e que possuem bom comportamento podem deixar pres\u00eddio por cinco dias para visitar a fam\u00edlia em feriados, estudar fora ou participar de atividades de ressocializa\u00e7\u00e3o.<\/p>\n<p>Antes de ser sancionado pela presid\u00eancia da Rep\u00fablica, o projeto foi aprovado pela C\u00e2mara dos Deputados e pelo Senado. A parte da lei que foi vetada ser\u00e1 reavaliada pelo Congresso, que poder\u00e1 derrubar o veto do presidente.<\/p>\n<\/p><\/div>\n<p><br \/>\n<br \/><a href=\"https:\/\/agenciabrasil.ebc.com.br\/geral\/noticia\/2024-04\/lula-sanciona-com-veto-projeto-que-proibe-saidinha-de-presos\" rel=\"noopener\">Ag\u00eancia Brasil<\/a><\/p>\n","protected":false},"excerpt":{"rendered":"<p>O presidente Luiz In\u00e1cio Lula da Silva sancionou, com veto, nesta quinta-feira (11), o projeto de lei (PL) que acaba com as sa\u00eddas tempor\u00e1rias de presos em feriados e datas comemorativas. A informa\u00e7\u00e3o foi confirmada pelo Minist\u00e9rio da Justi\u00e7a e Seguran\u00e7a P\u00fablica.\u00a0 O presidente vetou apenas o trecho que impedia a sa\u00edda tempor\u00e1ria para presos [&hellip;]<\/p>\n","protected":false},"author":1,"featured_media":1474,"comment_status":"open","ping_status":"open","sticky":false,"template":"","format":"standard","meta":{"_jetpack_newsletter_access":"","_jetpack_dont_email_post_to_subs":false,"_jetpack_newsletter_tier_id":0,"_jetpack_memberships_contains_paywalled_content":false,"_mbp_banners":[],"_jetpack_feature_clip_id":0,"_jetpack_memberships_contains_paid_content":false,"footnotes":"","jetpack_publicize_message":"","jetpack_publicize_feature_enabled":true,"jetpack_social_post_already_shared":true,"jetpack_social_options":{"image_generator_settings":{"template":"highway","default_image_id":0,"font":"","enabled":false},"version":2},"jetpack_post_was_ever_published":false},"categories":[1],"tags":[],"class_list":["post-1473","post","type-post","status-publish","format-standard","has-post-thumbnail","category-geral"],"jetpack_publicize_connections":[],"jetpack-related-posts":[],"jetpack_shortlink":"https:\/\/wp.me\/p7Eq1F-nL","jetpack_sharing_enabled":true,"jetpack_featured_media_url":"https:\/\/i0.wp.com\/guialimeira.com.br\/news\/wp-content\/uploads\/2024\/04\/fachada_do_palacio_do_planalto_antcrz_abr_2709221137.jpg?fit=1600%2C800&ssl=1","_links":{"self":[{"href":"https:\/\/guialimeira.com.br\/news\/wp-json\/wp\/v2\/posts\/1473","targetHints":{"allow":["GET"]}}],"collection":[{"href":"https:\/\/guialimeira.com.br\/news\/wp-json\/wp\/v2\/posts"}],"about":[{"href":"https:\/\/guialimeira.com.br\/news\/wp-json\/wp\/v2\/types\/post"}],"author":[{"embeddable":true,"href":"https:\/\/guialimeira.com.br\/news\/wp-json\/wp\/v2\/users\/1"}],"replies":[{"embeddable":true,"href":"https:\/\/guialimeira.com.br\/news\/wp-json\/wp\/v2\/comments?post=1473"}],"version-history":[{"count":0,"href":"https:\/\/guialimeira.com.br\/news\/wp-json\/wp\/v2\/posts\/1473\/revisions"}],"wp:featuredmedia":[{"embeddable":true,"href":"https:\/\/guialimeira.com.br\/news\/wp-json\/wp\/v2\/media\/1474"}],"wp:attachment":[{"href":"https:\/\/guialimeira.com.br\/news\/wp-json\/wp\/v2\/media?parent=1473"}],"wp:term":[{"taxonomy":"category","embeddable":true,"href":"https:\/\/guialimeira.com.br\/news\/wp-json\/wp\/v2\/categories?post=1473"},{"taxonomy":"post_tag","embeddable":true,"href":"https:\/\/guialimeira.com.br\/news\/wp-json\/wp\/v2\/tags?post=1473"}],"curies":[{"name":"wp","href":"https:\/\/api.w.org\/{rel}","templated":true}]}}