{"id":14717,"date":"2024-09-24T13:57:29","date_gmt":"2024-09-24T16:57:29","guid":{"rendered":"https:\/\/guialimeira.com.br\/2024\/09\/24\/anvisa-proibe-uso-de-termometros-com-coluna-de-mercurio\/"},"modified":"2024-09-24T13:57:29","modified_gmt":"2024-09-24T16:57:29","slug":"anvisa-proibe-uso-de-termometros-com-coluna-de-mercurio","status":"publish","type":"post","link":"https:\/\/guialimeira.com.br\/news\/anvisa-proibe-uso-de-termometros-com-coluna-de-mercurio\/","title":{"rendered":"Anvisa pro\u00edbe uso de term\u00f4metros com coluna de merc\u00fario"},"content":{"rendered":"<p> <br \/>\n<\/p>\n<div>\n<p>A Ag\u00eancia Nacional de Vigil\u00e2ncia Sanit\u00e1ria (Anvisa) proibiu, em todo o territ\u00f3rio brasileiro, a fabrica\u00e7\u00e3o, importa\u00e7\u00e3o, comercializa\u00e7\u00e3o e o uso em servi\u00e7os de sa\u00fade de term\u00f4metros e esfigmoman\u00f4metros (medidores de press\u00e3o arterial) com coluna de merc\u00fario. A resolu\u00e7\u00e3o foi publicada nesta ter\u00e7a-feira (24) no <a href=\"https:\/\/www.in.gov.br\/web\/dou\/-\/resolucao-n-922-de-19-de-setembro-de-2024-586160283\" target=\"_blank\" rel=\"noopener\"><em>Di\u00e1rio Oficial da Uni\u00e3o<\/em><\/a>.<img data-recalc-dims=\"1\" decoding=\"async\" src=\"https:\/\/i0.wp.com\/agenciabrasil.ebc.com.br\/ebc.png?w=696&#038;ssl=1\" style=\"width:1px; height:1px; display:inline;\"\/><img data-recalc-dims=\"1\" decoding=\"async\" src=\"https:\/\/i0.wp.com\/agenciabrasil.ebc.com.br\/ebc.gif?w=696&#038;ssl=1\" style=\"width:1px; height:1px; display:inline;\"\/><\/p>\n<div class=\"dnd-widget-wrapper context-medio_4colunas type-image atom-align-left\">\n<div class=\"dnd-atom-rendered\"><!-- scald=358037:medio_4colunas {\"additionalClasses\":\"\"} --><br \/>\n            <img data-recalc-dims=\"1\" decoding=\"async\" src=\"https:\/\/i0.wp.com\/imagens.ebc.com.br\/A1WekTanLYDgO2w2ayJu7nxpqrc%3D\/365x0\/smart\/https%3A\/\/agenciabrasil.ebc.com.br\/sites\/default\/files\/thumbnails\/image\/anvisa_3.jpg?w=696&#038;ssl=1\" alt=\"Bras\u00edlia-DF, 10.11.2023, Fachada do Pr\u00e9dio da Ag\u00eancia de Vigil\u00e2ncia Sanit\u00e1ria ANVISA, em Bras\u00edlia.  Foto: Rafa Neddermeyer\/Ag\u00eancia Brasil\" title=\"Rafa Neddermeyer\/Ag\u00eancia Brasil\"\/><br \/>\n        <img data-recalc-dims=\"1\" decoding=\"async\" src=\"https:\/\/i0.wp.com\/imagens.ebc.com.br\/A1WekTanLYDgO2w2ayJu7nxpqrc%3D\/365x0\/smart\/https%3A\/\/agenciabrasil.ebc.com.br\/sites\/default\/files\/thumbnails\/image\/anvisa_3.jpg?w=696&#038;ssl=1\" alt=\"Bras\u00edlia-DF, 10.11.2023, Fachada do Pr\u00e9dio da Ag\u00eancia de Vigil\u00e2ncia Sanit\u00e1ria ANVISA, em Bras\u00edlia.  Foto: Rafa Neddermeyer\/Ag\u00eancia Brasil\" title=\"Rafa Neddermeyer\/Ag\u00eancia Brasil\"\/><br \/>\n    <!-- END scald=358037 --><\/div>\n<div class=\"dnd-caption-wrapper\">\n<p><!--copyright=358037-->Bras\u00edlia-DF, 10.11.2023, Fachada do Pr\u00e9dio da Ag\u00eancia de Vigil\u00e2ncia Sanit\u00e1ria ANVISA, em Bras\u00edlia. Foto:\u00a0\u00a0<strong>Rafa Neddermeyer\/Ag\u00eancia Brasil<\/strong><!--END copyright=358037--><\/p>\n<\/div>\n<\/div>\n<p>Os equipamentos abrangidos pela resolu\u00e7\u00e3o t\u00eam uma coluna transparente contendo merc\u00fario e finalidade de aferir valores de temperatura corporal e press\u00e3o arterial, indicados para uso em diagn\u00f3stico em sa\u00fade. A proibi\u00e7\u00e3o n\u00e3o se aplica a produtos para pesquisa, calibra\u00e7\u00e3o de instrumentos ou uso como padr\u00e3o de refer\u00eancia.<\/p>\n<p>Ainda de acordo com a resolu\u00e7\u00e3o, term\u00f4metros e esfigmoman\u00f4metros com coluna de merc\u00fario que forem retirados de uso devem seguir as Boas Pr\u00e1ticas de Gerenciamento de Res\u00edduos de Servi\u00e7os de Sa\u00fade, fixadas pela Anvisa em 2018.<\/p>\n<p>O descumprimento da resolu\u00e7\u00e3o, segundo a ag\u00eancia, constitui infra\u00e7\u00e3o sanit\u00e1ria, sem preju\u00edzo das responsabilidades civil, administrativa e penal cab\u00edveis.<\/p>\n<h2>Entenda<\/h2>\n<p>Em 2022, a diretoria colegiada da Anvisa aprovou, em reuni\u00e3o p\u00fablica, iniciativa regulat\u00f3ria sobre o tema, atendendo a uma demanda da Conven\u00e7\u00e3o de Minamata, ocorrida no Jap\u00e3o em 2013 e da qual o Brasil \u00e9 signat\u00e1rio. Pela conven\u00e7\u00e3o, o merc\u00fario deveria ter seu uso reduzido em todo o mundo at\u00e9 2020.<\/p>\n<p>O metal pesado, segundo a ag\u00eancia, n\u00e3o representa perigo direto para usu\u00e1rios de term\u00f4metros ou de medidores de press\u00e3o, mas configura perigoso agente t\u00f3xico no meio ambiente quando descartado. A Anvisa destaca ainda que esses equipamentos j\u00e1 contam com alternativas de mercado que n\u00e3o utilizam coluna de merc\u00fario.<\/p>\n<p>\u201cTerm\u00f4metros e esfigmoman\u00f4metros digitais s\u00e3o produtos para a sa\u00fade de uso difundido no Brasil e possuem as mesmas indica\u00e7\u00f5es cl\u00ednicas que os que cont\u00e9m merc\u00fario. Esses dispositivos tamb\u00e9m possuem a sua precis\u00e3o avaliada compulsoriamente pelo Sistema Brasileiro de Avalia\u00e7\u00e3o da Conformidade e s\u00e3o ambientalmente mais sustent\u00e1veis.\u201d<\/p>\n<p>      <!-- Relacionada --><\/p>\n<p>            <!-- Relacionada -->\n    <\/div>\n<p><br \/>\n<br \/><a href=\"https:\/\/agenciabrasil.ebc.com.br\/saude\/noticia\/2024-09\/anvisa-proibe-uso-de-termometros-com-coluna-de-mercurio\" rel=\"noopener\">Ag\u00eancia Brasil <\/a><\/p>\n","protected":false},"excerpt":{"rendered":"<p>A Ag\u00eancia Nacional de Vigil\u00e2ncia Sanit\u00e1ria (Anvisa) proibiu, em todo o territ\u00f3rio brasileiro, a fabrica\u00e7\u00e3o, importa\u00e7\u00e3o, comercializa\u00e7\u00e3o e o uso em servi\u00e7os de sa\u00fade de term\u00f4metros e esfigmoman\u00f4metros (medidores de press\u00e3o arterial) com coluna de merc\u00fario. A resolu\u00e7\u00e3o foi publicada nesta ter\u00e7a-feira (24) no Di\u00e1rio Oficial da Uni\u00e3o. Bras\u00edlia-DF, 10.11.2023, Fachada do Pr\u00e9dio da Ag\u00eancia [&hellip;]<\/p>\n","protected":false},"author":1,"featured_media":14718,"comment_status":"open","ping_status":"open","sticky":false,"template":"","format":"standard","meta":{"_jetpack_newsletter_access":"","_jetpack_dont_email_post_to_subs":false,"_jetpack_newsletter_tier_id":0,"_jetpack_memberships_contains_paywalled_content":false,"_mbp_banners":[],"_jetpack_feature_clip_id":0,"_jetpack_memberships_contains_paid_content":false,"footnotes":"","jetpack_publicize_message":"","jetpack_publicize_feature_enabled":true,"jetpack_social_post_already_shared":true,"jetpack_social_options":{"image_generator_settings":{"template":"highway","default_image_id":0,"font":"","enabled":false},"version":2},"jetpack_post_was_ever_published":false},"categories":[15],"tags":[],"class_list":["post-14717","post","type-post","status-publish","format-standard","has-post-thumbnail","category-saude"],"jetpack_publicize_connections":[],"jetpack-related-posts":[],"jetpack_shortlink":"https:\/\/wp.me\/p7Eq1F-3Pn","jetpack_sharing_enabled":true,"jetpack_featured_media_url":"https:\/\/i0.wp.com\/guialimeira.com.br\/news\/wp-content\/uploads\/2024\/09\/2019_01_08_termometrocrfsp.jpg?fit=1600%2C800&ssl=1","_links":{"self":[{"href":"https:\/\/guialimeira.com.br\/news\/wp-json\/wp\/v2\/posts\/14717","targetHints":{"allow":["GET"]}}],"collection":[{"href":"https:\/\/guialimeira.com.br\/news\/wp-json\/wp\/v2\/posts"}],"about":[{"href":"https:\/\/guialimeira.com.br\/news\/wp-json\/wp\/v2\/types\/post"}],"author":[{"embeddable":true,"href":"https:\/\/guialimeira.com.br\/news\/wp-json\/wp\/v2\/users\/1"}],"replies":[{"embeddable":true,"href":"https:\/\/guialimeira.com.br\/news\/wp-json\/wp\/v2\/comments?post=14717"}],"version-history":[{"count":0,"href":"https:\/\/guialimeira.com.br\/news\/wp-json\/wp\/v2\/posts\/14717\/revisions"}],"wp:featuredmedia":[{"embeddable":true,"href":"https:\/\/guialimeira.com.br\/news\/wp-json\/wp\/v2\/media\/14718"}],"wp:attachment":[{"href":"https:\/\/guialimeira.com.br\/news\/wp-json\/wp\/v2\/media?parent=14717"}],"wp:term":[{"taxonomy":"category","embeddable":true,"href":"https:\/\/guialimeira.com.br\/news\/wp-json\/wp\/v2\/categories?post=14717"},{"taxonomy":"post_tag","embeddable":true,"href":"https:\/\/guialimeira.com.br\/news\/wp-json\/wp\/v2\/tags?post=14717"}],"curies":[{"name":"wp","href":"https:\/\/api.w.org\/{rel}","templated":true}]}}