{"id":14683,"date":"2024-09-23T17:42:34","date_gmt":"2024-09-23T20:42:34","guid":{"rendered":"https:\/\/guialimeira.com.br\/2024\/09\/23\/aterrorizadas-familias-libanesas-fogem-de-bombardeios-israelenses\/"},"modified":"2024-09-23T17:42:34","modified_gmt":"2024-09-23T20:42:34","slug":"aterrorizadas-familias-libanesas-fogem-de-bombardeios-israelenses","status":"publish","type":"post","link":"https:\/\/guialimeira.com.br\/news\/aterrorizadas-familias-libanesas-fogem-de-bombardeios-israelenses\/","title":{"rendered":"Aterrorizadas, fam\u00edlias libanesas fogem de bombardeios israelenses"},"content":{"rendered":"<p> <br \/>\n<\/p>\n<div>\n<p>Fam\u00edlias do sul do L\u00edbano entupiram as rodovias ao norte nesta segunda-feira, fugindo de um bombardeio israelense em expans\u00e3o para um futuro incerto, com crian\u00e7as amontoadas no colo dos pais, malas amarradas ao teto dos carros e fuma\u00e7a escura atr\u00e1s deles.<img data-recalc-dims=\"1\" decoding=\"async\" src=\"https:\/\/i0.wp.com\/agenciabrasil.ebc.com.br\/ebc.png?w=696&#038;ssl=1\" style=\"width:1px; height:1px; display:inline;\"\/><img data-recalc-dims=\"1\" decoding=\"async\" src=\"https:\/\/i0.wp.com\/agenciabrasil.ebc.com.br\/ebc.gif?w=696&#038;ssl=1\" style=\"width:1px; height:1px; display:inline;\"\/><\/p>\n<p>In\u00fameros carros, vans e caminhonetes estavam carregados de pertences e pessoas, \u00e0s vezes v\u00e1rias gera\u00e7\u00f5es em um ve\u00edculo, enquanto outras fam\u00edlias fugiam levando apenas o essencial, enquanto as bombas ca\u00edam do alto.<\/p>\n<p>&#8220;Quando os ataques aconteceram pela manh\u00e3 nas casas, peguei todos os documentos importantes e sa\u00edmos. Havia ataques ao nosso redor. Foi aterrorizante&#8221;, disse Abed Afou, cujo vilarejo de Yater foi fortemente atingido na madrugada.<\/p>\n<p>Israel e o grupo Hezbollah, do L\u00edbano, t\u00eam trocado tiros atrav\u00e9s da fronteira desde o in\u00edcio da atual guerra em Gaza no ano passado, detonada ap\u00f3s um ataque do Hamas, aliado do Hezbollah, mas Israel intensificou rapidamente sua campanha militar na \u00faltima semana.<\/p>\n<p>Nesta segunda-feira, quando o bombardeio se intensificou e passou a abranger mais \u00e1reas do L\u00edbano, as pessoas receberam liga\u00e7\u00f5es telef\u00f4nicas pr\u00e9-gravadas em nome das For\u00e7as Armadas de Israel, dizendo-lhes para deixarem suas casas para sua pr\u00f3pria seguran\u00e7a.<\/p>\n<p>Afou, que permaneceu em Yater desde o in\u00edcio dos combates, apesar de estar a apenas cerca de 5 km da fronteira israelense, decidiu sair quando as explos\u00f5es come\u00e7aram a atingir casas residenciais no distrito.<\/p>\n<p>&#8220;Eu estava com uma m\u00e3o nas costas do meu filho, dizendo a ele para n\u00e3o ter medo&#8221;, disse. A fam\u00edlia de Afou, com tr\u00eas filhos com idades entre 6 e 13 anos, e v\u00e1rios outros parentes, estavam agora presa na rodovia, enquanto o tr\u00e1fego se arrastava para o norte.<\/p>\n<p>Eles n\u00e3o sabem onde ficar\u00e3o, disse ele, mas s\u00f3 queriam chegar a Beirute.<\/p>\n<p>O Minist\u00e9rio da Sa\u00fade do L\u00edbano disse que mais de 270 pessoas foram mortas no bombardeio e uma autoridade disse que foi o dia mais mortal do pa\u00eds desde o fim da guerra civil em 1990.<\/p>\n<p>Israel disse ter atingido cerca de 800 alvos ligados ao Hezbollah e que os edif\u00edcios atingidos continham armas pertencentes ao grupo.<\/p>\n<p>Alguns testemunharam a destrui\u00e7\u00e3o de perto.<\/p>\n<p>&#8220;A for\u00e7a e a intensidade dos bombardeios s\u00e3o algo que nunca testemunhamos antes em todas as guerras anteriores&#8221;, disse Abu Hassan Kahoul, a caminho de Beirute com sua fam\u00edlia, ap\u00f3s pr\u00e9dios serem destru\u00eddos perto do bloco de apartamentos onde mora.<\/p>\n<p>&#8220;As crian\u00e7as pequenas n\u00e3o sabem o que est\u00e1 acontecendo, mas h\u00e1 medo em seus olhos&#8221;, acrescentou.<\/p>\n<p>At\u00e9 mesmo em Beirute houve um alarme crescente, e os pais correram para tirar seus filhos das escolas, em meio a alertas de Israel sobre mais ataques.<\/p>\n<p>      <!-- Relacionada --><\/p>\n<p>            <!-- Relacionada -->\n    <\/div>\n<p><br \/>\n<br \/><a href=\"https:\/\/agenciabrasil.ebc.com.br\/internacional\/noticia\/2024-09\/aterrorizadas-familias-libanesas-fogem-de-bombardeios-israelenses\" rel=\"noopener\">Ag\u00eancia Brasil <\/a><\/p>\n","protected":false},"excerpt":{"rendered":"<p>Fam\u00edlias do sul do L\u00edbano entupiram as rodovias ao norte nesta segunda-feira, fugindo de um bombardeio israelense em expans\u00e3o para um futuro incerto, com crian\u00e7as amontoadas no colo dos pais, malas amarradas ao teto dos carros e fuma\u00e7a escura atr\u00e1s deles. In\u00fameros carros, vans e caminhonetes estavam carregados de pertences e pessoas, \u00e0s vezes v\u00e1rias [&hellip;]<\/p>\n","protected":false},"author":1,"featured_media":14684,"comment_status":"open","ping_status":"open","sticky":false,"template":"","format":"standard","meta":{"_jetpack_newsletter_access":"","_jetpack_dont_email_post_to_subs":false,"_jetpack_newsletter_tier_id":0,"_jetpack_memberships_contains_paywalled_content":false,"_mbp_banners":[],"_jetpack_feature_clip_id":0,"_jetpack_memberships_contains_paid_content":false,"footnotes":"","jetpack_publicize_message":"","jetpack_publicize_feature_enabled":true,"jetpack_social_post_already_shared":true,"jetpack_social_options":{"image_generator_settings":{"template":"highway","default_image_id":0,"font":"","enabled":false},"version":2},"jetpack_post_was_ever_published":false},"categories":[25],"tags":[],"class_list":["post-14683","post","type-post","status-publish","format-standard","has-post-thumbnail","category-internacional"],"jetpack_publicize_connections":[],"jetpack-related-posts":[],"jetpack_shortlink":"https:\/\/wp.me\/p7Eq1F-3OP","jetpack_sharing_enabled":true,"jetpack_featured_media_url":"https:\/\/i0.wp.com\/guialimeira.com.br\/news\/wp-content\/uploads\/2024\/09\/2024-09-20t135226z_1_lynxmpek8j0i3_rtroptp_4_israel-palestinians-lebanon.jpg?fit=1600%2C800&ssl=1","_links":{"self":[{"href":"https:\/\/guialimeira.com.br\/news\/wp-json\/wp\/v2\/posts\/14683","targetHints":{"allow":["GET"]}}],"collection":[{"href":"https:\/\/guialimeira.com.br\/news\/wp-json\/wp\/v2\/posts"}],"about":[{"href":"https:\/\/guialimeira.com.br\/news\/wp-json\/wp\/v2\/types\/post"}],"author":[{"embeddable":true,"href":"https:\/\/guialimeira.com.br\/news\/wp-json\/wp\/v2\/users\/1"}],"replies":[{"embeddable":true,"href":"https:\/\/guialimeira.com.br\/news\/wp-json\/wp\/v2\/comments?post=14683"}],"version-history":[{"count":0,"href":"https:\/\/guialimeira.com.br\/news\/wp-json\/wp\/v2\/posts\/14683\/revisions"}],"wp:featuredmedia":[{"embeddable":true,"href":"https:\/\/guialimeira.com.br\/news\/wp-json\/wp\/v2\/media\/14684"}],"wp:attachment":[{"href":"https:\/\/guialimeira.com.br\/news\/wp-json\/wp\/v2\/media?parent=14683"}],"wp:term":[{"taxonomy":"category","embeddable":true,"href":"https:\/\/guialimeira.com.br\/news\/wp-json\/wp\/v2\/categories?post=14683"},{"taxonomy":"post_tag","embeddable":true,"href":"https:\/\/guialimeira.com.br\/news\/wp-json\/wp\/v2\/tags?post=14683"}],"curies":[{"name":"wp","href":"https:\/\/api.w.org\/{rel}","templated":true}]}}