{"id":14650,"date":"2024-09-22T16:17:32","date_gmt":"2024-09-22T19:17:32","guid":{"rendered":"https:\/\/guialimeira.com.br\/2024\/09\/22\/lideres-mundiais-adotam-pacto-com-56-acoes-para-o-futuro-do-planeta\/"},"modified":"2024-09-22T16:17:32","modified_gmt":"2024-09-22T19:17:32","slug":"lideres-mundiais-adotam-pacto-com-56-acoes-para-o-futuro-do-planeta","status":"publish","type":"post","link":"https:\/\/guialimeira.com.br\/news\/lideres-mundiais-adotam-pacto-com-56-acoes-para-o-futuro-do-planeta\/","title":{"rendered":"L\u00edderes mundiais adotam pacto com 56 a\u00e7\u00f5es para o futuro do planeta"},"content":{"rendered":"<p> <br \/>\n<\/p>\n<div>\n<p>L\u00edderes da maioria dos pa\u00edses reunidos na C\u00fapula do Futuro, da Organiza\u00e7\u00e3o das Na\u00e7\u00f5es Unidas (ONU), em Nova York, nos Estados Unidos, assinaram um documento com 56 a\u00e7\u00f5es para o futuro do planeta, neste domingo (22). De acordo com a ONU, o documento foi adotado por consenso, com apenas sete pa\u00edses resistindo \u00e0 aprova\u00e7\u00e3o do Pacto para o Futuro, entre eles a R\u00fassia.<img data-recalc-dims=\"1\" decoding=\"async\" src=\"https:\/\/i0.wp.com\/agenciabrasil.ebc.com.br\/ebc.png?w=696&#038;ssl=1\" style=\"width:1px; height:1px; display:inline;\"\/><img data-recalc-dims=\"1\" decoding=\"async\" src=\"https:\/\/i0.wp.com\/agenciabrasil.ebc.com.br\/ebc.gif?w=696&#038;ssl=1\" style=\"width:1px; height:1px; display:inline;\"\/><\/p>\n<p>Entre as medidas previstas no pacto est\u00e3o agir de forma ambiciosa, acelerada e justa para implementar a Agenda 2030 e atingir os Objetivos do Desenvolvimento Sustent\u00e1vel, \u201cn\u00e3o deixando ningu\u00e9m para tr\u00e1s\u201d. A erradica\u00e7\u00e3o da pobreza est\u00e1 colocada no centro desses esfor\u00e7os, segundo o Pacto.<\/p>\n<p>Tamb\u00e9m est\u00e3o previstos a erradica\u00e7\u00e3o da fome, a prote\u00e7\u00e3o de civis em conflitos armados, a busca por solu\u00e7\u00f5es pac\u00edficas para conflitos, o combate a il\u00edcitos transnacionais, o avan\u00e7o no sentido de um mundo livre de armas nucleares, a prote\u00e7\u00e3o aos conhecimentos tradicionais e a transforma\u00e7\u00e3o do sistema de governan\u00e7a global.<\/p>\n<p>Em rela\u00e7\u00e3o \u00e0 reforma do Conselho de Seguran\u00e7a da ONU, h\u00e1 um compromisso em ampliar o n\u00famero de membros e melhorar a representatividade de na\u00e7\u00f5es da Am\u00e9rica Latina, \u00c1sia-Pac\u00edfico e \u00c1frica. \u201cIntensificaremos os nossos esfor\u00e7os no quadro das negocia\u00e7\u00f5es intergovernamentais sobre a reforma do Conselho de Seguran\u00e7a, como uma quest\u00e3o priorit\u00e1ria e sem demora\u201d, destaca o documento, entre suas a\u00e7\u00f5es.<\/p>\n<p>Outra a\u00e7\u00e3o do documento \u00e9 a reforma da arquitetura de financiamento internacional. \u201cVamos acelerar a reforma da arquitetura do sistema financeiro para que ela possa atender ao desafio urgente das mudan\u00e7as clim\u00e1ticas\u201d.<\/p>\n<p>O fortalecimento de a\u00e7\u00f5es para combater as mudan\u00e7as clim\u00e1ticas, ali\u00e1s, \u00e9 outra das a\u00e7\u00f5es previstas no Plano. \u201cEstamos profundamente preocupados com o atual ritmo lento de progresso no combate \u00e0s mudan\u00e7as clim\u00e1ticas. Estamos igualmente profundamente preocupados com o crescimento cont\u00ednuo das emiss\u00f5es de gases de efeito estufa e reconhecemos a import\u00e2ncia dos meios de implementa\u00e7\u00e3o e apoio aos pa\u00edses em desenvolvimento, e a crescente frequ\u00eancia, intensidade e escala dos impactos adversos das mudan\u00e7as clim\u00e1ticas, em particular nos pa\u00edses em desenvolvimento, especialmente aqueles que s\u00e3o particularmente vulner\u00e1veis aos efeitos adversos das mudan\u00e7as clim\u00e1ticas\u201d, diz o texto.<\/p>\n<p>Leia o texto <a href=\"https:\/\/documents.un.org\/doc\/undoc\/ltd\/n24\/252\/92\/pdf\/n2425292.pdf\" rel=\"noopener\">em espanhol<\/a>\u00a0ou <a href=\"https:\/\/documents.un.org\/doc\/undoc\/ltd\/n24\/252\/89\/pdf\/n2425289.pdf\" rel=\"noopener\">em ingl\u00eas<\/a>.<\/p>\n<\/p><\/div>\n<p><br \/>\n<br \/><a href=\"https:\/\/agenciabrasil.ebc.com.br\/internacional\/noticia\/2024-09\/lideres-mundiais-adotam-pacto-com-56-acoes-para-o-futuro-do-planeta\" rel=\"noopener\">Ag\u00eancia Brasil <\/a><\/p>\n","protected":false},"excerpt":{"rendered":"<p>L\u00edderes da maioria dos pa\u00edses reunidos na C\u00fapula do Futuro, da Organiza\u00e7\u00e3o das Na\u00e7\u00f5es Unidas (ONU), em Nova York, nos Estados Unidos, assinaram um documento com 56 a\u00e7\u00f5es para o futuro do planeta, neste domingo (22). De acordo com a ONU, o documento foi adotado por consenso, com apenas sete pa\u00edses resistindo \u00e0 aprova\u00e7\u00e3o do [&hellip;]<\/p>\n","protected":false},"author":1,"featured_media":14651,"comment_status":"open","ping_status":"open","sticky":false,"template":"","format":"standard","meta":{"_jetpack_newsletter_access":"","_jetpack_dont_email_post_to_subs":false,"_jetpack_newsletter_tier_id":0,"_jetpack_memberships_contains_paywalled_content":false,"_mbp_banners":[],"_jetpack_feature_clip_id":0,"_jetpack_memberships_contains_paid_content":false,"footnotes":"","jetpack_publicize_message":"","jetpack_publicize_feature_enabled":true,"jetpack_social_post_already_shared":true,"jetpack_social_options":{"image_generator_settings":{"template":"highway","default_image_id":0,"font":"","enabled":false},"version":2},"jetpack_post_was_ever_published":false},"categories":[25],"tags":[],"class_list":["post-14650","post","type-post","status-publish","format-standard","has-post-thumbnail","category-internacional"],"jetpack_publicize_connections":[],"jetpack-related-posts":[],"jetpack_shortlink":"https:\/\/wp.me\/p7Eq1F-3Oi","jetpack_sharing_enabled":true,"jetpack_featured_media_url":"https:\/\/i0.wp.com\/guialimeira.com.br\/news\/wp-content\/uploads\/2024\/09\/54013558978_24bc746676_z.jpg?fit=1600%2C800&ssl=1","_links":{"self":[{"href":"https:\/\/guialimeira.com.br\/news\/wp-json\/wp\/v2\/posts\/14650","targetHints":{"allow":["GET"]}}],"collection":[{"href":"https:\/\/guialimeira.com.br\/news\/wp-json\/wp\/v2\/posts"}],"about":[{"href":"https:\/\/guialimeira.com.br\/news\/wp-json\/wp\/v2\/types\/post"}],"author":[{"embeddable":true,"href":"https:\/\/guialimeira.com.br\/news\/wp-json\/wp\/v2\/users\/1"}],"replies":[{"embeddable":true,"href":"https:\/\/guialimeira.com.br\/news\/wp-json\/wp\/v2\/comments?post=14650"}],"version-history":[{"count":0,"href":"https:\/\/guialimeira.com.br\/news\/wp-json\/wp\/v2\/posts\/14650\/revisions"}],"wp:featuredmedia":[{"embeddable":true,"href":"https:\/\/guialimeira.com.br\/news\/wp-json\/wp\/v2\/media\/14651"}],"wp:attachment":[{"href":"https:\/\/guialimeira.com.br\/news\/wp-json\/wp\/v2\/media?parent=14650"}],"wp:term":[{"taxonomy":"category","embeddable":true,"href":"https:\/\/guialimeira.com.br\/news\/wp-json\/wp\/v2\/categories?post=14650"},{"taxonomy":"post_tag","embeddable":true,"href":"https:\/\/guialimeira.com.br\/news\/wp-json\/wp\/v2\/tags?post=14650"}],"curies":[{"name":"wp","href":"https:\/\/api.w.org\/{rel}","templated":true}]}}