{"id":14565,"date":"2024-09-20T17:25:29","date_gmt":"2024-09-20T20:25:29","guid":{"rendered":"https:\/\/guialimeira.com.br\/2024\/09\/20\/comissao-define-status-do-brasil-em-relacao-ao-sarampo-em-novembro\/"},"modified":"2024-09-20T17:25:29","modified_gmt":"2024-09-20T20:25:29","slug":"comissao-define-status-do-brasil-em-relacao-ao-sarampo-em-novembro","status":"publish","type":"post","link":"https:\/\/guialimeira.com.br\/news\/comissao-define-status-do-brasil-em-relacao-ao-sarampo-em-novembro\/","title":{"rendered":"Comiss\u00e3o define status do Brasil em rela\u00e7\u00e3o ao sarampo em novembro"},"content":{"rendered":"<p> <br \/>\n<\/p>\n<div>\n<p>O Brasil recebe no dia\u00a04 de novembro\u00a0a Comiss\u00e3o Regional de Monitoramento e Verifica\u00e7\u00e3o da Elimina\u00e7\u00e3o do Sarampo, da Rub\u00e9ola e S\u00edndrome da Rub\u00e9ola Cong\u00eanita nas Am\u00e9ricas. Esta ser\u00e1 a quarta reuni\u00e3o em solo brasileiro do grupo, criado pela Organiza\u00e7\u00e3o Mundial da Sa\u00fade (OMS) para monitorar a situa\u00e7\u00e3o das doen\u00e7as no continente. O encontro, em Bras\u00edlia, deve definir, especificamente, o status brasileiro em rela\u00e7\u00e3o ao sarampo.\u00a0<img data-recalc-dims=\"1\" decoding=\"async\" src=\"https:\/\/i0.wp.com\/agenciabrasil.ebc.com.br\/ebc.png?w=696&#038;ssl=1\" style=\"width:1px; height:1px; display:inline;\"\/><img data-recalc-dims=\"1\" decoding=\"async\" src=\"https:\/\/i0.wp.com\/agenciabrasil.ebc.com.br\/ebc.gif?w=696&#038;ssl=1\" style=\"width:1px; height:1px; display:inline;\"\/><\/p>\n<p>Em 2016, o pa\u00eds havia sido certificado como livre do sarampo. O registro de diversos casos importados associados a baixas coberturas vacinais, entretanto, levaram a um novo surto da doen\u00e7a em 2018. Desde ent\u00e3o, o Brasil busca, em parceria com a Organiza\u00e7\u00e3o Pan-Americana da Sa\u00fade (Opas), fortalecer e integrar a\u00e7\u00f5es de vigil\u00e2ncia epidemiol\u00f3gica, laborat\u00f3rio, vacina\u00e7\u00e3o, aten\u00e7\u00e3o prim\u00e1ria, comunica\u00e7\u00e3o e mobiliza\u00e7\u00e3o social e comunit\u00e1ria.<\/p>\n<p>A previs\u00e3o, de acordo com o Minist\u00e9rio da Sa\u00fade, \u00e9 que a comiss\u00e3o permane\u00e7a no pa\u00eds at\u00e9\u00a06 de novembro. Durante a 26\u00aa\u00a0Jornada Nacional de Imuniza\u00e7\u00f5es, no\u00a0Recife, o diretor do Programa Nacional de Imuniza\u00e7\u00f5es (PNI), Eder Gatti, disse estar otimista diante da possibilidade de recertifica\u00e7\u00e3o do Brasil como \u00e1rea livre do sarampo.<\/p>\n<p>\u201cConseguir a recertifica\u00e7\u00e3o \u00e9 algo muito poss\u00edvel\u201d, avaliou, ao citar que o pa\u00eds \u201cavan\u00e7ou\u201d de categoria em 2023, passando de end\u00eamico para pendente de reverifica\u00e7\u00e3o.<\/p>\n<p>Dados da pasta mostram que, em 2018, com a reintrodu\u00e7\u00e3o do v\u00edrus, o pa\u00eds contabilizou 9.329 casos de sarampo em 11 estados. No ano seguinte, o cen\u00e1rio se agravou, totalizando 21.704 casos em 23 estados e levando \u00e0 perda do certificado.<\/p>\n<p>Em 2020, 8.035 casos foram registrados em 21 estados. No ano seguinte, foram 670 casos em seis estados. Por fim, em 2021, o Brasil registrou 41 casos em quatro estados, sendo o \u00faltimo no dia\u00a05 de junho, no Amap\u00e1.\u00a0<\/p>\n<p>De l\u00e1 para c\u00e1, nenhum caso aut\u00f3ctone (proveniente de transmiss\u00e3o local) de sarampo foi identificado no Brasil.<\/p>\n<p>Segundo o minist\u00e9rio, dois casos importados da doen\u00e7a foram identificados este ano &#8211; um no Rio Grande do Sul e um em Minas Gerais. O cen\u00e1rio permite dizer que o pa\u00eds est\u00e1 h\u00e1 dois anos sem a confirma\u00e7\u00e3o de casos end\u00eamicos e, portanto, sem a circula\u00e7\u00e3o do v\u00edrus, o que abriria caminho para a recertifica\u00e7\u00e3o.\u00a0<\/p>\n<p>A comiss\u00e3o regional fez recomenda\u00e7\u00f5es ao pa\u00eds no ano passado. Segundo o diretor Minist\u00e9rio da Sa\u00fade, foram cumpridas as seguintes:\u00a0\u00a0<\/p>\n<p>&#8211;\u00a0concluir atividades de microplanejamento para melhorar os n\u00edveis de imunidade da popula\u00e7\u00e3o;<\/p>\n<p>&#8211; intensificar de forma urgente atividades de vacina\u00e7\u00e3o em estados e munic\u00edpios de alto risco e que registraram surtos anteriores;<\/p>\n<p>&#8211; modernizar os sistemas de informa\u00e7\u00e3o sobre vacina\u00e7\u00e3o e vigil\u00e2ncia de casos;<\/p>\n<p>&#8211; e treinar profissionais de sa\u00fade estaduais e municipais em conceitos b\u00e1sicos de vigil\u00e2ncia, busca ativa e resposta r\u00e1pida ao sarampo.<\/p>\n<p>Ainda de acordo com o diretor do PNI, a pasta deve publicar em outubro uma atualiza\u00e7\u00e3o do plano\u00a0de a\u00e7\u00e3o relacionado \u00e0 doen\u00e7a, que deixa de mirar na interrup\u00e7\u00e3o da circula\u00e7\u00e3o do v\u00edrus no pa\u00eds e passa a priorizar a reverifica\u00e7\u00e3o do sarampo e tamb\u00e9m a sustentabilidade da elimina\u00e7\u00e3o da rub\u00e9ola no Brasil.<\/p>\n<p>Outra a\u00e7\u00e3o destacada por Gatti\u00a0\u00e9 a institui\u00e7\u00e3o do Dia S, um dia de mobiliza\u00e7\u00e3o nacional para vacina\u00e7\u00e3o e busca ativa de casos de sarampo.<\/p>\n<p>\u201cA busca pela\u00a0elimina\u00e7\u00e3o do sarampo n\u00e3o envolve s\u00f3 vacinar. H\u00e1 todo um processo de vigil\u00e2ncia que a gente precisa organizar\u201d, disse, ao citar desafios n\u00e3o apenas para alcan\u00e7ar a recertifica\u00e7\u00e3o de pa\u00eds livre da doen\u00e7a, como tamb\u00e9m para a manuten\u00e7\u00e3o dessa nova certifica\u00e7\u00e3o, de forma que o cen\u00e1rio de 2018 n\u00e3o se repita.\u00a0<\/p>\n<p><em>*A rep\u00f3rter viajou a convite da Sociedade Brasileira de Imuniza\u00e7\u00f5es (SBIm).<\/em><\/p>\n<\/p><\/div>\n<p><br \/>\n<br \/><a href=\"https:\/\/agenciabrasil.ebc.com.br\/saude\/noticia\/2024-09\/comiss%C3%A3o-define-status-do-brasil-em-relacao-ao-sarampo-em-novembro\" rel=\"noopener\">Ag\u00eancia Brasil <\/a><\/p>\n","protected":false},"excerpt":{"rendered":"<p>O Brasil recebe no dia\u00a04 de novembro\u00a0a Comiss\u00e3o Regional de Monitoramento e Verifica\u00e7\u00e3o da Elimina\u00e7\u00e3o do Sarampo, da Rub\u00e9ola e S\u00edndrome da Rub\u00e9ola Cong\u00eanita nas Am\u00e9ricas. Esta ser\u00e1 a quarta reuni\u00e3o em solo brasileiro do grupo, criado pela Organiza\u00e7\u00e3o Mundial da Sa\u00fade (OMS) para monitorar a situa\u00e7\u00e3o das doen\u00e7as no continente. O encontro, em Bras\u00edlia, [&hellip;]<\/p>\n","protected":false},"author":1,"featured_media":7642,"comment_status":"open","ping_status":"open","sticky":false,"template":"","format":"standard","meta":{"_jetpack_newsletter_access":"","_jetpack_dont_email_post_to_subs":false,"_jetpack_newsletter_tier_id":0,"_jetpack_memberships_contains_paywalled_content":false,"_mbp_banners":[],"_jetpack_feature_clip_id":0,"_jetpack_memberships_contains_paid_content":false,"footnotes":"","jetpack_publicize_message":"","jetpack_publicize_feature_enabled":true,"jetpack_social_post_already_shared":true,"jetpack_social_options":{"image_generator_settings":{"template":"highway","default_image_id":0,"font":"","enabled":false},"version":2},"jetpack_post_was_ever_published":false},"categories":[15],"tags":[],"class_list":["post-14565","post","type-post","status-publish","format-standard","has-post-thumbnail","category-saude"],"jetpack_publicize_connections":[],"jetpack-related-posts":[],"jetpack_shortlink":"https:\/\/wp.me\/p7Eq1F-3MV","jetpack_sharing_enabled":true,"jetpack_featured_media_url":"https:\/\/i0.wp.com\/guialimeira.com.br\/news\/wp-content\/uploads\/2024\/06\/campanha_estadual_do_dia_d_de_vacinacao_contra_o_sarampo_no_rio20200201_0133.jpg?fit=1600%2C800&ssl=1","_links":{"self":[{"href":"https:\/\/guialimeira.com.br\/news\/wp-json\/wp\/v2\/posts\/14565","targetHints":{"allow":["GET"]}}],"collection":[{"href":"https:\/\/guialimeira.com.br\/news\/wp-json\/wp\/v2\/posts"}],"about":[{"href":"https:\/\/guialimeira.com.br\/news\/wp-json\/wp\/v2\/types\/post"}],"author":[{"embeddable":true,"href":"https:\/\/guialimeira.com.br\/news\/wp-json\/wp\/v2\/users\/1"}],"replies":[{"embeddable":true,"href":"https:\/\/guialimeira.com.br\/news\/wp-json\/wp\/v2\/comments?post=14565"}],"version-history":[{"count":0,"href":"https:\/\/guialimeira.com.br\/news\/wp-json\/wp\/v2\/posts\/14565\/revisions"}],"wp:featuredmedia":[{"embeddable":true,"href":"https:\/\/guialimeira.com.br\/news\/wp-json\/wp\/v2\/media\/7642"}],"wp:attachment":[{"href":"https:\/\/guialimeira.com.br\/news\/wp-json\/wp\/v2\/media?parent=14565"}],"wp:term":[{"taxonomy":"category","embeddable":true,"href":"https:\/\/guialimeira.com.br\/news\/wp-json\/wp\/v2\/categories?post=14565"},{"taxonomy":"post_tag","embeddable":true,"href":"https:\/\/guialimeira.com.br\/news\/wp-json\/wp\/v2\/tags?post=14565"}],"curies":[{"name":"wp","href":"https:\/\/api.w.org\/{rel}","templated":true}]}}