{"id":14541,"date":"2024-09-20T10:18:34","date_gmt":"2024-09-20T13:18:34","guid":{"rendered":"https:\/\/guialimeira.com.br\/2024\/09\/20\/vacinas-combate-as-fake-news-deve-focar-em-quem-tem-duvidas-diz-opas\/"},"modified":"2024-09-20T10:18:34","modified_gmt":"2024-09-20T13:18:34","slug":"vacinas-combate-as-fake-news-deve-focar-em-quem-tem-duvidas-diz-opas","status":"publish","type":"post","link":"https:\/\/guialimeira.com.br\/news\/vacinas-combate-as-fake-news-deve-focar-em-quem-tem-duvidas-diz-opas\/","title":{"rendered":"Vacinas: combate \u00e0s fake news deve focar em quem tem d\u00favidas, diz Opas"},"content":{"rendered":"<p> <br \/>\n<\/p>\n<div>\n<p>O combate \u00e0s <em>fake news<\/em> envolvendo vacina\u00e7\u00e3o, sobretudo nas redes sociais, deve ter como foco quem tem d\u00favidas sobre a efic\u00e1cia e a seguran\u00e7a das doses e n\u00e3o quem espalha boatos e not\u00edcias falsas. \u00c9 o que defende a representante da Organiza\u00e7\u00e3o Pan-Americana da Sa\u00fade (Opas) no Brasil, Socorro Gross.\u00a0<img data-recalc-dims=\"1\" decoding=\"async\" src=\"https:\/\/i0.wp.com\/agenciabrasil.ebc.com.br\/ebc.png?w=696&#038;ssl=1\" style=\"width:1px; height:1px; display:inline;\"\/><img data-recalc-dims=\"1\" decoding=\"async\" src=\"https:\/\/i0.wp.com\/agenciabrasil.ebc.com.br\/ebc.gif?w=696&#038;ssl=1\" style=\"width:1px; height:1px; display:inline;\"\/><\/p>\n<p>\u201cTemos que trabalhar muito, e temos que trabalhar juntos, contra essas pessoas [que espalham<em> fake news<\/em>], sabendo que n\u00e3o v\u00e3o mudar. Mas h\u00e1 um outro grupo de pessoas. E s\u00e3o pessoas com quem ainda podemos falar porque t\u00eam d\u00favidas\u201d, disse Socorro, ao participar da 26\u00aa Jornada Nacional de Imuniza\u00e7\u00f5es, no Recife.\u00a0<\/p>\n<p>\u201cSomos mais os que acreditam que as vacinas d\u00e3o certo. Alguns dizem que vacinas n\u00e3o s\u00e3o boas. Estes s\u00e3o poucos, mas eles falam muito. E isso chega pelas redes sociais\u201d, destacou Socorro. \u201cPor isso, temos que falar com as pessoas que ainda podemos mudar porque t\u00eam d\u00favidas. Elas precisam de informa\u00e7\u00e3o que d\u00e1 certo.\u201d<\/p>\n<p>Para a representante da Opas no Brasil, o pa\u00eds vive o que chamou de \u201cmomento de virada\u201d no que diz respeito \u00e0 vacina\u00e7\u00e3o. \u201cJ\u00e1 se mostrou, ao mundo todo, que \u00e9 poss\u00edvel, quando se tem decis\u00e3o pol\u00edtica e coordena\u00e7\u00e3o. Que d\u00e1 certo\u201d, disse, ao destacar que o Brasil, recentemente, deixou de integrar a lista dos 20 pa\u00edses com mais crian\u00e7as n\u00e3o vacinadas.\u00a0<\/p>\n<p>\u201cO Brasil tem elevado suas coberturas vacinais como nenhum outro pa\u00eds tem feito e mostra, novamente, a for\u00e7a proveniente da uni\u00e3o, em meio a adversidades, de institui\u00e7\u00f5es que se juntam para cuidar de todos\u201d, concluiu, destacando que a Opas segue como parceira do governo e de institui\u00e7\u00f5es brasileiras nesse processo.<\/p>\n<p><em>*A rep\u00f3rter viajou a convite da Sociedade Brasileira de Imuniza\u00e7\u00f5es (SBIm)<\/em><\/p>\n<\/p><\/div>\n<p><br \/>\n<br \/><a href=\"https:\/\/agenciabrasil.ebc.com.br\/saude\/noticia\/2024-09\/vacinas-combate-fake-news-deve-focar-em-quem-tem-duvidas-diz-opas\" rel=\"noopener\">Ag\u00eancia Brasil <\/a><\/p>\n","protected":false},"excerpt":{"rendered":"<p>O combate \u00e0s fake news envolvendo vacina\u00e7\u00e3o, sobretudo nas redes sociais, deve ter como foco quem tem d\u00favidas sobre a efic\u00e1cia e a seguran\u00e7a das doses e n\u00e3o quem espalha boatos e not\u00edcias falsas. \u00c9 o que defende a representante da Organiza\u00e7\u00e3o Pan-Americana da Sa\u00fade (Opas) no Brasil, Socorro Gross.\u00a0 \u201cTemos que trabalhar muito, e [&hellip;]<\/p>\n","protected":false},"author":1,"featured_media":14542,"comment_status":"open","ping_status":"open","sticky":false,"template":"","format":"standard","meta":{"_jetpack_newsletter_access":"","_jetpack_dont_email_post_to_subs":false,"_jetpack_newsletter_tier_id":0,"_jetpack_memberships_contains_paywalled_content":false,"_mbp_banners":[],"_jetpack_feature_clip_id":0,"_jetpack_memberships_contains_paid_content":false,"footnotes":"","jetpack_publicize_message":"","jetpack_publicize_feature_enabled":true,"jetpack_social_post_already_shared":true,"jetpack_social_options":{"image_generator_settings":{"template":"highway","default_image_id":0,"font":"","enabled":false},"version":2},"jetpack_post_was_ever_published":false},"categories":[15],"tags":[],"class_list":["post-14541","post","type-post","status-publish","format-standard","has-post-thumbnail","category-saude"],"jetpack_publicize_connections":[],"jetpack-related-posts":[],"jetpack_shortlink":"https:\/\/wp.me\/p7Eq1F-3Mx","jetpack_sharing_enabled":true,"jetpack_featured_media_url":"https:\/\/i0.wp.com\/guialimeira.com.br\/news\/wp-content\/uploads\/2024\/09\/img_3764.jpg?fit=1600%2C800&ssl=1","_links":{"self":[{"href":"https:\/\/guialimeira.com.br\/news\/wp-json\/wp\/v2\/posts\/14541","targetHints":{"allow":["GET"]}}],"collection":[{"href":"https:\/\/guialimeira.com.br\/news\/wp-json\/wp\/v2\/posts"}],"about":[{"href":"https:\/\/guialimeira.com.br\/news\/wp-json\/wp\/v2\/types\/post"}],"author":[{"embeddable":true,"href":"https:\/\/guialimeira.com.br\/news\/wp-json\/wp\/v2\/users\/1"}],"replies":[{"embeddable":true,"href":"https:\/\/guialimeira.com.br\/news\/wp-json\/wp\/v2\/comments?post=14541"}],"version-history":[{"count":0,"href":"https:\/\/guialimeira.com.br\/news\/wp-json\/wp\/v2\/posts\/14541\/revisions"}],"wp:featuredmedia":[{"embeddable":true,"href":"https:\/\/guialimeira.com.br\/news\/wp-json\/wp\/v2\/media\/14542"}],"wp:attachment":[{"href":"https:\/\/guialimeira.com.br\/news\/wp-json\/wp\/v2\/media?parent=14541"}],"wp:term":[{"taxonomy":"category","embeddable":true,"href":"https:\/\/guialimeira.com.br\/news\/wp-json\/wp\/v2\/categories?post=14541"},{"taxonomy":"post_tag","embeddable":true,"href":"https:\/\/guialimeira.com.br\/news\/wp-json\/wp\/v2\/tags?post=14541"}],"curies":[{"name":"wp","href":"https:\/\/api.w.org\/{rel}","templated":true}]}}