{"id":1454,"date":"2024-04-11T17:41:52","date_gmt":"2024-04-11T20:41:52","guid":{"rendered":"https:\/\/guialimeira.com.br\/2024\/04\/11\/concurso-unificado-candidatos-saberao-local-de-provas-em-25-de-abril\/"},"modified":"2024-04-11T17:41:52","modified_gmt":"2024-04-11T20:41:52","slug":"concurso-unificado-candidatos-saberao-local-de-provas-em-25-de-abril","status":"publish","type":"post","link":"https:\/\/guialimeira.com.br\/news\/concurso-unificado-candidatos-saberao-local-de-provas-em-25-de-abril\/","title":{"rendered":"Concurso Unificado: candidatos saber\u00e3o local de provas em 25 de abril"},"content":{"rendered":"<p> <br \/>\n<\/p>\n<div>\n<div class=\"dnd-widget-wrapper context-cheio_8colunas type-image\">\n<div class=\"dnd-atom-rendered\"><!-- scald=367709:cheio_8colunas {\"additionalClasses\":\"\"} --><\/p>\n<div class=\"shadow overflow-hidden rounded-lg d-block w-100\">\n            <img data-recalc-dims=\"1\" decoding=\"async\" src=\"https:\/\/i0.wp.com\/agenciabrasil.ebc.com.br\/sites\/default\/files\/thumbnails\/image\/loading_v2.gif?w=696&#038;ssl=1\" data-echo=\"https:\/\/imagens.ebc.com.br\/nPpQosdIw5KNHBtfqOzkuE5tlfg=\/754x0\/smart\/https:\/\/agenciabrasil.ebc.com.br\/sites\/default\/files\/thumbnails\/image\/banner_concuros_unificado_copy.jpg?itok=e0RmCp5M\" alt=\"Banner Concurso Unificado. Foto: Arte\/EBC\" title=\"Arte\/EBC\" class=\"flex-fill img-cover\"\/><br \/>\n        <img data-recalc-dims=\"1\" decoding=\"async\" src=\"https:\/\/i0.wp.com\/imagens.ebc.com.br\/nPpQosdIw5KNHBtfqOzkuE5tlfg%3D\/754x0\/smart\/https%3A\/\/agenciabrasil.ebc.com.br\/sites\/default\/files\/thumbnails\/image\/banner_concuros_unificado_copy.jpg?w=696&#038;ssl=1\" alt=\"Banner Concurso Unificado. Foto: Arte\/EBC\" title=\"Arte\/EBC\" class=\"flex-fill img-cover\"\/>\n    <\/div>\n<p><!-- END scald=367709 --><\/div>\n<\/div>\n<p>A ministra da Gest\u00e3o e da Inova\u00e7\u00e3o em Servi\u00e7os P\u00fablicos (MGI), Esther Dweck, disse, nesta quinta-feira (11), que a partir de 25 de abril, os 2,144 milh\u00f5es de inscritos do Concurso P\u00fablico Nacional Unificado (CNPU) poder\u00e3o ver no Cart\u00e3o de Confirma\u00e7\u00e3o de Inscri\u00e7\u00e3o o local onde far\u00e3o as provas nos per\u00edodos da manh\u00e3 e tarde, de 5 de maio.<img data-recalc-dims=\"1\" decoding=\"async\" src=\"https:\/\/i0.wp.com\/agenciabrasil.ebc.com.br\/ebc.png?w=696&#038;ssl=1\" style=\"width:1px; height:1px; display:inline;\"\/><img data-recalc-dims=\"1\" decoding=\"async\" src=\"https:\/\/i0.wp.com\/agenciabrasil.ebc.com.br\/ebc.gif?w=696&#038;ssl=1\" style=\"width:1px; height:1px; display:inline;\"\/><\/p>\n<p>O Cart\u00e3o de Confirma\u00e7\u00e3o de Inscri\u00e7\u00e3o ser\u00e1 disponibilizado online, pela plataforma <a href=\"http:\/\/Gov.br\" target=\"_blank\" rel=\"noopener\">Gov.br<\/a>., na p\u00e1gina do candidato, pela Funda\u00e7\u00e3o Cesgranrio, a banca organizadora. O documento individual, com n\u00famero de Inscri\u00e7\u00e3o, comprova a regularidade da inscri\u00e7\u00e3o do candidato que pagou a taxa de inscri\u00e7\u00e3o.\u00a0 Ao acess\u00e1-lo, o candidato poder\u00e1 ter\u00a0informa\u00e7\u00f5es como endere\u00e7o do local\u00a0e n\u00famero da sala onde ser\u00e3o\u00a0aplicadas as provas, hor\u00e1rio de abertura e fechamento dos port\u00f5es; orienta\u00e7\u00f5es gerais para a realiza\u00e7\u00e3o das avalia\u00e7\u00f5es; e dados sobre tratamento diferenciado para realiza\u00e7\u00e3o das provas, como quest\u00e3o de acessibilidade, para pessoas com defici\u00eancia (PcD). O cart\u00e3o de inscri\u00e7\u00e3o n\u00e3o ser\u00e1 enviado para a casa dos candidatos.<\/p>\n<p>As declara\u00e7\u00f5es da ministra foram dadas em entrevista ao programa\u00a0<em>Bom Dia, Ministra<\/em>, produzido pelo\u00a0<strong>Canal Gov<\/strong>,\u00a0da <strong>Empresa Brasil de Comunica\u00e7\u00e3o<\/strong> (<strong>EBC)<\/strong>, nesta quinta-feira (11). \u201c\u00c9 superimportante que as pessoas n\u00e3o deixem para a \u00faltima hora para ver isso, para que elas possam saber onde v\u00e3o fazer a prova. Se elas ainda n\u00e3o conhecem o local, a gente recomenda que v\u00e1 antes para conhecer, ver como \u00e9 que chega, quanto tempo demora de casa.\u201d ressalta a ministra.<\/p>\n<blockquote>\n<p>\u201cO mais importante \u00e9 chegar cedo para n\u00e3o ter aquela cena de Indiana Jones e ter que se jogar embaixo do port\u00e3o\u201d,\u00a0recomenda aos candidatos a ministra do MGI, Esther Dweck.<\/p>\n<\/blockquote>\n<p>Entre os dias 25 de abril e 4 de maio, v\u00e9spera do concurso, a Cesgranrio prestar\u00e1 atendimento aos candidatos com d\u00favidas sobre os locais de provas, vagas reservadas ou tratamento diferenciado durante a aplica\u00e7\u00e3o das avalia\u00e7\u00f5es, entre outras situa\u00e7\u00f5es.<\/p>\n<h2>Localidades<\/h2>\n<p>\u00a0Ao todo, <a href=\"https:\/\/www.gov.br\/gestao\/pt-br\/assuntos\/noticias\/2024\/abril\/aumenta-para-228-o-numero-de-municipios-onde-serao-aplicadas-as-provas-do-concurso-publico-nacional\/cpnu_inscritos-por-cidade.pdf\" target=\"_blank\" rel=\"noopener\">228 munic\u00edpios<\/a>\u00a0espalhados em todos os estados, mais o Distrito Federal, v\u00e3o sediar as provas do certame. Foram selecionadas cidades com mais de 100 mil habitantes. O local escrito no cart\u00e3o do candidato deve ser o mesmo escolhido a no ato de inscri\u00e7\u00e3o. Em caso de erro na identifica\u00e7\u00e3o da cidade, a ministra orienta a comunica\u00e7\u00e3o imediata do problema \u00e0 empresa contratada para organizar o concurso para que a localidade seja corrigida.<\/p>\n<p>A ministra alerta, no entanto, que a cidade escolhida n\u00e3o poder\u00e1 ser alterada e brincou. \u201cPor conta do show da Madonna, tem gente querendo fazer a prova no Rio. Quem n\u00e3o escolheu o Rio, n\u00e3o vai poder trocar para fazer a prova l\u00e1, no domingo. Ent\u00e3o, tem que fazer no local onde escolheu. S\u00f3 pode corrigir, caso o local que ela escolheu n\u00e3o seja o que esteja l\u00e1. Mas, isso n\u00e3o tende a acontecer\u201d.<\/p>\n<p>Se, em 25 de abril, portanto, dez dias antes da realiza\u00e7\u00e3o das provas do CNPU, algum candidato n\u00e3o conseguir acessar o Cart\u00e3o de Confirma\u00e7\u00e3o de Inscri\u00e7\u00e3o, a orienta\u00e7\u00e3o do minist\u00e9rio \u00e9 que entre em contato, com brevidade, diretamente com a Funda\u00e7\u00e3o Cesgranrio por e-mail (cpnu@cesgranrio.org.br\u00a0) ou pelo telefone de suporte das 9h \u00e0s 17h:\u00a00800 701 2028.<\/p>\n<h2>Log\u00edstica a seguran\u00e7a<\/h2>\n<p>Durante a entrevista, a ministra ainda destacou o apoio de intelig\u00eancia, log\u00edstico e de seguran\u00e7a para a efetiva realiza\u00e7\u00e3o das provas do chamado\u00a0Enem dos Concursos.<\/p>\n<p>Os procedimentos de organiza\u00e7\u00e3o e seguran\u00e7a do concurso unificado ser\u00e3o parecidos com os adotados durante a aplica\u00e7\u00e3o do Exame Nacional do Ensino M\u00e9dio (Enem).<\/p>\n<p>O esquema de seguran\u00e7a foi elaborado pela Ag\u00eancia Brasileira de Intelig\u00eancia (Abin) e contar\u00e1 com o acompanhamento operacional do Minist\u00e9rio da Justi\u00e7a e Seguran\u00e7a P\u00fablica, por meio da das Pol\u00edcias Federal (PF) e Rodovi\u00e1ria Federal (PRF), For\u00e7a Nacional, da Casa Civil da Presid\u00eancia da Rep\u00fablica, al\u00e9m dos \u00f3rg\u00e3os locais das secretarias estaduais de seguran\u00e7a p\u00fablica, como as pol\u00edcias militar, civil e do corpo de bombeiros.<\/p>\n<p>Em alguns locais, haver\u00e1 detectores de metal e de pontos eletr\u00f4nicos, que t\u00eam uso proibido durante as provas, sob pena de pris\u00e3o do candidato que cometer a irregularidade. Durante a realiza\u00e7\u00e3o do concurso, a organiza\u00e7\u00e3o recolher\u00e1, em sala, a biometria de todos os candidatos para garantir evitar fraudes. \u00a0<\/p>\n<p>A previs\u00e3o da organiza\u00e7\u00e3o do concurso \u00e9 de que a distribui\u00e7\u00e3o dos cadernos de provas objetivas, \u00a0discursiva e de reda\u00e7\u00e3o seja iniciada com 48 horas de anteced\u00eancia \u00e0s provas.<\/p>\n<p>O processo de distribui\u00e7\u00e3o das provas do certame\u00a0contar\u00e1 com o apoio dos Correios. \u00a0A vigil\u00e2ncia dos cadernos de provas ocorrer\u00e1 durante a guarda do material, entrega nas salas de provas, at\u00e9 a devolu\u00e7\u00e3o \u00e0 Cesgranrio para a corre\u00e7\u00e3o.<\/p>\n<h2>Concurso unificado<\/h2>\n<p>O Concurso Nacional Unificado tem 2,144 milh\u00f5es de inscritos confirmados (pagantes e isentos). As mulheres s\u00e3o maioria dos candidatos, 56%.<\/p>\n<p>Juntos, todos os candidatos disputar\u00e3o 6.640 vagas em 21 \u00f3rg\u00e3os federais. A remunera\u00e7\u00e3o inicial \u00e9 de at\u00e9 R$ 22,9 mil.<\/p>\n<\/p><\/div>\n<p><br \/>\n<br \/><a href=\"https:\/\/agenciabrasil.ebc.com.br\/geral\/noticia\/2024-04\/concurso-unificado-candidatos-saberao-local-de-provas-em-25-de-abril\" rel=\"noopener\">Ag\u00eancia Brasil<\/a><\/p>\n","protected":false},"excerpt":{"rendered":"<p>A ministra da Gest\u00e3o e da Inova\u00e7\u00e3o em Servi\u00e7os P\u00fablicos (MGI), Esther Dweck, disse, nesta quinta-feira (11), que a partir de 25 de abril, os 2,144 milh\u00f5es de inscritos do Concurso P\u00fablico Nacional Unificado (CNPU) poder\u00e3o ver no Cart\u00e3o de Confirma\u00e7\u00e3o de Inscri\u00e7\u00e3o o local onde far\u00e3o as provas nos per\u00edodos da manh\u00e3 e tarde, [&hellip;]<\/p>\n","protected":false},"author":1,"featured_media":1455,"comment_status":"open","ping_status":"open","sticky":false,"template":"","format":"standard","meta":{"_jetpack_newsletter_access":"","_jetpack_dont_email_post_to_subs":false,"_jetpack_newsletter_tier_id":0,"_jetpack_memberships_contains_paywalled_content":false,"_mbp_banners":[],"_jetpack_feature_clip_id":0,"_jetpack_memberships_contains_paid_content":false,"footnotes":"","jetpack_publicize_message":"","jetpack_publicize_feature_enabled":true,"jetpack_social_post_already_shared":true,"jetpack_social_options":{"image_generator_settings":{"template":"highway","default_image_id":0,"font":"","enabled":false},"version":2},"jetpack_post_was_ever_published":false},"categories":[1],"tags":[],"class_list":["post-1454","post","type-post","status-publish","format-standard","has-post-thumbnail","category-geral"],"jetpack_publicize_connections":[],"jetpack-related-posts":[],"jetpack_shortlink":"https:\/\/wp.me\/p7Eq1F-ns","jetpack_sharing_enabled":true,"jetpack_featured_media_url":"https:\/\/i0.wp.com\/guialimeira.com.br\/news\/wp-content\/uploads\/2024\/04\/selo_home_concurso_unificado_copy.jpg?fit=1600%2C800&ssl=1","_links":{"self":[{"href":"https:\/\/guialimeira.com.br\/news\/wp-json\/wp\/v2\/posts\/1454","targetHints":{"allow":["GET"]}}],"collection":[{"href":"https:\/\/guialimeira.com.br\/news\/wp-json\/wp\/v2\/posts"}],"about":[{"href":"https:\/\/guialimeira.com.br\/news\/wp-json\/wp\/v2\/types\/post"}],"author":[{"embeddable":true,"href":"https:\/\/guialimeira.com.br\/news\/wp-json\/wp\/v2\/users\/1"}],"replies":[{"embeddable":true,"href":"https:\/\/guialimeira.com.br\/news\/wp-json\/wp\/v2\/comments?post=1454"}],"version-history":[{"count":0,"href":"https:\/\/guialimeira.com.br\/news\/wp-json\/wp\/v2\/posts\/1454\/revisions"}],"wp:featuredmedia":[{"embeddable":true,"href":"https:\/\/guialimeira.com.br\/news\/wp-json\/wp\/v2\/media\/1455"}],"wp:attachment":[{"href":"https:\/\/guialimeira.com.br\/news\/wp-json\/wp\/v2\/media?parent=1454"}],"wp:term":[{"taxonomy":"category","embeddable":true,"href":"https:\/\/guialimeira.com.br\/news\/wp-json\/wp\/v2\/categories?post=1454"},{"taxonomy":"post_tag","embeddable":true,"href":"https:\/\/guialimeira.com.br\/news\/wp-json\/wp\/v2\/tags?post=1454"}],"curies":[{"name":"wp","href":"https:\/\/api.w.org\/{rel}","templated":true}]}}