{"id":14497,"date":"2024-09-19T14:59:29","date_gmt":"2024-09-19T17:59:29","guid":{"rendered":"https:\/\/guialimeira.com.br\/2024\/09\/19\/anticorpo-para-recem-nascido-e-promessa-no-combate-ao-virus-sincicial\/"},"modified":"2024-09-19T14:59:29","modified_gmt":"2024-09-19T17:59:29","slug":"anticorpo-para-recem-nascido-e-promessa-no-combate-ao-virus-sincicial","status":"publish","type":"post","link":"https:\/\/guialimeira.com.br\/news\/anticorpo-para-recem-nascido-e-promessa-no-combate-ao-virus-sincicial\/","title":{"rendered":"Anticorpo para rec\u00e9m-nascido \u00e9 promessa no combate ao v\u00edrus sincicial"},"content":{"rendered":"<p> <br \/>\n<\/p>\n<div>\n<p>O v\u00edrus sincicial respirat\u00f3rio (VSR) figura atualmente como uma das principais causas de infec\u00e7\u00e3o das vias respirat\u00f3rias entre rec\u00e9m-nascidos e ao longo dos primeiros meses de vida. No Brasil, o v\u00edrus costumava circular com maior intensidade no outono e no inverno. Mas, desde 2023, o pa\u00eds registra aumento no n\u00famero de hospitaliza\u00e7\u00f5es infantis fora de \u00e9poca ocasionadas pela infec\u00e7\u00e3o.<img data-recalc-dims=\"1\" decoding=\"async\" src=\"https:\/\/i0.wp.com\/agenciabrasil.ebc.com.br\/ebc.png?w=696&#038;ssl=1\" style=\"width:1px; height:1px; display:inline;\"\/><img data-recalc-dims=\"1\" decoding=\"async\" src=\"https:\/\/i0.wp.com\/agenciabrasil.ebc.com.br\/ebc.gif?w=696&#038;ssl=1\" style=\"width:1px; height:1px; display:inline;\"\/><\/p>\n<p>A infectologista e virologista Nancy Bellei, que atua como consultora para o Minist\u00e9rio da Sa\u00fade e a Organiza\u00e7\u00e3o Mundial de Sa\u00fade (OMS), alerta que, em muitos casos, o v\u00edrus \u00e9 transmitido a rec\u00e9m-nascidos e beb\u00eas pequenos por irm\u00e3os em idade escolar. \u201cNa pandemia de covid-19, fechou tudo, e a carga da doen\u00e7a diminui muito. Depois, quando as coisas reabriram, as pessoas come\u00e7am a se reinfectar de novo. A gente se reinfecta com VSR a vida toda.\u201d<\/p>\n<p>\u201cPrecisamos de estrat\u00e9gias passivas para proteger esses beb\u00eas, que s\u00e3o mais vulner\u00e1veis a desfechos graves pelo v\u00edrus\u201d, disse. Uma das promessas, segundo ela, \u00e9 o anticorpo monoclonal nirsevimabe, no formato injet\u00e1vel e em dose \u00fanica, indicado para rec\u00e9m-nascidos prematuros ou a termo e para beb\u00eas de at\u00e9 12 meses. J\u00e1 autorizado para uso pela Ag\u00eancia Nacional de Vigil\u00e2ncia Sanit\u00e1ria (Anvisa), o medicamento deve chegar ao pa\u00eds nos pr\u00f3ximos dias.<\/p>\n<p>Num primeiro momento, a proposta \u00e9 que o monoclonal seja administrado no in\u00edcio da primeira temporada de VSR do beb\u00ea. Alguns profissionais de sa\u00fade, entretanto, defendem que o medicamento esteja dispon\u00edvel ao longo de todo o ano. \u201cTemos quase um ter\u00e7o dos casos fora da chamada sazonalidade. Na minha opini\u00e3o, a indica\u00e7\u00e3o do monoclonal n\u00e3o deveria ser sazonal\u201d, avaliou o presidente do Departamento de Infectologia da Sociedade Brasileira de Pediatria, Marco Aur\u00e9lio Safadi.<\/p>\n<p>\u201cOutra gest\u00e3o \u00e9 um h\u00e1bito espec\u00edfico do brasileiro. Nasce o beb\u00ea, vai toda a galera que conhece a m\u00e3e, v\u00e3o os amigos de futebol do pai. Todos v\u00e3o visitar o beb\u00ea. Fazem aquela festa na maternidade. E o rec\u00e9m-nascido \u00e9 um indiv\u00edduo que precisa de muita prote\u00e7\u00e3o. A melhor estrat\u00e9gia para uma doen\u00e7a que j\u00e1 come\u00e7a a ser grave no primeiro dia \u00e9 mesmo a imuniza\u00e7\u00e3o passiva.\u201d<\/p>\n<h2>Entenda<\/h2>\n<p>Diferentemente da vacina, que se classifica como imuniza\u00e7\u00e3o ativa, o anticorpo monoclonal figura como imuniza\u00e7\u00e3o passiva porque j\u00e1 entrega ao paciente a defesa de que ele necessita. Na pr\u00e1tica, enquanto a vacina exige que o organismo reaja para produzir anticorpos, o anticorpo monoclonal \u00e9 introduzido prontamente ao organismo, al\u00e9m de causar menos rea\u00e7\u00f5es adversas.<\/p>\n<p>*A rep\u00f3rter viajou a convite da Sociedade Brasileira de Imuniza\u00e7\u00f5es (SBIm)<\/p>\n<\/p><\/div>\n<p><br \/>\n<br \/><a href=\"https:\/\/agenciabrasil.ebc.com.br\/saude\/noticia\/2024-09\/anticorpo-para-recem-nascido-e-promessa-no-combate-ao-virus-sincicial\" rel=\"noopener\">Ag\u00eancia Brasil <\/a><\/p>\n","protected":false},"excerpt":{"rendered":"<p>O v\u00edrus sincicial respirat\u00f3rio (VSR) figura atualmente como uma das principais causas de infec\u00e7\u00e3o das vias respirat\u00f3rias entre rec\u00e9m-nascidos e ao longo dos primeiros meses de vida. No Brasil, o v\u00edrus costumava circular com maior intensidade no outono e no inverno. Mas, desde 2023, o pa\u00eds registra aumento no n\u00famero de hospitaliza\u00e7\u00f5es infantis fora de [&hellip;]<\/p>\n","protected":false},"author":1,"featured_media":10366,"comment_status":"open","ping_status":"open","sticky":false,"template":"","format":"standard","meta":{"_jetpack_newsletter_access":"","_jetpack_dont_email_post_to_subs":false,"_jetpack_newsletter_tier_id":0,"_jetpack_memberships_contains_paywalled_content":false,"_mbp_banners":[],"_jetpack_feature_clip_id":0,"_jetpack_memberships_contains_paid_content":false,"footnotes":"","jetpack_publicize_message":"","jetpack_publicize_feature_enabled":true,"jetpack_social_post_already_shared":true,"jetpack_social_options":{"image_generator_settings":{"template":"highway","default_image_id":0,"font":"","enabled":false},"version":2},"jetpack_post_was_ever_published":false},"categories":[15],"tags":[],"class_list":["post-14497","post","type-post","status-publish","format-standard","has-post-thumbnail","category-saude"],"jetpack_publicize_connections":[],"jetpack-related-posts":[],"jetpack_shortlink":"https:\/\/wp.me\/p7Eq1F-3LP","jetpack_sharing_enabled":true,"jetpack_featured_media_url":"https:\/\/i0.wp.com\/guialimeira.com.br\/news\/wp-content\/uploads\/2024\/07\/bebe_0.jpg?fit=1600%2C800&ssl=1","_links":{"self":[{"href":"https:\/\/guialimeira.com.br\/news\/wp-json\/wp\/v2\/posts\/14497","targetHints":{"allow":["GET"]}}],"collection":[{"href":"https:\/\/guialimeira.com.br\/news\/wp-json\/wp\/v2\/posts"}],"about":[{"href":"https:\/\/guialimeira.com.br\/news\/wp-json\/wp\/v2\/types\/post"}],"author":[{"embeddable":true,"href":"https:\/\/guialimeira.com.br\/news\/wp-json\/wp\/v2\/users\/1"}],"replies":[{"embeddable":true,"href":"https:\/\/guialimeira.com.br\/news\/wp-json\/wp\/v2\/comments?post=14497"}],"version-history":[{"count":0,"href":"https:\/\/guialimeira.com.br\/news\/wp-json\/wp\/v2\/posts\/14497\/revisions"}],"wp:featuredmedia":[{"embeddable":true,"href":"https:\/\/guialimeira.com.br\/news\/wp-json\/wp\/v2\/media\/10366"}],"wp:attachment":[{"href":"https:\/\/guialimeira.com.br\/news\/wp-json\/wp\/v2\/media?parent=14497"}],"wp:term":[{"taxonomy":"category","embeddable":true,"href":"https:\/\/guialimeira.com.br\/news\/wp-json\/wp\/v2\/categories?post=14497"},{"taxonomy":"post_tag","embeddable":true,"href":"https:\/\/guialimeira.com.br\/news\/wp-json\/wp\/v2\/tags?post=14497"}],"curies":[{"name":"wp","href":"https:\/\/api.w.org\/{rel}","templated":true}]}}