{"id":14491,"date":"2024-09-19T10:55:43","date_gmt":"2024-09-19T13:55:43","guid":{"rendered":"https:\/\/guialimeira.com.br\/2024\/09\/19\/evento-em-sao-paulo-discute-saude-digital\/"},"modified":"2024-09-19T10:55:43","modified_gmt":"2024-09-19T13:55:43","slug":"evento-em-sao-paulo-discute-saude-digital","status":"publish","type":"post","link":"https:\/\/guialimeira.com.br\/news\/evento-em-sao-paulo-discute-saude-digital\/","title":{"rendered":"Evento em S\u00e3o Paulo discute sa\u00fade digital"},"content":{"rendered":"<p> <br \/>\n<\/p>\n<div>\n<p>Um evento que acontece nesta quinta-feira (19), na capital paulista, vai discutir a sa\u00fade digital no Brasil. O F\u00f3rum de Sa\u00fade Digital Presente e Futuro vai debater as principais tend\u00eancias e inova\u00e7\u00f5es tecnol\u00f3gicas que est\u00e3o revolucionando o setor da sa\u00fade, como o uso de intelig\u00eancia artificial generativa no setor da sa\u00fade. O encontro contar\u00e1 com a participa\u00e7\u00e3o de Ana Estela Haddad, secret\u00e1ria de Informa\u00e7\u00e3o e Sa\u00fade Digital do Brasil, que vai encerrar o evento falando sobre o futuro da sa\u00fade.<img data-recalc-dims=\"1\" decoding=\"async\" src=\"https:\/\/i0.wp.com\/agenciabrasil.ebc.com.br\/ebc.png?w=696&#038;ssl=1\" style=\"width:1px; height:1px; display:inline;\"\/><img data-recalc-dims=\"1\" decoding=\"async\" src=\"https:\/\/i0.wp.com\/agenciabrasil.ebc.com.br\/ebc.gif?w=696&#038;ssl=1\" style=\"width:1px; height:1px; display:inline;\"\/><\/p>\n<p>O f\u00f3rum \u00e9 promovido pelo Informa Markets, pelo Sindicato de Hospitais, Cl\u00ednicas, Laborat\u00f3rios e Estabelecimentos de Sa\u00fade no Estado de S\u00e3o Paulo (SindHosp) e pela Federa\u00e7\u00e3o dos Hospitais, Cl\u00ednicas, Laborat\u00f3rios e Estabelecimentos de Sa\u00fade do Estado de S\u00e3o Paulo (FEHOESP) e acontece dentro do <em>Healthcare Innovation Show <\/em>(HIS), na S\u00e3o Paulo Expo, entre 14h30 e 17h30.<\/p>\n<p>O painel de abertura, por sua vez, vai tratar sobre os desafios para o futuro da sa\u00fade digital, tema que ser\u00e1 discutidos por Fabio Baccheretti Vitor, presidente do Conselho Nacional de Secret\u00e1rios de Sa\u00fade (Conass) e Mauro Junqueira, secret\u00e1rio-executivo do Conselho Nacional de Secretarias municipais de Sa\u00fade (Conasems). No segundo painel, a discuss\u00e3o \u00e9 sobre os avan\u00e7os da sa\u00fade digital no Brasil.<\/p>\n<p>Durante o <em>Healthcare Innovation Show<\/em> (HIS), ser\u00e1 lan\u00e7ado o Guia de A\u00e7\u00f5es Munic\u00edpios Saud\u00e1veis \u2013 Transformando Comunidades, Cuidando de Pessoas, que re\u00fane propostas para a sa\u00fade digital e para uma melhor gest\u00e3o e organiza\u00e7\u00e3o do sistema de sa\u00fade das cidades. O <a href=\"https:\/\/sindhosp.org.br\/\" target=\"_blank\" rel=\"noopener\">guia<\/a>, que ficar\u00e1 dispon\u00edvel no <em>site<\/em> do SindHosp, ser\u00e1 entregue a todos os gestores p\u00fablicos e candidatos \u00e0s prefeituras dos 645 munic\u00edpios paulistas.<\/p>\n<p>\u00a0<\/p>\n<p>\u00a0<\/p>\n<\/p><\/div>\n<p><br \/>\n<br \/><a href=\"https:\/\/agenciabrasil.ebc.com.br\/saude\/noticia\/2024-09\/evento-em-sao-paulo-discute-saude-digital\" rel=\"noopener\">Ag\u00eancia Brasil <\/a><\/p>\n","protected":false},"excerpt":{"rendered":"<p>Um evento que acontece nesta quinta-feira (19), na capital paulista, vai discutir a sa\u00fade digital no Brasil. O F\u00f3rum de Sa\u00fade Digital Presente e Futuro vai debater as principais tend\u00eancias e inova\u00e7\u00f5es tecnol\u00f3gicas que est\u00e3o revolucionando o setor da sa\u00fade, como o uso de intelig\u00eancia artificial generativa no setor da sa\u00fade. O encontro contar\u00e1 com [&hellip;]<\/p>\n","protected":false},"author":1,"featured_media":269,"comment_status":"open","ping_status":"open","sticky":false,"template":"","format":"standard","meta":{"_jetpack_newsletter_access":"","_jetpack_dont_email_post_to_subs":false,"_jetpack_newsletter_tier_id":0,"_jetpack_memberships_contains_paywalled_content":false,"_mbp_banners":[],"_jetpack_feature_clip_id":0,"_jetpack_memberships_contains_paid_content":false,"footnotes":"","jetpack_publicize_message":"","jetpack_publicize_feature_enabled":true,"jetpack_social_post_already_shared":true,"jetpack_social_options":{"image_generator_settings":{"template":"highway","default_image_id":0,"font":"","enabled":false},"version":2},"jetpack_post_was_ever_published":false},"categories":[15],"tags":[],"class_list":["post-14491","post","type-post","status-publish","format-standard","has-post-thumbnail","category-saude"],"jetpack_publicize_connections":[],"jetpack-related-posts":[],"jetpack_shortlink":"https:\/\/wp.me\/p7Eq1F-3LJ","jetpack_sharing_enabled":true,"jetpack_featured_media_url":"https:\/\/i0.wp.com\/guialimeira.com.br\/news\/wp-content\/uploads\/2024\/03\/thumb_1200x600_agbrasil.png?fit=1200%2C600&ssl=1","_links":{"self":[{"href":"https:\/\/guialimeira.com.br\/news\/wp-json\/wp\/v2\/posts\/14491","targetHints":{"allow":["GET"]}}],"collection":[{"href":"https:\/\/guialimeira.com.br\/news\/wp-json\/wp\/v2\/posts"}],"about":[{"href":"https:\/\/guialimeira.com.br\/news\/wp-json\/wp\/v2\/types\/post"}],"author":[{"embeddable":true,"href":"https:\/\/guialimeira.com.br\/news\/wp-json\/wp\/v2\/users\/1"}],"replies":[{"embeddable":true,"href":"https:\/\/guialimeira.com.br\/news\/wp-json\/wp\/v2\/comments?post=14491"}],"version-history":[{"count":0,"href":"https:\/\/guialimeira.com.br\/news\/wp-json\/wp\/v2\/posts\/14491\/revisions"}],"wp:featuredmedia":[{"embeddable":true,"href":"https:\/\/guialimeira.com.br\/news\/wp-json\/wp\/v2\/media\/269"}],"wp:attachment":[{"href":"https:\/\/guialimeira.com.br\/news\/wp-json\/wp\/v2\/media?parent=14491"}],"wp:term":[{"taxonomy":"category","embeddable":true,"href":"https:\/\/guialimeira.com.br\/news\/wp-json\/wp\/v2\/categories?post=14491"},{"taxonomy":"post_tag","embeddable":true,"href":"https:\/\/guialimeira.com.br\/news\/wp-json\/wp\/v2\/tags?post=14491"}],"curies":[{"name":"wp","href":"https:\/\/api.w.org\/{rel}","templated":true}]}}