{"id":14481,"date":"2024-09-19T09:05:39","date_gmt":"2024-09-19T12:05:39","guid":{"rendered":"https:\/\/guialimeira.com.br\/?p=14481"},"modified":"2024-09-19T09:05:41","modified_gmt":"2024-09-19T12:05:41","slug":"suzano-e-conservacao-internacional-se-unem-para-promover-a-restauracao-e-conservacao-de-biomas-brasileiros","status":"publish","type":"post","link":"https:\/\/guialimeira.com.br\/news\/suzano-e-conservacao-internacional-se-unem-para-promover-a-restauracao-e-conservacao-de-biomas-brasileiros\/","title":{"rendered":"Suzano e Conserva\u00e7\u00e3o Internacional se unem para promover a restaura\u00e7\u00e3o e conserva\u00e7\u00e3o de biomas brasileiros"},"content":{"rendered":"\n<p class=\"wp-block-paragraph\"><em>Parceria visa mobilizar organiza\u00e7\u00f5es privadas e p\u00fablicas para impulsionar agenda em prol da biodiversidade e do desenvolvimento socioecon\u00f4mico<\/em><\/p>\n\n\n\n<p class=\"wp-block-paragraph\">A&nbsp;<strong>Suzano<\/strong>, maior produtora mundial de celulose e refer\u00eancia global na fabrica\u00e7\u00e3o de bioprodutos desenvolvidos a partir de eucalipto, e a Conserva\u00e7\u00e3o Internacional (CI-Brasil), organiza\u00e7\u00e3o ambiental que trabalha para promover o bem-estar humano por meio do cuidado respons\u00e1vel com a natureza, se unem para promover a restaura\u00e7\u00e3o e conserva\u00e7\u00e3o de biomas brasileiros, com foco na Amaz\u00f4nia, Cerrado e Mata Atl\u00e2ntica. No \u00e2mbito desta parceria, as organiza\u00e7\u00f5es ir\u00e3o somar esfor\u00e7os para alavancar a conserva\u00e7\u00e3o de biodiversidade, a restaura\u00e7\u00e3o de ecossistemas, e o desenvolvimento socioecon\u00f4mico para as comunidades que vivem em \u00e1reas estrat\u00e9gicas e priorit\u00e1rias nos biomas relacionados.<\/p>\n\n\n\n<p class=\"wp-block-paragraph\">A coopera\u00e7\u00e3o prev\u00ea o estabelecimento de um comit\u00ea conjunto para definir estrat\u00e9gias e articular parcerias para fortalecer essas agendas em \u00e2mbito nacional. As organiza\u00e7\u00f5es ir\u00e3o colaborar na mobiliza\u00e7\u00e3o de recursos p\u00fablicos e privados para implementar projetos relacionados a esses eixos tem\u00e1ticos, tendo como base as melhores pr\u00e1ticas cient\u00edficas de conserva\u00e7\u00e3o e restaura\u00e7\u00e3o para dar qualidade, escala e velocidade \u00e0s a\u00e7\u00f5es empregadas, maximizando os benef\u00edcios para o clima, biodiversidade e comunidades locais.<\/p>\n\n\n\n<p class=\"wp-block-paragraph\">Essa iniciativa contribui com um dos compromissos de combate \u00e0 crise clim\u00e1tica e perda da biodiversidade assumidos pela Suzano, o de conectar meio milh\u00e3o de hectares de \u00e1reas priorit\u00e1rias para a conserva\u00e7\u00e3o da biodiversidade nos biomas do Cerrado, da Mata Atl\u00e2ntica e da Amaz\u00f4nia at\u00e9 2030 atrav\u00e9s da implanta\u00e7\u00e3o de corredores ecol\u00f3gicos. &nbsp;&nbsp;<\/p>\n\n\n\n<p class=\"wp-block-paragraph\">\u201cEm 2020, assumimos o compromisso de conectar blocos de fragmentos de vegeta\u00e7\u00e3o nativa remanescentes nos tr\u00eas biomas onde temos atua\u00e7\u00e3o, contribuindo para a revers\u00e3o da perda hist\u00f3rica da biodiversidade em \u00e1reas priorit\u00e1rias. Esse ambicioso compromisso vai al\u00e9m das nossas \u00e1reas, engajando outros atores do territ\u00f3rio nas agendas de restaura\u00e7\u00e3o e conserva\u00e7\u00e3o dos ecossistemas\u2019\u2019, diz Marina Negrisoli, Diretora de Sustentabilidade da Suzano.&nbsp;\u2018\u2019Unir esfor\u00e7os e parcerias com organiza\u00e7\u00f5es que est\u00e3o conectadas \u00e0s nossas estrat\u00e9gias potencializa o impacto de nossas a\u00e7\u00f5es, apoiando positivamente a melhoria da qualidade de vida das pessoas e o combate \u00e0 crise clim\u00e1tica\u2019\u2019, conclui Marina.&nbsp; A Suzano possui uma \u00e1rea de atua\u00e7\u00e3o de aproximadamente 2,7 milh\u00f5es de hectares, sendo mais de 1,1 milh\u00e3o dedicados \u00e0 conserva\u00e7\u00e3o.&nbsp;<\/p>\n\n\n\n<p class=\"wp-block-paragraph\">Contribuir com a cria\u00e7\u00e3o de condi\u00e7\u00f5es para a conserva\u00e7\u00e3o e restaura\u00e7\u00e3o de ecossistemas cr\u00edticos \u00e9 um dos objetivos da CI-Brasil, que busca promover a restaura\u00e7\u00e3o de mais de 100 mil hectares no pa\u00eds at\u00e9 2025, com a meta de&nbsp;500 mil hectares at\u00e9 2030. Para alcan\u00e7ar essa meta, a organiza\u00e7\u00e3o atua em parceria com a sociedade civil, governos e setor privado, reconhecendo que a colabora\u00e7\u00e3o \u00e9 essencial para enfrentar os desafios e implementar solu\u00e7\u00f5es com escala e velocidade.<\/p>\n\n\n\n<p class=\"wp-block-paragraph\">\u201cA colabora\u00e7\u00e3o entre CI-Brasil e Suzano busca endere\u00e7ar as crises clim\u00e1tica e de perda da biodiversidade por meio da gera\u00e7\u00e3o de conhecimento e engajamento de atores chaves na promo\u00e7\u00e3o de iniciativas de restaura\u00e7\u00e3o em regi\u00f5es cr\u00edticas\u201d, explica Mauricio Bianco, Vice-Presidente da CI-Brasil. &#8220;A restaura\u00e7\u00e3o de paisagens, somada \u00e0 conserva\u00e7\u00e3o e manejo sustent\u00e1vel dos recursos naturais, representa pelo menos 30% das a\u00e7\u00f5es globais necess\u00e1rias para evitar os cen\u00e1rios clim\u00e1ticos mais cr\u00edticos, ao mesmo tempo que garante a conserva\u00e7\u00e3o da biodiversidade, gera oportunidades de trabalho e ajuda a sociedade a se adaptar aos efeitos da crise clim\u00e1tica que j\u00e1 est\u00e3o ocorrendo&#8221;, complementa.&nbsp;&nbsp;&nbsp;&nbsp;&nbsp;&nbsp;&nbsp;<\/p>\n\n\n\n<p class=\"wp-block-paragraph\">O acordo de coopera\u00e7\u00e3o da Suzano e CI-Brasil foi firmado no dia 10 de setembro, com assinatura de memorando de entendimento realizada na sede da Suzano em S\u00e3o Paulo. Trata-se de uma parceria a longo prazo, que tem como pr\u00f3ximo passo o desenvolvimento de um Plano de Trabalho com uma s\u00e9rie de a\u00e7\u00f5es a serem implementadas nos pr\u00f3ximos 5 anos.&nbsp;<\/p>\n\n\n\n<p class=\"wp-block-paragraph\"><strong><u>Sobre a Conserva\u00e7\u00e3o Internacional (CI-Brasil)<\/u><\/strong><\/p>\n\n\n\n<p class=\"wp-block-paragraph\">A\u00a0Conserva\u00e7\u00e3o Internacional (CI-Brasil)\u00a0\u00e9 uma organiza\u00e7\u00e3o sem fins lucrativos que usa ci\u00eancia, pol\u00edtica e parcerias para proteger a natureza da qual as pessoas dependem para obter alimentos, \u00e1gua doce e meios de subsist\u00eancia. Desde 1990 no Brasil, a Conserva\u00e7\u00e3o Internacional trabalha em mais de 30 pa\u00edses em seis continentes para garantir um planeta saud\u00e1vel e pr\u00f3spero, que sustenta a todos. Mais informa\u00e7\u00f5es:\u00a0<strong><u><a href=\"https:\/\/www.conservacao.org.br\/\" target=\"_blank\" rel=\"noreferrer noopener\">www.conservacao.org.br<\/a><\/u><\/strong><\/p>\n\n\n\n<p class=\"wp-block-paragraph\"><strong><br>Sobre a Suzano<\/strong><\/p>\n\n\n\n<p class=\"wp-block-paragraph\">A&nbsp;<strong><u><a href=\"http:\/\/www.suzano.com.br\/\" target=\"_blank\" rel=\"noreferrer noopener\">Suzano<\/a><\/u><\/strong>&nbsp;\u00e9 a maior produtora mundial de celulose, uma das maiores produtoras de pap\u00e9is da Am\u00e9rica Latina, l\u00edder no segmento de papel higi\u00eanico no Brasil e refer\u00eancia no desenvolvimento de solu\u00e7\u00f5es sustent\u00e1veis e inovadoras a partir de mat\u00e9ria-prima de fonte renov\u00e1vel. Nossos produtos e solu\u00e7\u00f5es est\u00e3o presentes na vida de mais de 2 bilh\u00f5es de pessoas, abastecem mais de 100 pa\u00edses e incluem celulose, pap\u00e9is para imprimir e escrever, pap\u00e9is para embalagens, copos e canudos, pap\u00e9is sanit\u00e1rios e produtos absorventes, al\u00e9m de novos bioprodutos desenvolvidos para atender a demanda global. A inova\u00e7\u00e3o e a sustentabilidade orientam nosso prop\u00f3sito de \u201cRenovar a vida a partir da \u00e1rvore\u201d e nosso trabalho no enfrentamento dos desafios da sociedade e do planeta. Com 100 anos de hist\u00f3ria, temos a\u00e7\u00f5es nas bolsas do Brasil (SUZB3) e dos Estados Unidos (SUZ). Saiba mais na p\u00e1gina&nbsp;<a href=\"http:\/\/www.suzano.com.br\/\" target=\"_blank\" rel=\"noreferrer noopener\">www.suzano.com.br<\/a><\/p>\n","protected":false},"excerpt":{"rendered":"<p>Parceria visa mobilizar organiza\u00e7\u00f5es privadas e p\u00fablicas para impulsionar agenda em prol da biodiversidade e do desenvolvimento socioecon\u00f4mico A&nbsp;Suzano, maior produtora mundial de celulose e refer\u00eancia global na fabrica\u00e7\u00e3o de bioprodutos desenvolvidos a partir de eucalipto, e a Conserva\u00e7\u00e3o Internacional (CI-Brasil), organiza\u00e7\u00e3o ambiental que trabalha para promover o bem-estar humano por meio do cuidado respons\u00e1vel [&hellip;]<\/p>\n","protected":false},"author":2,"featured_media":14482,"comment_status":"open","ping_status":"open","sticky":false,"template":"","format":"standard","meta":{"_jetpack_newsletter_access":"","_jetpack_dont_email_post_to_subs":false,"_jetpack_newsletter_tier_id":0,"_jetpack_memberships_contains_paywalled_content":false,"_mbp_banners":[],"_jetpack_feature_clip_id":0,"_jetpack_memberships_contains_paid_content":false,"footnotes":"","jetpack_publicize_message":"","jetpack_publicize_feature_enabled":true,"jetpack_social_post_already_shared":true,"jetpack_social_options":{"image_generator_settings":{"template":"highway","default_image_id":0,"font":"","enabled":false},"version":2},"jetpack_post_was_ever_published":false},"categories":[1],"tags":[],"class_list":["post-14481","post","type-post","status-publish","format-standard","has-post-thumbnail","category-geral"],"jetpack_publicize_connections":[],"jetpack-related-posts":[],"jetpack_shortlink":"https:\/\/wp.me\/p7Eq1F-3Lz","jetpack_sharing_enabled":true,"jetpack_featured_media_url":"https:\/\/i0.wp.com\/guialimeira.com.br\/news\/wp-content\/uploads\/2024\/09\/Parceira-Suzano-e-CI.png?fit=519%2C349&ssl=1","_links":{"self":[{"href":"https:\/\/guialimeira.com.br\/news\/wp-json\/wp\/v2\/posts\/14481","targetHints":{"allow":["GET"]}}],"collection":[{"href":"https:\/\/guialimeira.com.br\/news\/wp-json\/wp\/v2\/posts"}],"about":[{"href":"https:\/\/guialimeira.com.br\/news\/wp-json\/wp\/v2\/types\/post"}],"author":[{"embeddable":true,"href":"https:\/\/guialimeira.com.br\/news\/wp-json\/wp\/v2\/users\/2"}],"replies":[{"embeddable":true,"href":"https:\/\/guialimeira.com.br\/news\/wp-json\/wp\/v2\/comments?post=14481"}],"version-history":[{"count":1,"href":"https:\/\/guialimeira.com.br\/news\/wp-json\/wp\/v2\/posts\/14481\/revisions"}],"predecessor-version":[{"id":14483,"href":"https:\/\/guialimeira.com.br\/news\/wp-json\/wp\/v2\/posts\/14481\/revisions\/14483"}],"wp:featuredmedia":[{"embeddable":true,"href":"https:\/\/guialimeira.com.br\/news\/wp-json\/wp\/v2\/media\/14482"}],"wp:attachment":[{"href":"https:\/\/guialimeira.com.br\/news\/wp-json\/wp\/v2\/media?parent=14481"}],"wp:term":[{"taxonomy":"category","embeddable":true,"href":"https:\/\/guialimeira.com.br\/news\/wp-json\/wp\/v2\/categories?post=14481"},{"taxonomy":"post_tag","embeddable":true,"href":"https:\/\/guialimeira.com.br\/news\/wp-json\/wp\/v2\/tags?post=14481"}],"curies":[{"name":"wp","href":"https:\/\/api.w.org\/{rel}","templated":true}]}}