{"id":14461,"date":"2024-09-18T20:41:30","date_gmt":"2024-09-18T23:41:30","guid":{"rendered":"https:\/\/guialimeira.com.br\/2024\/09\/18\/internacoes-por-doencas-respiratorias-aumentam-quase-28\/"},"modified":"2024-09-18T20:41:30","modified_gmt":"2024-09-18T23:41:30","slug":"internacoes-por-doencas-respiratorias-aumentam-quase-28","status":"publish","type":"post","link":"https:\/\/guialimeira.com.br\/news\/internacoes-por-doencas-respiratorias-aumentam-quase-28\/","title":{"rendered":"Interna\u00e7\u00f5es por doen\u00e7as respirat\u00f3rias aumentam quase 28%"},"content":{"rendered":"<p> <br \/>\n<\/p>\n<div>\n<p>Levantamento feito em 27 hospitais p\u00fablicos e filantr\u00f3picos do pa\u00eds mostra que, de janeiro a agosto, as interna\u00e7\u00f5es causadas por doen\u00e7as respirat\u00f3rias aumentaram 27,6% em compara\u00e7\u00e3o ao mesmo per\u00edodo do ano passado. Em valores, as interna\u00e7\u00f5es custaram, em 2024, R$ 11 milh\u00f5es a mais do que o registrado no mesmo per\u00edodo de 2023. Os dados s\u00e3o da Planisa, empresa de gest\u00e3o hospitalar.<img data-recalc-dims=\"1\" decoding=\"async\" src=\"https:\/\/i0.wp.com\/agenciabrasil.ebc.com.br\/ebc.png?w=696&#038;ssl=1\" style=\"width:1px; height:1px; display:inline;\"\/><img data-recalc-dims=\"1\" decoding=\"async\" src=\"https:\/\/i0.wp.com\/agenciabrasil.ebc.com.br\/ebc.gif?w=696&#038;ssl=1\" style=\"width:1px; height:1px; display:inline;\"\/><\/p>\n<p>\u201cO aumento nos custos hospitalares \u00e9 significativo, indicando um impacto econ\u00f4mico consider\u00e1vel para os hospitais. O valor estimado de R$ 11 milh\u00f5es reflete a press\u00e3o financeira adicional que os hospitais enfrentam devido ao aumento das interna\u00e7\u00f5es e ao aumento nos custos di\u00e1rios de tratamento\u201d, destacou o especialista em gest\u00e3o de custos hospitalares e diretor de Servi\u00e7os da Planisa, Marcelo Carnielo.<\/p>\n<p>De acordo com o diretor, para administrar o n\u00famero maior de pacientes e a eleva\u00e7\u00e3o dos custos operacionais, os hospitais ter\u00e3o de investir em estrat\u00e9gias de preven\u00e7\u00e3o, como incentivar a vacina\u00e7\u00e3o contra doen\u00e7as respirat\u00f3rias e doen\u00e7as sazonais cujo aumento da\u00a0incid\u00eancia pode\u00a0estar relacionado\u00a0a condi\u00e7\u00f5es clim\u00e1ticas adversas.<\/p>\n<p>\u201c[Os hospitais dever\u00e3o] adaptar o planejamento para lidar com picos sazonais e eventos clim\u00e1ticos extremos, como otimizar a aloca\u00e7\u00e3o de leitos, pessoal e outros recursos, al\u00e9m de revisar e atualizar continuamente os protocolos e pr\u00e1ticas hospitalares\u201d, acrescentou.<\/p>\n<\/p><\/div>\n<p><br \/>\n<br \/><a href=\"https:\/\/agenciabrasil.ebc.com.br\/saude\/noticia\/2024-09\/internacoes-por-doencas-respiratorias-aumentam-quase-28\" rel=\"noopener\">Ag\u00eancia Brasil <\/a><\/p>\n","protected":false},"excerpt":{"rendered":"<p>Levantamento feito em 27 hospitais p\u00fablicos e filantr\u00f3picos do pa\u00eds mostra que, de janeiro a agosto, as interna\u00e7\u00f5es causadas por doen\u00e7as respirat\u00f3rias aumentaram 27,6% em compara\u00e7\u00e3o ao mesmo per\u00edodo do ano passado. Em valores, as interna\u00e7\u00f5es custaram, em 2024, R$ 11 milh\u00f5es a mais do que o registrado no mesmo per\u00edodo de 2023. Os dados [&hellip;]<\/p>\n","protected":false},"author":1,"featured_media":11527,"comment_status":"open","ping_status":"open","sticky":false,"template":"","format":"standard","meta":{"_jetpack_newsletter_access":"","_jetpack_dont_email_post_to_subs":false,"_jetpack_newsletter_tier_id":0,"_jetpack_memberships_contains_paywalled_content":false,"_mbp_banners":[],"_jetpack_feature_clip_id":0,"_jetpack_memberships_contains_paid_content":false,"footnotes":"","jetpack_publicize_message":"","jetpack_publicize_feature_enabled":true,"jetpack_social_post_already_shared":true,"jetpack_social_options":{"image_generator_settings":{"template":"highway","default_image_id":0,"font":"","enabled":false},"version":2},"jetpack_post_was_ever_published":false},"categories":[15],"tags":[],"class_list":["post-14461","post","type-post","status-publish","format-standard","has-post-thumbnail","category-saude"],"jetpack_publicize_connections":[],"jetpack-related-posts":[],"jetpack_shortlink":"https:\/\/wp.me\/p7Eq1F-3Lf","jetpack_sharing_enabled":true,"jetpack_featured_media_url":"https:\/\/i0.wp.com\/guialimeira.com.br\/news\/wp-content\/uploads\/2024\/08\/radiografia_de_torax_coronaviruscovid-19_hospital_sao_paulo1205200326.jpg?fit=1600%2C800&ssl=1","_links":{"self":[{"href":"https:\/\/guialimeira.com.br\/news\/wp-json\/wp\/v2\/posts\/14461","targetHints":{"allow":["GET"]}}],"collection":[{"href":"https:\/\/guialimeira.com.br\/news\/wp-json\/wp\/v2\/posts"}],"about":[{"href":"https:\/\/guialimeira.com.br\/news\/wp-json\/wp\/v2\/types\/post"}],"author":[{"embeddable":true,"href":"https:\/\/guialimeira.com.br\/news\/wp-json\/wp\/v2\/users\/1"}],"replies":[{"embeddable":true,"href":"https:\/\/guialimeira.com.br\/news\/wp-json\/wp\/v2\/comments?post=14461"}],"version-history":[{"count":0,"href":"https:\/\/guialimeira.com.br\/news\/wp-json\/wp\/v2\/posts\/14461\/revisions"}],"wp:featuredmedia":[{"embeddable":true,"href":"https:\/\/guialimeira.com.br\/news\/wp-json\/wp\/v2\/media\/11527"}],"wp:attachment":[{"href":"https:\/\/guialimeira.com.br\/news\/wp-json\/wp\/v2\/media?parent=14461"}],"wp:term":[{"taxonomy":"category","embeddable":true,"href":"https:\/\/guialimeira.com.br\/news\/wp-json\/wp\/v2\/categories?post=14461"},{"taxonomy":"post_tag","embeddable":true,"href":"https:\/\/guialimeira.com.br\/news\/wp-json\/wp\/v2\/tags?post=14461"}],"curies":[{"name":"wp","href":"https:\/\/api.w.org\/{rel}","templated":true}]}}