{"id":1446,"date":"2024-04-11T17:03:51","date_gmt":"2024-04-11T20:03:51","guid":{"rendered":"https:\/\/guialimeira.com.br\/2024\/04\/11\/opas-destaca-controle-do-numero-de-mortes-por-dengue-no-brasil\/"},"modified":"2024-04-11T17:03:51","modified_gmt":"2024-04-11T20:03:51","slug":"opas-destaca-controle-do-numero-de-mortes-por-dengue-no-brasil","status":"publish","type":"post","link":"https:\/\/guialimeira.com.br\/news\/opas-destaca-controle-do-numero-de-mortes-por-dengue-no-brasil\/","title":{"rendered":"Opas destaca controle do n\u00famero de mortes por dengue no Brasil"},"content":{"rendered":"<p> <br \/>\n<\/p>\n<div>\n<p>A Organiza\u00e7\u00e3o Pan-Americana da Sa\u00fade (Opas) destacou, em evento sobre arboviroses,\u00a0que o Brasil\u00a0tem controlado\u00a0o n\u00famero de mortes na atual epidemia de dengue. Apesar de j\u00e1 ter alcan\u00e7ado em 2024 quase o dobro da quantidade de casos de todo o ano passado, houve uma redu\u00e7\u00e3o proporcional no registro de \u00f3bitos. A Opas \u00e9 o bra\u00e7o da Organiza\u00e7\u00e3o Mundial da Sa\u00fade (OMS) nas Am\u00e9ricas.<img data-recalc-dims=\"1\" decoding=\"async\" src=\"https:\/\/i0.wp.com\/agenciabrasil.ebc.com.br\/ebc.png?w=696&#038;ssl=1\" style=\"width:1px; height:1px; display:inline;\"\/><img data-recalc-dims=\"1\" decoding=\"async\" src=\"https:\/\/i0.wp.com\/agenciabrasil.ebc.com.br\/ebc.gif?w=696&#038;ssl=1\" style=\"width:1px; height:1px; display:inline;\"\/><\/p>\n<p>\u201cEsse \u00e9 um ponto muito importante, ter um aumento de transmiss\u00e3o e n\u00e3o ter um aumento significativo de \u00f3bitos\u201d, avalia o especialista em arboviroses da representa\u00e7\u00e3o da Opas no Brasil, Carlos Melo. Arboviroses s\u00e3o doen\u00e7as causadas por v\u00edrus transmitidos, principalmente, por mosquitos, como o\u00a0<em>Aedes aegypti<\/em>, transmissor da dengue, zika e chikungunya.<\/p>\n<p>\u201cA gente n\u00e3o deve olhar unicamente a quest\u00e3o da transmiss\u00e3o e do n\u00famero de casos. A gente tem que ter um olhar para o \u00f3bito, que \u00e9 o primeiro objetivo no controle de uma epidemia, diminuir o n\u00famero de \u00f3bitos e depois diminuir casos graves\u201d, completou Melo, que participou nesta quinta-feira (11) de um semin\u00e1rio sobre arboviroses organizado pela Funda\u00e7\u00e3o Oswaldo Cruz (Fiocruz), no Rio de Janeiro.<\/p>\n<p>O encontro acontece no cen\u00e1rio em que o Brasil <a href=\"https:\/\/agenciabrasil.ebc.com.br\/saude\/noticia\/2024-04\/brasil-ja-tem-mais-de-3-milhoes-de-casos-de-dengue-em-2024\" target=\"_blank\" rel=\"noopener\">atinge 3,06 milh\u00f5es<\/a>\u00a0de casos prov\u00e1veis de dengue nas 14 primeiras semanas de 2024. O dado foi divulgado na quarta-feira (10). Isso representa 1.508 casos para cada mil habitantes. Em 2023, o pa\u00eds fechou o ano com 1,6 milh\u00e3o de registros totais.<\/p>\n<p>Segundo o Minist\u00e9rio da Sa\u00fade (MS), nove unidades federativas est\u00e3o com tend\u00eancia de queda no quantitativo de casos; 13 apresentam estabilidade; e cinco, tend\u00eancia de alta.<\/p>\n<p>J\u00e1 foram confirmadas 1,256 mortes por causa da dengue, enquanto 1.857 est\u00e3o sob investiga\u00e7\u00e3o. Isso representa uma letalidade sobre o total de casos prov\u00e1veis de 0,04% no ano. Em 2023, no mesmo per\u00edodo, o \u00edndice era de 0,07%.<\/p>\n<p>Em rela\u00e7\u00e3o ao total de casos graves, a letalidade \u00e9 de 4,21% em 2024 contra 5,22% em 2023.<\/p>\n<p>Carlos Melo atribui a redu\u00e7\u00e3o proporcional do n\u00famero de mortos ao conjunto de a\u00e7\u00f5es coordenadas pelo Minist\u00e9rio da Sa\u00fade, que inclui vacina\u00e7\u00e3o focada no p\u00fablico mais atingido por casos graves e a assist\u00eancia aos pacientes.<\/p>\n<h2>\u201cBala de prata\u201d<\/h2>\n<p>O representante da Opas afirma que n\u00e3o h\u00e1 uma solu\u00e7\u00e3o \u00fanica para mitigar ao m\u00e1ximo a epidemia de dengue. \u00c9 preciso, na vis\u00e3o dele, uma atua\u00e7\u00e3o em v\u00e1rias frentes, como vacina\u00e7\u00e3o, tecnologias cient\u00edficas, como os <a href=\"https:\/\/agenciabrasil.ebc.com.br\/saude\/noticia\/2024-04\/rio-faz-nova-soltura-de-mosquitos-usados-no-combate-dengue\" target=\"_blank\" rel=\"noopener\">mosquitos contaminados com a bact\u00e9ria Wolbachia<\/a>\u00a0&#8211; que impede a transmiss\u00e3o do v\u00edrus &#8211; e a\u00e7\u00f5es que combatam determinantes sociais.<\/p>\n<p>Entre os fatores sociais que contribuem para o avan\u00e7o da doen\u00e7a, ele cita falta de saneamento b\u00e1sico, abastecimento irregular e necessidade de armazenamento de \u00e1gua, urbaniza\u00e7\u00e3o n\u00e3o controlada, manejo inadequado de res\u00edduos s\u00f3lidos e a exist\u00eancia de cintur\u00f5es de pobreza nas grandes cidades, por exemplo.<\/p>\n<p>\u201cN\u00e3o acreditamos em uma \u2018bala de prata\u2019 para controlar a epidemia de dengue\u201d, declarou.<\/p>\n<h2>Vacina\u00e7\u00e3o<\/h2>\n<p>A coordenadora-geral de Vigil\u00e2ncia de Arboviroses do Minist\u00e9rio da Sa\u00fade, Livia Vinhal, concorda com a avalia\u00e7\u00e3o. \u201cA gente precisa trabalhar com o conjunto de estrat\u00e9gias que somadas poder\u00e3o, sim, impactar na redu\u00e7\u00e3o dos casos\u201d.<\/p>\n<p>L\u00edvia Vinhal entende que a vacina\u00e7\u00e3o colabora no enfrentamento da doen\u00e7a, mas acredita que os resultados poderiam ser melhores caso a imuniza\u00e7\u00e3o fosse feita com apenas uma dose.<\/p>\n<p>O Brasil usa a vacina Qdenga, produzido pelo laborat\u00f3rio japon\u00eas Takeda. A imuniza\u00e7\u00e3o se alcan\u00e7a com duas doses, com intervalo de 90 dias entre elas. A vacina \u00e9 segura, e o uso foi aprovado pela Ag\u00eancia Nacional de Vigil\u00e2ncia Sanit\u00e1ria (Anvisa).<\/p>\n<p>\u201cUma vacina que seja dose \u00fanica \u00e9 o ideal. A gente conseguiria fazer [a\u00e7\u00f5es preventivas], inclusive, em momentos de surto, como a gente pode fazer, por exemplo, para febre amarela\u201d.<\/p>\n<p>Uma preocupa\u00e7\u00e3o do governo brasileiro \u00e9 com a capacidade de produ\u00e7\u00e3o do laborat\u00f3rio Takeda. Segundo o Minist\u00e9rio da Sa\u00fade, o Brasil comprou praticamente toda a produ\u00e7\u00e3o do imunizante. Mesmo assim teve que limitar a aplica\u00e7\u00e3o para o p\u00fablico entre 10 e 14 anos de idade, faixa et\u00e1ria que concentra maior n\u00famero de hospitaliza\u00e7\u00f5es por dengue, atr\u00e1s apenas dos idosos.<\/p>\n<p>Com o aumento na oferta da Qdenga, a coordenadora Livia Vinhal espera resultados positivos no combate \u00e0 dengue.<\/p>\n<p>\u201cTendo uma vacina efetiva, segura e com grande capacidade de produ\u00e7\u00e3o, a gente pode, n\u00e3o a curto prazo como gostar\u00edamos, mas a m\u00e9dio e longo prazos vislumbrar mudan\u00e7as nesse cen\u00e1rio que a gente tem visto nos \u00faltimos anos\u201d, prev\u00ea.<\/p>\n<\/p><\/div>\n<p><br \/>\n<br \/><a href=\"https:\/\/agenciabrasil.ebc.com.br\/saude\/noticia\/2024-04\/opas-destaca-controle-do-numero-de-mortes-por-dengue-no-brasil\" rel=\"noopener\">Ag\u00eancia Brasil<\/a><\/p>\n","protected":false},"excerpt":{"rendered":"<p>A Organiza\u00e7\u00e3o Pan-Americana da Sa\u00fade (Opas) destacou, em evento sobre arboviroses,\u00a0que o Brasil\u00a0tem controlado\u00a0o n\u00famero de mortes na atual epidemia de dengue. Apesar de j\u00e1 ter alcan\u00e7ado em 2024 quase o dobro da quantidade de casos de todo o ano passado, houve uma redu\u00e7\u00e3o proporcional no registro de \u00f3bitos. A Opas \u00e9 o bra\u00e7o da [&hellip;]<\/p>\n","protected":false},"author":1,"featured_media":1447,"comment_status":"open","ping_status":"open","sticky":false,"template":"","format":"standard","meta":{"_jetpack_newsletter_access":"","_jetpack_dont_email_post_to_subs":false,"_jetpack_newsletter_tier_id":0,"_jetpack_memberships_contains_paywalled_content":false,"_mbp_banners":[],"_jetpack_feature_clip_id":0,"_jetpack_memberships_contains_paid_content":false,"footnotes":"","jetpack_publicize_message":"","jetpack_publicize_feature_enabled":true,"jetpack_social_post_already_shared":true,"jetpack_social_options":{"image_generator_settings":{"template":"highway","default_image_id":0,"font":"","enabled":false},"version":2},"jetpack_post_was_ever_published":false},"categories":[22],"tags":[],"class_list":["post-1446","post","type-post","status-publish","format-standard","has-post-thumbnail","category-nacional"],"jetpack_publicize_connections":[],"jetpack-related-posts":[],"jetpack_shortlink":"https:\/\/wp.me\/p7Eq1F-nk","jetpack_sharing_enabled":true,"jetpack_featured_media_url":"https:\/\/i0.wp.com\/guialimeira.com.br\/news\/wp-content\/uploads\/2024\/04\/img_9326.jpg?fit=1600%2C800&ssl=1","_links":{"self":[{"href":"https:\/\/guialimeira.com.br\/news\/wp-json\/wp\/v2\/posts\/1446","targetHints":{"allow":["GET"]}}],"collection":[{"href":"https:\/\/guialimeira.com.br\/news\/wp-json\/wp\/v2\/posts"}],"about":[{"href":"https:\/\/guialimeira.com.br\/news\/wp-json\/wp\/v2\/types\/post"}],"author":[{"embeddable":true,"href":"https:\/\/guialimeira.com.br\/news\/wp-json\/wp\/v2\/users\/1"}],"replies":[{"embeddable":true,"href":"https:\/\/guialimeira.com.br\/news\/wp-json\/wp\/v2\/comments?post=1446"}],"version-history":[{"count":0,"href":"https:\/\/guialimeira.com.br\/news\/wp-json\/wp\/v2\/posts\/1446\/revisions"}],"wp:featuredmedia":[{"embeddable":true,"href":"https:\/\/guialimeira.com.br\/news\/wp-json\/wp\/v2\/media\/1447"}],"wp:attachment":[{"href":"https:\/\/guialimeira.com.br\/news\/wp-json\/wp\/v2\/media?parent=1446"}],"wp:term":[{"taxonomy":"category","embeddable":true,"href":"https:\/\/guialimeira.com.br\/news\/wp-json\/wp\/v2\/categories?post=1446"},{"taxonomy":"post_tag","embeddable":true,"href":"https:\/\/guialimeira.com.br\/news\/wp-json\/wp\/v2\/tags?post=1446"}],"curies":[{"name":"wp","href":"https:\/\/api.w.org\/{rel}","templated":true}]}}