{"id":14451,"date":"2024-09-18T18:39:56","date_gmt":"2024-09-18T21:39:56","guid":{"rendered":"https:\/\/guialimeira.com.br\/2024\/09\/18\/prematuros-e-recem-nascidos-sao-grandes-alvos-do-rotavirus\/"},"modified":"2024-09-18T18:39:56","modified_gmt":"2024-09-18T21:39:56","slug":"prematuros-e-recem-nascidos-sao-grandes-alvos-do-rotavirus","status":"publish","type":"post","link":"https:\/\/guialimeira.com.br\/news\/prematuros-e-recem-nascidos-sao-grandes-alvos-do-rotavirus\/","title":{"rendered":"Prematuros e rec\u00e9m-nascidos s\u00e3o grandes alvos do rotav\u00edrus"},"content":{"rendered":"<p> <br \/>\n<\/p>\n<div>\n<p>O Programa Nacional de Imuniza\u00e7\u00f5es (PNI) do Minist\u00e9rio da Sa\u00fade prev\u00ea que a vacina contra o rotav\u00edrus seja aplicada em esquema de duas doses, aos 2 e aos 4 meses de vida. A doen\u00e7a infecta todas as crian\u00e7as, mas a imuniza\u00e7\u00e3o previne complica\u00e7\u00f5es e quadros graves. A estimativa \u00e9 que 40% das interna\u00e7\u00f5es por diarreia em menores de 5 anos de idade sejam causadas pela infec\u00e7\u00e3o, sendo que prematuros e rec\u00e9m-nascidos passaram a ser os grandes alvos.<img data-recalc-dims=\"1\" decoding=\"async\" src=\"https:\/\/i0.wp.com\/agenciabrasil.ebc.com.br\/ebc.png?w=696&#038;ssl=1\" style=\"width:1px; height:1px; display:inline;\"\/><img data-recalc-dims=\"1\" decoding=\"async\" src=\"https:\/\/i0.wp.com\/agenciabrasil.ebc.com.br\/ebc.gif?w=696&#038;ssl=1\" style=\"width:1px; height:1px; display:inline;\"\/><\/p>\n<p>O alerta foi feito nesta quarta-feira (18) pelo secret\u00e1rio do Departamento de Imuniza\u00e7\u00f5es da Sociedade de Pediatria de S\u00e3o Paulo, Daniel Jarovsky. Ao participar da 26\u00aa Jornada Nacional de Imuniza\u00e7\u00f5es, em Recife, ele lembrou que o rotav\u00edrus ainda responde como a principal causa de mortalidade na \u00c1frica e \u00c1sia, sobretudo em pa\u00edses que n\u00e3o promovem a imuniza\u00e7\u00e3o. \u201cH\u00e1 um impacto extremamente importante da vacina em cen\u00e1rios de sa\u00fade p\u00fablica\u201d, disse.\u00a0<\/p>\n<p>Jarovsy disse que estudos recentes indicam que beb\u00eas com at\u00e9 42 dias de vida apresentam risco 2,5 vezes maior de complica\u00e7\u00f5es e hospitaliza\u00e7\u00f5es pela doen\u00e7a, uma vez que podem ser expostos ao v\u00edrus, por exemplo, por meio de irm\u00e3os que j\u00e1 frequentam a escola, mas antes de atingirem a idade m\u00ednima para imuniza\u00e7\u00e3o. \u201cA doen\u00e7a est\u00e1 sendo controlada na crian\u00e7a mais velha, enquanto os n\u00e3o vacinados se resumem aos menores de 2 meses\u201d.\u00a0<\/p>\n<p>Em meio a um aumento de cerca de 40% nos nascimentos prematuros, surge ainda o que o pediatra se refere como \u201cdilema\u201d envolvendo a imuniza\u00e7\u00e3o contra o rotav\u00edrus em unidades de terapia intensiva (UTI) neonatais. \u201cPrematuros e n\u00e3o vacinados passaram a ser os grandes alvos do rotav\u00edrus\u201d, refor\u00e7ou. Como a vacina utiliza o v\u00edrus vivo atenuado, n\u00e3o h\u00e1 consenso entre os profissionais de sa\u00fade acerca da imuniza\u00e7\u00e3o nesse tipo de ambiente.\u00a0<\/p>\n<p>Segundo Jarovsky, pelo menos dois surtos de gastroenterocolite aguda causadas pelo rotav\u00edrus foram registrados em UTI neonatais do estado de S\u00e3o Paulo &#8211; um em 2023, com tr\u00eas casos, e outro este ano, com cinco casos da doen\u00e7a.\u00a0<\/p>\n<p><em>* A rep\u00f3rter viajou a convite da Sociedade Brasileira de Imuniza\u00e7\u00f5es (SBIm)<\/em><\/p>\n<\/p><\/div>\n<p><br \/>\n<br \/><a href=\"https:\/\/agenciabrasil.ebc.com.br\/saude\/noticia\/2024-09\/prematuros-e-recem-nascidos-sao-grandes-alvos-do-rotavirus\" rel=\"noopener\">Ag\u00eancia Brasil <\/a><\/p>\n","protected":false},"excerpt":{"rendered":"<p>O Programa Nacional de Imuniza\u00e7\u00f5es (PNI) do Minist\u00e9rio da Sa\u00fade prev\u00ea que a vacina contra o rotav\u00edrus seja aplicada em esquema de duas doses, aos 2 e aos 4 meses de vida. A doen\u00e7a infecta todas as crian\u00e7as, mas a imuniza\u00e7\u00e3o previne complica\u00e7\u00f5es e quadros graves. A estimativa \u00e9 que 40% das interna\u00e7\u00f5es por diarreia [&hellip;]<\/p>\n","protected":false},"author":1,"featured_media":269,"comment_status":"open","ping_status":"open","sticky":false,"template":"","format":"standard","meta":{"_jetpack_newsletter_access":"","_jetpack_dont_email_post_to_subs":false,"_jetpack_newsletter_tier_id":0,"_jetpack_memberships_contains_paywalled_content":false,"_mbp_banners":[],"_jetpack_feature_clip_id":0,"_jetpack_memberships_contains_paid_content":false,"footnotes":"","jetpack_publicize_message":"","jetpack_publicize_feature_enabled":true,"jetpack_social_post_already_shared":true,"jetpack_social_options":{"image_generator_settings":{"template":"highway","default_image_id":0,"font":"","enabled":false},"version":2},"jetpack_post_was_ever_published":false},"categories":[15],"tags":[],"class_list":["post-14451","post","type-post","status-publish","format-standard","has-post-thumbnail","category-saude"],"jetpack_publicize_connections":[],"jetpack-related-posts":[],"jetpack_shortlink":"https:\/\/wp.me\/p7Eq1F-3L5","jetpack_sharing_enabled":true,"jetpack_featured_media_url":"https:\/\/i0.wp.com\/guialimeira.com.br\/news\/wp-content\/uploads\/2024\/03\/thumb_1200x600_agbrasil.png?fit=1200%2C600&ssl=1","_links":{"self":[{"href":"https:\/\/guialimeira.com.br\/news\/wp-json\/wp\/v2\/posts\/14451","targetHints":{"allow":["GET"]}}],"collection":[{"href":"https:\/\/guialimeira.com.br\/news\/wp-json\/wp\/v2\/posts"}],"about":[{"href":"https:\/\/guialimeira.com.br\/news\/wp-json\/wp\/v2\/types\/post"}],"author":[{"embeddable":true,"href":"https:\/\/guialimeira.com.br\/news\/wp-json\/wp\/v2\/users\/1"}],"replies":[{"embeddable":true,"href":"https:\/\/guialimeira.com.br\/news\/wp-json\/wp\/v2\/comments?post=14451"}],"version-history":[{"count":0,"href":"https:\/\/guialimeira.com.br\/news\/wp-json\/wp\/v2\/posts\/14451\/revisions"}],"wp:featuredmedia":[{"embeddable":true,"href":"https:\/\/guialimeira.com.br\/news\/wp-json\/wp\/v2\/media\/269"}],"wp:attachment":[{"href":"https:\/\/guialimeira.com.br\/news\/wp-json\/wp\/v2\/media?parent=14451"}],"wp:term":[{"taxonomy":"category","embeddable":true,"href":"https:\/\/guialimeira.com.br\/news\/wp-json\/wp\/v2\/categories?post=14451"},{"taxonomy":"post_tag","embeddable":true,"href":"https:\/\/guialimeira.com.br\/news\/wp-json\/wp\/v2\/tags?post=14451"}],"curies":[{"name":"wp","href":"https:\/\/api.w.org\/{rel}","templated":true}]}}