{"id":1445,"date":"2024-04-11T16:40:46","date_gmt":"2024-04-11T19:40:46","guid":{"rendered":"https:\/\/guialimeira.com.br\/2024\/04\/11\/sobe-para-nove-total-de-mortos-em-acidente-com-onibus-na-bahia\/"},"modified":"2024-04-11T16:40:46","modified_gmt":"2024-04-11T19:40:46","slug":"sobe-para-nove-total-de-mortos-em-acidente-com-onibus-na-bahia","status":"publish","type":"post","link":"https:\/\/guialimeira.com.br\/news\/sobe-para-nove-total-de-mortos-em-acidente-com-onibus-na-bahia\/","title":{"rendered":"Sobe para nove total de mortos em acidente com \u00f4nibus na Bahia"},"content":{"rendered":"<p> <br \/>\n<\/p>\n<div>\n<p>Mais uma pessoa morreu v\u00edtima do tombamento de um \u00f4nibus, na rodovia BR-101, na Bahia. A paciente chegou a ser encaminhada ao hospital, mas n\u00e3o resistiu aos ferimentos. A informa\u00e7\u00e3o foi divulgada pela prefeitura de Teixeira de Freitas, onde ocorreu o acidente.<img data-recalc-dims=\"1\" decoding=\"async\" src=\"https:\/\/i0.wp.com\/agenciabrasil.ebc.com.br\/ebc.png?w=696&#038;ssl=1\" style=\"width:1px; height:1px; display:inline;\"\/><img data-recalc-dims=\"1\" decoding=\"async\" src=\"https:\/\/i0.wp.com\/agenciabrasil.ebc.com.br\/ebc.gif?w=696&#038;ssl=1\" style=\"width:1px; height:1px; display:inline;\"\/><\/p>\n<p>Com isso, o total de mortos no<a href=\"http:\/\/agenciabrasil.ebc.com.br\/geral\/noticia\/2024-04\/acidente-com-onibus-mata-oito-pessoas-na-bahia\" target=\"_blank\" rel=\"noopener\"> acidente<\/a> chega a nove. Segundo a prefeitura de Teixeira de Freitas, 24 pessoas est\u00e3o sendo atendidas em um hospital, das quais 18 est\u00e3o em enfermaria, em situa\u00e7\u00e3o est\u00e1vel, e seis foram submetidas a cirurgias.<\/p>\n<p>\u201cA prefeitura de Teixeira de Freitas mobiliza, no momento, todos os recursos e esfor\u00e7os necess\u00e1rios para o atendimento dos pacientes\u201d, informou a prefeitura, por meio de nota. \u201cA administra\u00e7\u00e3o p\u00fablica lamenta o ocorrido e se coloca \u00e0 disposi\u00e7\u00e3o das fam\u00edlias das v\u00edtimas para suporte e apoio integral\u201d.<\/p>\n<p>O \u00f4nibus seguia do Rio de Janeiro para Porto Seguro, na Bahia, quando se chocou com um barranco e tombou, na madrugada desta quinta-feira (11). Segundo a Pol\u00edcia Rodovi\u00e1ria Federal, o ve\u00edculo estava provavelmente em alta velocidade. Os nomes das v\u00edtimas ainda n\u00e3o foram divulgados.<\/p>\n<p>\u00a0<\/p>\n<\/p><\/div>\n<p><br \/>\n<br \/><a href=\"https:\/\/agenciabrasil.ebc.com.br\/geral\/noticia\/2024-04\/sobe-para-nove-total-de-mortos-em-acidente-com-onibus-na-bahia\" rel=\"noopener\">Ag\u00eancia Brasil<\/a><\/p>\n","protected":false},"excerpt":{"rendered":"<p>Mais uma pessoa morreu v\u00edtima do tombamento de um \u00f4nibus, na rodovia BR-101, na Bahia. A paciente chegou a ser encaminhada ao hospital, mas n\u00e3o resistiu aos ferimentos. A informa\u00e7\u00e3o foi divulgada pela prefeitura de Teixeira de Freitas, onde ocorreu o acidente. Com isso, o total de mortos no acidente chega a nove. Segundo a [&hellip;]<\/p>\n","protected":false},"author":1,"featured_media":269,"comment_status":"open","ping_status":"open","sticky":false,"template":"","format":"standard","meta":{"_jetpack_newsletter_access":"","_jetpack_dont_email_post_to_subs":false,"_jetpack_newsletter_tier_id":0,"_jetpack_memberships_contains_paywalled_content":false,"_mbp_banners":[],"_jetpack_feature_clip_id":0,"_jetpack_memberships_contains_paid_content":false,"footnotes":"","jetpack_publicize_message":"","jetpack_publicize_feature_enabled":true,"jetpack_social_post_already_shared":true,"jetpack_social_options":{"image_generator_settings":{"template":"highway","default_image_id":0,"font":"","enabled":false},"version":2},"jetpack_post_was_ever_published":false},"categories":[1],"tags":[],"class_list":["post-1445","post","type-post","status-publish","format-standard","has-post-thumbnail","category-geral"],"jetpack_publicize_connections":[],"jetpack-related-posts":[],"jetpack_shortlink":"https:\/\/wp.me\/p7Eq1F-nj","jetpack_sharing_enabled":true,"jetpack_featured_media_url":"https:\/\/i0.wp.com\/guialimeira.com.br\/news\/wp-content\/uploads\/2024\/03\/thumb_1200x600_agbrasil.png?fit=1200%2C600&ssl=1","_links":{"self":[{"href":"https:\/\/guialimeira.com.br\/news\/wp-json\/wp\/v2\/posts\/1445","targetHints":{"allow":["GET"]}}],"collection":[{"href":"https:\/\/guialimeira.com.br\/news\/wp-json\/wp\/v2\/posts"}],"about":[{"href":"https:\/\/guialimeira.com.br\/news\/wp-json\/wp\/v2\/types\/post"}],"author":[{"embeddable":true,"href":"https:\/\/guialimeira.com.br\/news\/wp-json\/wp\/v2\/users\/1"}],"replies":[{"embeddable":true,"href":"https:\/\/guialimeira.com.br\/news\/wp-json\/wp\/v2\/comments?post=1445"}],"version-history":[{"count":0,"href":"https:\/\/guialimeira.com.br\/news\/wp-json\/wp\/v2\/posts\/1445\/revisions"}],"wp:featuredmedia":[{"embeddable":true,"href":"https:\/\/guialimeira.com.br\/news\/wp-json\/wp\/v2\/media\/269"}],"wp:attachment":[{"href":"https:\/\/guialimeira.com.br\/news\/wp-json\/wp\/v2\/media?parent=1445"}],"wp:term":[{"taxonomy":"category","embeddable":true,"href":"https:\/\/guialimeira.com.br\/news\/wp-json\/wp\/v2\/categories?post=1445"},{"taxonomy":"post_tag","embeddable":true,"href":"https:\/\/guialimeira.com.br\/news\/wp-json\/wp\/v2\/tags?post=1445"}],"curies":[{"name":"wp","href":"https:\/\/api.w.org\/{rel}","templated":true}]}}