{"id":14447,"date":"2024-09-18T17:38:35","date_gmt":"2024-09-18T20:38:35","guid":{"rendered":"https:\/\/guialimeira.com.br\/2024\/09\/18\/oito-em-cada-dez-municipios-tem-risco-alto-ou-muito-alto-para-sarampo\/"},"modified":"2024-09-18T17:38:35","modified_gmt":"2024-09-18T20:38:35","slug":"oito-em-cada-dez-municipios-tem-risco-alto-ou-muito-alto-para-sarampo","status":"publish","type":"post","link":"https:\/\/guialimeira.com.br\/news\/oito-em-cada-dez-municipios-tem-risco-alto-ou-muito-alto-para-sarampo\/","title":{"rendered":"Oito em cada dez munic\u00edpios t\u00eam risco alto ou muito alto para sarampo"},"content":{"rendered":"<p> <br \/>\n<\/p>\n<div>\n<p>Ao menos 4.587 munic\u00edpios foram classificados como em alto risco para sarampo, enquanto 225 foram categorizados como em risco muito alto, totalizando 86% das cidades em todo o pa\u00eds com risco elevado para a doen\u00e7a. H\u00e1 ainda 751 munic\u00edpios listados com risco m\u00e9dio e apenas quatro com baixo risco. Os dados foram apresentados nesta quarta-feira (18) durante a 26\u00aa Jornada Nacional de Imuniza\u00e7\u00f5es, em Recife.<img data-recalc-dims=\"1\" decoding=\"async\" src=\"https:\/\/i0.wp.com\/agenciabrasil.ebc.com.br\/ebc.png?w=696&#038;ssl=1\" style=\"width:1px; height:1px; display:inline;\"\/><img data-recalc-dims=\"1\" decoding=\"async\" src=\"https:\/\/i0.wp.com\/agenciabrasil.ebc.com.br\/ebc.gif?w=696&#038;ssl=1\" style=\"width:1px; height:1px; display:inline;\"\/><\/p>\n<p>Ao comentar o cen\u00e1rio, a coordenadora de Imuniza\u00e7\u00e3o da Organiza\u00e7\u00e3o Pan-Americana da Sa\u00fade (Opas), Fl\u00e1via Cardoso, lembrou que o Brasil chegou a ser certificado como pa\u00eds livre do sarampo em 2016, mas perdeu o status em 2019 ap\u00f3s voltar a registrar a circula\u00e7\u00e3o do v\u00edrus por um per\u00edodo superior a 12 meses. \u201cEm 2022, o Brasil estava end\u00eamico para sarampo e, em 2023, passou para o status de pa\u00eds pendente de reverifica\u00e7\u00e3o\u201d, explicou.\u00a0<\/p>\n<p>Segundo Fl\u00e1via, em maio deste ano, a Comiss\u00e3o Regional de Monitoramento e Reverifica\u00e7\u00e3o do Sarampo, da Rub\u00e9ola e da S\u00edndrome da Rub\u00e9ola Cong\u00eanita nas Am\u00e9ricas esteve no pa\u00eds e fez uma s\u00e9rie de recomenda\u00e7\u00f5es, incluindo ampliar a sensibilidade na defini\u00e7\u00e3o de casos suspeitos de sarampo. A entidade pede que o pa\u00eds apresente o n\u00famero de amostras recebidas de pacientes com febre e exantema e quais foram os diagn\u00f3sticos de descarte.<\/p>\n<p>De acordo com a coordenadora, a comiss\u00e3o destacou que, embora a cobertura vacinal tenha melhorado tanto para o sarampo quanto para a rub\u00e9ola, por meio da tr\u00edplice viral, em alguns estados o progresso foi m\u00ednimo ou mesmo negativo. A situa\u00e7\u00e3o no Rio de Janeiro, no Amap\u00e1, no Par\u00e1 e em Roraima foi classificada pela entidade como muito preocupante para a manuten\u00e7\u00e3o da elimina\u00e7\u00e3o do sarampo e da rub\u00e9ola no pa\u00eds.\u00a0<\/p>\n<p>Tamb\u00e9m foi recomendado que o Brasil padronize um fluxograma de resposta r\u00e1pida a casos suspeitos, tomando como base o caso recente de sarampo detectado no Rio Grande do Sul, importado do Paquist\u00e3o. Por fim, a comiss\u00e3o sugere articular junto ao Minist\u00e9rio do Esporte e ligas esportivas a vacina\u00e7\u00e3o de atletas brasileiros, a exemplo do que foi feito previamente aos Jogos Ol\u00edmpicos de Paris este ano.\u00a0<\/p>\n<p>\u201cFoi feita ainda a recomenda\u00e7\u00e3o de buscas ativas integradas de casos de sarampo e rub\u00e9ola com poliomielite e paralisia fl\u00e1cida em menores de 15 anos\u201d, disse Fl\u00e1via, ao citar que as a\u00e7\u00f5es servem para fortalecer a vigil\u00e2ncia a n\u00edvel municipal.\u00a0<\/p>\n<p><em>* A rep\u00f3rter viajou a convite da Sociedade Brasileira de Imuniza\u00e7\u00f5es (SBIm)<\/em><\/p>\n<\/p><\/div>\n<p><br \/>\n<br \/><a href=\"https:\/\/agenciabrasil.ebc.com.br\/saude\/noticia\/2024-09\/oito-em-cada-dez-municipios-tem-risco-alto-ou-muito-alto-para-sarampo\" rel=\"noopener\">Ag\u00eancia Brasil <\/a><\/p>\n","protected":false},"excerpt":{"rendered":"<p>Ao menos 4.587 munic\u00edpios foram classificados como em alto risco para sarampo, enquanto 225 foram categorizados como em risco muito alto, totalizando 86% das cidades em todo o pa\u00eds com risco elevado para a doen\u00e7a. H\u00e1 ainda 751 munic\u00edpios listados com risco m\u00e9dio e apenas quatro com baixo risco. Os dados foram apresentados nesta quarta-feira [&hellip;]<\/p>\n","protected":false},"author":1,"featured_media":14448,"comment_status":"open","ping_status":"open","sticky":false,"template":"","format":"standard","meta":{"_jetpack_newsletter_access":"","_jetpack_dont_email_post_to_subs":false,"_jetpack_newsletter_tier_id":0,"_jetpack_memberships_contains_paywalled_content":false,"_mbp_banners":[],"_jetpack_feature_clip_id":0,"_jetpack_memberships_contains_paid_content":false,"footnotes":"","jetpack_publicize_message":"","jetpack_publicize_feature_enabled":true,"jetpack_social_post_already_shared":true,"jetpack_social_options":{"image_generator_settings":{"template":"highway","default_image_id":0,"font":"","enabled":false},"version":2},"jetpack_post_was_ever_published":false},"categories":[15],"tags":[],"class_list":["post-14447","post","type-post","status-publish","format-standard","has-post-thumbnail","category-saude"],"jetpack_publicize_connections":[],"jetpack-related-posts":[],"jetpack_shortlink":"https:\/\/wp.me\/p7Eq1F-3L1","jetpack_sharing_enabled":true,"jetpack_featured_media_url":"https:\/\/i0.wp.com\/guialimeira.com.br\/news\/wp-content\/uploads\/2024\/09\/fril3wdxoae3efn.jpeg?fit=1600%2C800&ssl=1","_links":{"self":[{"href":"https:\/\/guialimeira.com.br\/news\/wp-json\/wp\/v2\/posts\/14447","targetHints":{"allow":["GET"]}}],"collection":[{"href":"https:\/\/guialimeira.com.br\/news\/wp-json\/wp\/v2\/posts"}],"about":[{"href":"https:\/\/guialimeira.com.br\/news\/wp-json\/wp\/v2\/types\/post"}],"author":[{"embeddable":true,"href":"https:\/\/guialimeira.com.br\/news\/wp-json\/wp\/v2\/users\/1"}],"replies":[{"embeddable":true,"href":"https:\/\/guialimeira.com.br\/news\/wp-json\/wp\/v2\/comments?post=14447"}],"version-history":[{"count":0,"href":"https:\/\/guialimeira.com.br\/news\/wp-json\/wp\/v2\/posts\/14447\/revisions"}],"wp:featuredmedia":[{"embeddable":true,"href":"https:\/\/guialimeira.com.br\/news\/wp-json\/wp\/v2\/media\/14448"}],"wp:attachment":[{"href":"https:\/\/guialimeira.com.br\/news\/wp-json\/wp\/v2\/media?parent=14447"}],"wp:term":[{"taxonomy":"category","embeddable":true,"href":"https:\/\/guialimeira.com.br\/news\/wp-json\/wp\/v2\/categories?post=14447"},{"taxonomy":"post_tag","embeddable":true,"href":"https:\/\/guialimeira.com.br\/news\/wp-json\/wp\/v2\/tags?post=14447"}],"curies":[{"name":"wp","href":"https:\/\/api.w.org\/{rel}","templated":true}]}}