{"id":14441,"date":"2024-09-18T15:36:37","date_gmt":"2024-09-18T18:36:37","guid":{"rendered":"https:\/\/guialimeira.com.br\/2024\/09\/18\/anvisa-aprova-atualizacao-de-vacina-contra-covid-19\/"},"modified":"2024-09-18T15:36:37","modified_gmt":"2024-09-18T18:36:37","slug":"anvisa-aprova-atualizacao-de-vacina-contra-covid-19","status":"publish","type":"post","link":"https:\/\/guialimeira.com.br\/news\/anvisa-aprova-atualizacao-de-vacina-contra-covid-19\/","title":{"rendered":"Anvisa aprova atualiza\u00e7\u00e3o de vacina contra covid-19"},"content":{"rendered":"<p> <br \/>\n<\/p>\n<div>\n<p>A Ag\u00eancia Nacional de Vigil\u00e2ncia Sanit\u00e1ria (Anvisa) aprovou &#8211; por unanimidade &#8211; uma instru\u00e7\u00e3o normativa que prev\u00ea a atualiza\u00e7\u00e3o da composi\u00e7\u00e3o de vacinas contra a covid-19. A medida \u00e9 adotada para evitar o aumento da circula\u00e7\u00e3o de novas variantes do v\u00edrus SARS-CoV-2 pelo pa\u00eds.<img data-recalc-dims=\"1\" decoding=\"async\" src=\"https:\/\/i0.wp.com\/agenciabrasil.ebc.com.br\/ebc.png?w=696&#038;ssl=1\" style=\"width:1px; height:1px; display:inline;\"\/><img data-recalc-dims=\"1\" decoding=\"async\" src=\"https:\/\/i0.wp.com\/agenciabrasil.ebc.com.br\/ebc.gif?w=696&#038;ssl=1\" style=\"width:1px; height:1px; display:inline;\"\/><\/p>\n<p>De acordo com a relatora da mat\u00e9ria, a diretora Meiruze Sousa Freitas, a evolu\u00e7\u00e3o constante do tipo de coronav\u00edrus SARS-CoV-2 exige que as vacinas sejam atualizadas periodicamente para lidar com as novas variantes do v\u00edrus.<\/p>\n<p>\u201cO aprendizado que tivemos com a pandemia trouxe \u00e0 tona a necessidade de respostas regulat\u00f3rias mais \u00e1geis. Para reduzirmos a chance de danos, \u00e9 preciso reduzirmos lacunas no arcabou\u00e7o regulat\u00f3rio. Elas precisam ser ajustadas em tempo real para atendermos as demandas urgentes de uma crise sanit\u00e1ria\u201d, argumentou Meiruze.<\/p>\n<p>A proposta normativa inclui a resolu\u00e7\u00e3o da diretoria colegiada e a instru\u00e7\u00e3o normativa que tratam das atualiza\u00e7\u00f5es das vacinas, estabelecendo, segundo ela, \u201ccrit\u00e9rios claros e eficientes para atualiza\u00e7\u00e3o das vacinas no Brasil, de forma alinhada com as diretrizes internacionais e a evolu\u00e7\u00e3o do cen\u00e1rio epidemiol\u00f3gico\u201d.\u00a0<\/p>\n<h2>Ajuste<\/h2>\n<p>A proposta normativa busca ajustar a composi\u00e7\u00e3o das vacinas para garantir que continuem eficientes diante das muta\u00e7\u00f5es do v\u00edrus, de forma a continuar protegendo a popula\u00e7\u00e3o.<\/p>\n<p>\u201cA constante revis\u00e3o e a atualiza\u00e7\u00e3o das vacinas em sintonia com par\u00e2metros globais s\u00e3o essenciais para evitarmos novos surtos e para controlarmos a mortalidade associada ao v\u00edrus. Justifica, inclusive, a urg\u00eancia em suplementarmos um marco regulat\u00f3rio que facilite e acelere esse processo, sem comprometer a qualidade, a seguran\u00e7a e a efic\u00e1cia\u201d, acrescentou.<\/p>\n<p>Segundo a relatora, o monitoramento cont\u00ednuo da covid-19 &#8211; no Brasil e no exterior &#8211; evidencia que a doen\u00e7a n\u00e3o segue um padr\u00e3o sazonal definido, \u201cmas flutua em ondas determinadas principalmente pelo comportamento populacional. Neste contexto \u00e9 crucial garantirmos acesso \u00e0s vacinas atualizadas\u201d, complementou.<\/p>\n<\/p><\/div>\n<p><br \/>\n<br \/><a href=\"https:\/\/agenciabrasil.ebc.com.br\/saude\/noticia\/2024-09\/anvisa-aprova-atualizacao-de-vacina-contra-covid-19\" rel=\"noopener\">Ag\u00eancia Brasil <\/a><\/p>\n","protected":false},"excerpt":{"rendered":"<p>A Ag\u00eancia Nacional de Vigil\u00e2ncia Sanit\u00e1ria (Anvisa) aprovou &#8211; por unanimidade &#8211; uma instru\u00e7\u00e3o normativa que prev\u00ea a atualiza\u00e7\u00e3o da composi\u00e7\u00e3o de vacinas contra a covid-19. A medida \u00e9 adotada para evitar o aumento da circula\u00e7\u00e3o de novas variantes do v\u00edrus SARS-CoV-2 pelo pa\u00eds. De acordo com a relatora da mat\u00e9ria, a diretora Meiruze Sousa [&hellip;]<\/p>\n","protected":false},"author":1,"featured_media":13966,"comment_status":"open","ping_status":"open","sticky":false,"template":"","format":"standard","meta":{"_jetpack_newsletter_access":"","_jetpack_dont_email_post_to_subs":false,"_jetpack_newsletter_tier_id":0,"_jetpack_memberships_contains_paywalled_content":false,"_mbp_banners":[],"_jetpack_feature_clip_id":0,"_jetpack_memberships_contains_paid_content":false,"footnotes":"","jetpack_publicize_message":"","jetpack_publicize_feature_enabled":true,"jetpack_social_post_already_shared":true,"jetpack_social_options":{"image_generator_settings":{"template":"highway","default_image_id":0,"font":"","enabled":false},"version":2},"jetpack_post_was_ever_published":false},"categories":[15],"tags":[],"class_list":["post-14441","post","type-post","status-publish","format-standard","has-post-thumbnail","category-saude"],"jetpack_publicize_connections":[],"jetpack-related-posts":[],"jetpack_shortlink":"https:\/\/wp.me\/p7Eq1F-3KV","jetpack_sharing_enabled":true,"jetpack_featured_media_url":"https:\/\/i0.wp.com\/guialimeira.com.br\/news\/wp-content\/uploads\/2024\/09\/foto_peter_ilicciev_23_0.jpg?fit=1600%2C800&ssl=1","_links":{"self":[{"href":"https:\/\/guialimeira.com.br\/news\/wp-json\/wp\/v2\/posts\/14441","targetHints":{"allow":["GET"]}}],"collection":[{"href":"https:\/\/guialimeira.com.br\/news\/wp-json\/wp\/v2\/posts"}],"about":[{"href":"https:\/\/guialimeira.com.br\/news\/wp-json\/wp\/v2\/types\/post"}],"author":[{"embeddable":true,"href":"https:\/\/guialimeira.com.br\/news\/wp-json\/wp\/v2\/users\/1"}],"replies":[{"embeddable":true,"href":"https:\/\/guialimeira.com.br\/news\/wp-json\/wp\/v2\/comments?post=14441"}],"version-history":[{"count":0,"href":"https:\/\/guialimeira.com.br\/news\/wp-json\/wp\/v2\/posts\/14441\/revisions"}],"wp:featuredmedia":[{"embeddable":true,"href":"https:\/\/guialimeira.com.br\/news\/wp-json\/wp\/v2\/media\/13966"}],"wp:attachment":[{"href":"https:\/\/guialimeira.com.br\/news\/wp-json\/wp\/v2\/media?parent=14441"}],"wp:term":[{"taxonomy":"category","embeddable":true,"href":"https:\/\/guialimeira.com.br\/news\/wp-json\/wp\/v2\/categories?post=14441"},{"taxonomy":"post_tag","embeddable":true,"href":"https:\/\/guialimeira.com.br\/news\/wp-json\/wp\/v2\/tags?post=14441"}],"curies":[{"name":"wp","href":"https:\/\/api.w.org\/{rel}","templated":true}]}}