{"id":14426,"date":"2024-09-18T09:30:30","date_gmt":"2024-09-18T12:30:30","guid":{"rendered":"https:\/\/guialimeira.com.br\/2024\/09\/18\/campanha-alerta-para-conscientizacao-sobre-a-disseccao-da-aorta\/"},"modified":"2024-09-18T09:30:30","modified_gmt":"2024-09-18T12:30:30","slug":"campanha-alerta-para-conscientizacao-sobre-a-disseccao-da-aorta","status":"publish","type":"post","link":"https:\/\/guialimeira.com.br\/news\/campanha-alerta-para-conscientizacao-sobre-a-disseccao-da-aorta\/","title":{"rendered":"Campanha alerta para conscientiza\u00e7\u00e3o sobre a dissec\u00e7\u00e3o da aorta"},"content":{"rendered":"<p> <br \/>\n<\/p>\n<div>\n<p>No m\u00eas em que celebra-se o Dia Mundial de Sensibiliza\u00e7\u00e3o para a Dissec\u00e7\u00e3o da Aorta, em 19 de setembro, a Sociedade Brasileira de Angiologia e de Cirurgia Vascular &#8211; Regional S\u00e3o Paulo (SBACV-SP) promove a campanha Pense Aorta, para disseminar informa\u00e7\u00f5es sobre a dissec\u00e7\u00e3o da aorta, uma doen\u00e7a rara e grave que muitas vezes n\u00e3o \u00e9 identificada de forma imediata e clara, comprometendo o tratamento eficaz. O alvo da campanha \u00e9 a sociedade em geral e os profissionais da sa\u00fade.<img data-recalc-dims=\"1\" decoding=\"async\" src=\"https:\/\/i0.wp.com\/agenciabrasil.ebc.com.br\/ebc.png?w=696&#038;ssl=1\" style=\"width:1px; height:1px; display:inline;\"\/><img data-recalc-dims=\"1\" decoding=\"async\" src=\"https:\/\/i0.wp.com\/agenciabrasil.ebc.com.br\/ebc.gif?w=696&#038;ssl=1\" style=\"width:1px; height:1px; display:inline;\"\/><\/p>\n<p>Segundo a SBACV-SP, dissec\u00e7\u00e3o da aorta \u00e9 uma condi\u00e7\u00e3o caracterizada pela ruptura da camada interna da aorta, a principal art\u00e9ria do corpo. Esse rompimento pode dividir a parede da aorta, comprometendo o fluxo sangu\u00edneo para \u00f3rg\u00e3os vitais. Os principais sintomas incluem dor intensa no pesco\u00e7o, nas costas ou no abd\u00f4men, muitas vezes descrita como uma sensa\u00e7\u00e3o de rasgo interno.\u00a0<\/p>\n<p>O diagn\u00f3stico \u00e9 feito por exames como a angiotomografia ou o ecocardiograma, e o tratamento urgente \u00e9 necess\u00e1rio para evitar as complica\u00e7\u00f5es.\u00a0<\/p>\n<p>A preven\u00e7\u00e3o envolve o controle de fatores de risco e acompanhamento m\u00e9dico regular, especialmente para pessoas com hist\u00f3rico familiar ou predisposi\u00e7\u00e3o gen\u00e9tica.<\/p>\n<p>De acordo com a entidade, entre as a\u00e7\u00f5es de orienta\u00e7\u00e3o e preven\u00e7\u00e3o, est\u00e3o campanhas e eventos sobre o diagn\u00f3stico correto. Neste s\u00e1bado (21) o Hospital Santa Marcelina realiza sua 15\u00aa edi\u00e7\u00e3o de atendimento gratuito com a coordena\u00e7\u00e3o de um m\u00e9dico angiologista e cirurgi\u00e3o vascular.<\/p>\n<p>\u201cEm setembro, al\u00e9m das a\u00e7\u00f5es de conscientiza\u00e7\u00e3o em alguns hospitais, a SBACV-SP dedicar\u00e1 parte de sua Reuni\u00e3o Cient\u00edfica para n\u00e3o apenas estudar os tratamentos em evolu\u00e7\u00e3o, mas tamb\u00e9m discutir a relev\u00e2ncia das campanhas lideradas por pacientes ao redor do mundo. Vamos dar uma aten\u00e7\u00e3o especial aos impactos dessas iniciativas nas pol\u00edticas p\u00fablicas de sa\u00fade e na promo\u00e7\u00e3o de pesquisas cient\u00edficas\u201d, disse a diretora Cient\u00edfica da SBACV-SP, Grace Mulatti.<\/p>\n<h2>Mortalidade<\/h2>\n<p>De acordo com dados da SBACV-SP, baseados em um estudo do professor titular de Cirurgia Vascular e Endovascular da Faculdade de Medicina da Universidade de S\u00e3o Paulo, Pedro Puech-Le\u00e3o, a taxa de mortalidade por dissec\u00e7\u00e3o da aorta \u00e9 de 2,3 por 100.000 habitantes, ou seja, 2.000 novos pacientes ter\u00e3o o diagn\u00f3stico a cada ano. Mundialmente, estima-se que 16 novos casos a cada 100.000 habitantes ocorram anualmente.<\/p>\n<p>Segundo a entidade m\u00e9dica, os n\u00fameros do Brasil mostram a urg\u00eancia de melhoria das estrat\u00e9gias de diagn\u00f3stico e tratamento, especialmente devido \u00e0 subnotifica\u00e7\u00e3o e \u00e0 falta de diagn\u00f3sticos em muitos casos.<\/p>\n<p>\u201cA quest\u00e3o da subnotifica\u00e7\u00e3o est\u00e1 potencialmente relacionada \u00e0 dificuldade de fazer o diagn\u00f3stico. Estudos mostram que aproximadamente um ter\u00e7o dos casos n\u00e3o \u00e9 diagnosticado na primeira visita do paciente ao pronto-socorro, o que pode implicar em desfechos piores de sobrevida desta popula\u00e7\u00e3o\u201d, alerta a SBACV-SP.<\/p>\n<\/p><\/div>\n<p><br \/>\n<br \/><a href=\"https:\/\/agenciabrasil.ebc.com.br\/saude\/noticia\/2024-09\/campanha-alerta-para-conscientizacao-sobre-disseccao-da-aorta\" rel=\"noopener\">Ag\u00eancia Brasil <\/a><\/p>\n","protected":false},"excerpt":{"rendered":"<p>No m\u00eas em que celebra-se o Dia Mundial de Sensibiliza\u00e7\u00e3o para a Dissec\u00e7\u00e3o da Aorta, em 19 de setembro, a Sociedade Brasileira de Angiologia e de Cirurgia Vascular &#8211; Regional S\u00e3o Paulo (SBACV-SP) promove a campanha Pense Aorta, para disseminar informa\u00e7\u00f5es sobre a dissec\u00e7\u00e3o da aorta, uma doen\u00e7a rara e grave que muitas vezes n\u00e3o [&hellip;]<\/p>\n","protected":false},"author":1,"featured_media":269,"comment_status":"open","ping_status":"open","sticky":false,"template":"","format":"standard","meta":{"_jetpack_newsletter_access":"","_jetpack_dont_email_post_to_subs":false,"_jetpack_newsletter_tier_id":0,"_jetpack_memberships_contains_paywalled_content":false,"_mbp_banners":[],"_jetpack_feature_clip_id":0,"_jetpack_memberships_contains_paid_content":false,"footnotes":"","jetpack_publicize_message":"","jetpack_publicize_feature_enabled":true,"jetpack_social_post_already_shared":true,"jetpack_social_options":{"image_generator_settings":{"template":"highway","default_image_id":0,"font":"","enabled":false},"version":2},"jetpack_post_was_ever_published":false},"categories":[15],"tags":[],"class_list":["post-14426","post","type-post","status-publish","format-standard","has-post-thumbnail","category-saude"],"jetpack_publicize_connections":[],"jetpack-related-posts":[],"jetpack_shortlink":"https:\/\/wp.me\/p7Eq1F-3KG","jetpack_sharing_enabled":true,"jetpack_featured_media_url":"https:\/\/i0.wp.com\/guialimeira.com.br\/news\/wp-content\/uploads\/2024\/03\/thumb_1200x600_agbrasil.png?fit=1200%2C600&ssl=1","_links":{"self":[{"href":"https:\/\/guialimeira.com.br\/news\/wp-json\/wp\/v2\/posts\/14426","targetHints":{"allow":["GET"]}}],"collection":[{"href":"https:\/\/guialimeira.com.br\/news\/wp-json\/wp\/v2\/posts"}],"about":[{"href":"https:\/\/guialimeira.com.br\/news\/wp-json\/wp\/v2\/types\/post"}],"author":[{"embeddable":true,"href":"https:\/\/guialimeira.com.br\/news\/wp-json\/wp\/v2\/users\/1"}],"replies":[{"embeddable":true,"href":"https:\/\/guialimeira.com.br\/news\/wp-json\/wp\/v2\/comments?post=14426"}],"version-history":[{"count":0,"href":"https:\/\/guialimeira.com.br\/news\/wp-json\/wp\/v2\/posts\/14426\/revisions"}],"wp:featuredmedia":[{"embeddable":true,"href":"https:\/\/guialimeira.com.br\/news\/wp-json\/wp\/v2\/media\/269"}],"wp:attachment":[{"href":"https:\/\/guialimeira.com.br\/news\/wp-json\/wp\/v2\/media?parent=14426"}],"wp:term":[{"taxonomy":"category","embeddable":true,"href":"https:\/\/guialimeira.com.br\/news\/wp-json\/wp\/v2\/categories?post=14426"},{"taxonomy":"post_tag","embeddable":true,"href":"https:\/\/guialimeira.com.br\/news\/wp-json\/wp\/v2\/tags?post=14426"}],"curies":[{"name":"wp","href":"https:\/\/api.w.org\/{rel}","templated":true}]}}