{"id":1440,"date":"2024-04-11T15:39:47","date_gmt":"2024-04-11T18:39:47","guid":{"rendered":"https:\/\/guialimeira.com.br\/2024\/04\/11\/morre-aos-83-anos-pai-da-primeira-dama-janja-lula-da-silva\/"},"modified":"2024-04-11T15:39:47","modified_gmt":"2024-04-11T18:39:47","slug":"morre-aos-83-anos-pai-da-primeira-dama-janja-lula-da-silva","status":"publish","type":"post","link":"https:\/\/guialimeira.com.br\/news\/morre-aos-83-anos-pai-da-primeira-dama-janja-lula-da-silva\/","title":{"rendered":"Morre, aos 83 anos, pai da primeira-dama Janja Lula da Silva"},"content":{"rendered":"<p> <br \/>\n<\/p>\n<div>\n<p>Faleceu na noite desta quarta-feira (10) em Curitiba, por fal\u00eancia de m\u00faltiplos \u00f3rg\u00e3os, o pai da primeira-dama Janja Lula da Silva. Comerciante aposentado, Jos\u00e9 Clovis da Silva estava com 83 anos. A informa\u00e7\u00e3o foi confirmada pelo Pal\u00e1cio do Planalto.<img data-recalc-dims=\"1\" decoding=\"async\" src=\"https:\/\/i0.wp.com\/agenciabrasil.ebc.com.br\/ebc.png?w=696&#038;ssl=1\" style=\"width:1px; height:1px; display:inline;\"\/><img data-recalc-dims=\"1\" decoding=\"async\" src=\"https:\/\/i0.wp.com\/agenciabrasil.ebc.com.br\/ebc.gif?w=696&#038;ssl=1\" style=\"width:1px; height:1px; display:inline;\"\/><\/p>\n<p>Em nota, o presidente Luiz In\u00e1cio Lula da Silva manifestou pesar e pediu respeito \u00e0 privacidade de Janja e sua fam\u00edlia.<\/p>\n<p>\u201cVenho, atrav\u00e9s desta, confirmar o falecimento de seu Jos\u00e9 Clovis da Silva, 83 anos, pai da minha esposa Janja Lula da Silva, na noite de ontem (10), em Curitiba, por fal\u00eancia de m\u00faltiplos \u00f3rg\u00e3os. Em respeito a seu Clovis, a Janja e \u00e0 fam\u00edlia, pe\u00e7o que respeitem a privacidade deste momento\u201d, disse o presidente.<\/p>\n<p>Jos\u00e9 Clovis estava internado no Hospital Evang\u00e9lico Mackenzie no momento em que faleceu. Ap\u00f3s o vel\u00f3rio, o corpo foi conduzido ao Cremat\u00f3rio Vaticano, no bairro de Almirante Tamandar\u00e9.<\/p>\n<\/p><\/div>\n<p><br \/>\n<br \/><a href=\"https:\/\/agenciabrasil.ebc.com.br\/geral\/noticia\/2024-04\/morre-aos-83-anos-pai-da-primeira-dama-janja-lula-da-silva\" rel=\"noopener\">Ag\u00eancia Brasil<\/a><\/p>\n","protected":false},"excerpt":{"rendered":"<p>Faleceu na noite desta quarta-feira (10) em Curitiba, por fal\u00eancia de m\u00faltiplos \u00f3rg\u00e3os, o pai da primeira-dama Janja Lula da Silva. Comerciante aposentado, Jos\u00e9 Clovis da Silva estava com 83 anos. A informa\u00e7\u00e3o foi confirmada pelo Pal\u00e1cio do Planalto. Em nota, o presidente Luiz In\u00e1cio Lula da Silva manifestou pesar e pediu respeito \u00e0 privacidade [&hellip;]<\/p>\n","protected":false},"author":1,"featured_media":269,"comment_status":"open","ping_status":"open","sticky":false,"template":"","format":"standard","meta":{"_jetpack_newsletter_access":"","_jetpack_dont_email_post_to_subs":false,"_jetpack_newsletter_tier_id":0,"_jetpack_memberships_contains_paywalled_content":false,"_mbp_banners":[],"_jetpack_feature_clip_id":0,"_jetpack_memberships_contains_paid_content":false,"footnotes":"","jetpack_publicize_message":"","jetpack_publicize_feature_enabled":true,"jetpack_social_post_already_shared":true,"jetpack_social_options":{"image_generator_settings":{"template":"highway","default_image_id":0,"font":"","enabled":false},"version":2},"jetpack_post_was_ever_published":false},"categories":[1],"tags":[],"class_list":["post-1440","post","type-post","status-publish","format-standard","has-post-thumbnail","category-geral"],"jetpack_publicize_connections":[],"jetpack-related-posts":[],"jetpack_shortlink":"https:\/\/wp.me\/p7Eq1F-ne","jetpack_sharing_enabled":true,"jetpack_featured_media_url":"https:\/\/i0.wp.com\/guialimeira.com.br\/news\/wp-content\/uploads\/2024\/03\/thumb_1200x600_agbrasil.png?fit=1200%2C600&ssl=1","_links":{"self":[{"href":"https:\/\/guialimeira.com.br\/news\/wp-json\/wp\/v2\/posts\/1440","targetHints":{"allow":["GET"]}}],"collection":[{"href":"https:\/\/guialimeira.com.br\/news\/wp-json\/wp\/v2\/posts"}],"about":[{"href":"https:\/\/guialimeira.com.br\/news\/wp-json\/wp\/v2\/types\/post"}],"author":[{"embeddable":true,"href":"https:\/\/guialimeira.com.br\/news\/wp-json\/wp\/v2\/users\/1"}],"replies":[{"embeddable":true,"href":"https:\/\/guialimeira.com.br\/news\/wp-json\/wp\/v2\/comments?post=1440"}],"version-history":[{"count":0,"href":"https:\/\/guialimeira.com.br\/news\/wp-json\/wp\/v2\/posts\/1440\/revisions"}],"wp:featuredmedia":[{"embeddable":true,"href":"https:\/\/guialimeira.com.br\/news\/wp-json\/wp\/v2\/media\/269"}],"wp:attachment":[{"href":"https:\/\/guialimeira.com.br\/news\/wp-json\/wp\/v2\/media?parent=1440"}],"wp:term":[{"taxonomy":"category","embeddable":true,"href":"https:\/\/guialimeira.com.br\/news\/wp-json\/wp\/v2\/categories?post=1440"},{"taxonomy":"post_tag","embeddable":true,"href":"https:\/\/guialimeira.com.br\/news\/wp-json\/wp\/v2\/tags?post=1440"}],"curies":[{"name":"wp","href":"https:\/\/api.w.org\/{rel}","templated":true}]}}