{"id":1439,"date":"2024-04-11T15:01:52","date_gmt":"2024-04-11T18:01:52","guid":{"rendered":"https:\/\/guialimeira.com.br\/2024\/04\/11\/pagina-virada-diz-barroso-sobre-declaracoes-de-musk-contra-moraes\/"},"modified":"2024-04-11T15:01:52","modified_gmt":"2024-04-11T18:01:52","slug":"pagina-virada-diz-barroso-sobre-declaracoes-de-musk-contra-moraes","status":"publish","type":"post","link":"https:\/\/guialimeira.com.br\/news\/pagina-virada-diz-barroso-sobre-declaracoes-de-musk-contra-moraes\/","title":{"rendered":"&#8220;P\u00e1gina virada\u201d, diz Barroso sobre declara\u00e7\u00f5es de Musk contra Moraes"},"content":{"rendered":"<p> <br \/>\n<\/p>\n<div>\n<p>O presidente do Supremo Tribunal Federal (STF), Lu\u00eds Roberto Barroso, disse nesta quinta-feira (11) que j\u00e1 foram dadas as respostas necess\u00e1rias e classificou de \u201cp\u00e1gina virada\u201d as recentes declara\u00e7\u00f5es do empres\u00e1rio Elon Musk \u00a0sobre decis\u00f5es do ministro Alexandre de Moraes.\u00a0Musk \u00e9 dono da rede social X (antigo Twitter).<img data-recalc-dims=\"1\" decoding=\"async\" src=\"https:\/\/i0.wp.com\/agenciabrasil.ebc.com.br\/ebc.png?w=696&#038;ssl=1\" style=\"width:1px; height:1px; display:inline;\"\/><img data-recalc-dims=\"1\" decoding=\"async\" src=\"https:\/\/i0.wp.com\/agenciabrasil.ebc.com.br\/ebc.gif?w=696&#038;ssl=1\" style=\"width:1px; height:1px; display:inline;\"\/><\/p>\n<p>\u201cEu considero esse assunto encerrado do ponto de vista do debate p\u00fablico. Agora, qualquer coisa que tenha que ser feita, tem que ser feita no processo, se houver o descumprimento\u201d, disse Barroso, referindo-se \u00e0 amea\u00e7a de Musk de n\u00e3o mais cumprir decis\u00f5es do Supremo que restrinjam contas no X. \u201cPor mim, esse \u00e9 um assunto [em] que a gente deve virar a p\u00e1gina\u201d.\u00a0<\/p>\n<p>Questionado sobre poss\u00edvel bloqueio da rede X no Brasil, Barroso disse que o pa\u00eds tem leis e ju\u00edzes e que h\u00e1 san\u00e7\u00f5es previstas para o descumprimento de decis\u00f5es judiciais. \u201cSe houver o descumprimento, a lei prev\u00ea as consequ\u00eancias\u201d, enfatizou o presidente do Supremo ap\u00f3s participar de evento no Superior Tribunal de Justi\u00e7a (STJ).\u00a0<\/p>\n<p>Barroso acrescentou que, \u201c\u00e0s vezes, as pessoas fazem bravatas, mas n\u00e3o implementam as suas declara\u00e7\u00f5es\u201d.<\/p>\n<p>Al\u00e9m de Barroso, tamb\u00e9m <a href=\"https:\/\/agenciabrasil.ebc.com.br\/justica\/noticia\/2024-04\/liberdade-de-expressao-nao-e-liberdade-de-agressao-diz-moraes\" target=\"_blank\" rel=\"noopener\">Moraes e o decano do Supremo, Gilmar Mendes, <\/a>se manifestaram sobre as declara\u00e7\u00f5es de Musk.\u00a0<\/p>\n<p>No plen\u00e1rio, Gilmar Mendes disse que \u201cas manifesta\u00e7\u00f5es veiculadas na rede social X apenas comprovam a necessidade de que o Brasil, de uma vez por todas, regulamente de modo mais preciso o ambiente virtual, como, de resto, ocorre com grande parte dos pa\u00edses democr\u00e1ticos europeus\u201d.<\/p>\n<h2>Entenda o caso<\/h2>\n<p>No \u00faltimo s\u00e1bado (6), o bilion\u00e1rio Elon Musk, dono da rede social X e da fabricante de ve\u00edculos el\u00e9tricos Tesla, iniciou uma s\u00e9rie de postagens criticando o STF e o ministro Alexandre de Moraes.<\/p>\n<p>Ele usou o espa\u00e7o para coment\u00e1rios do perfil do pr\u00f3prio Moraes no X para atac\u00e1-lo. Em uma mensagem de 11 de janeiro, postada por Moraes para parabenizar o ministro aposentado do STF Ricardo Lewandowski por assumir o Minist\u00e9rio da Justi\u00e7a e Seguran\u00e7a P\u00fablica, Musk questionou: \u201cPor que voc\u00ea exige tanta censura no Brasil?\u201d.<\/p>\n<p>Em outra postagem, ainda no s\u00e1bado, Musk prometeu \u201clevantar\u201d [desobedecer] todas as restri\u00e7\u00f5es judiciais, alegando que Moraes amea\u00e7ou prender funcion\u00e1rios do X no Brasil. No domingo (7), Musk acusou Moraes de trair \u201cdescarada e repetidamente a Constitui\u00e7\u00e3o e o povo brasileiro\u201d.<\/p>\n<p>Sustentando que as exig\u00eancias de Moraes violam a pr\u00f3pria legisla\u00e7\u00e3o brasileira, Musk defendeu que o ministro renuncie ou seja destitu\u00eddo do cargo. Pouco depois, recomendou aos internautas brasileiros usar uma rede privada virtual (VPN, do ingl\u00eas <em>Virtual Private Network<\/em>) para acessar todos os recursos da plataforma bloqueados no Brasil.<\/p>\n<p>No pr\u00f3prio domingo, o ministro Alexandre de Moraes determinou a inclus\u00e3o do empres\u00e1rio entre os investigados do chamado Inqu\u00e9rito das Mil\u00edcias Digitais (4.874), que apura a atua\u00e7\u00e3o criminosa de grupos suspeitos de disseminar not\u00edcias falsas em redes sociais para influenciar processos pol\u00edtico.<\/p>\n<\/p><\/div>\n<p><br \/>\n<br \/><a href=\"https:\/\/agenciabrasil.ebc.com.br\/justica\/noticia\/2024-04\/pagina-virada-diz-barroso-sobre-declaracoes-de-musk-contra-moraes-0\" rel=\"noopener\">Ag\u00eancia Brasil<\/a><\/p>\n","protected":false},"excerpt":{"rendered":"<p>O presidente do Supremo Tribunal Federal (STF), Lu\u00eds Roberto Barroso, disse nesta quinta-feira (11) que j\u00e1 foram dadas as respostas necess\u00e1rias e classificou de \u201cp\u00e1gina virada\u201d as recentes declara\u00e7\u00f5es do empres\u00e1rio Elon Musk \u00a0sobre decis\u00f5es do ministro Alexandre de Moraes.\u00a0Musk \u00e9 dono da rede social X (antigo Twitter). \u201cEu considero esse assunto encerrado do ponto [&hellip;]<\/p>\n","protected":false},"author":1,"featured_media":1190,"comment_status":"open","ping_status":"open","sticky":false,"template":"","format":"standard","meta":{"_jetpack_newsletter_access":"","_jetpack_dont_email_post_to_subs":false,"_jetpack_newsletter_tier_id":0,"_jetpack_memberships_contains_paywalled_content":false,"_mbp_banners":[],"_jetpack_feature_clip_id":0,"_jetpack_memberships_contains_paid_content":false,"footnotes":"","jetpack_publicize_message":"","jetpack_publicize_feature_enabled":true,"jetpack_social_post_already_shared":true,"jetpack_social_options":{"image_generator_settings":{"template":"highway","default_image_id":0,"font":"","enabled":false},"version":2},"jetpack_post_was_ever_published":false},"categories":[22],"tags":[],"class_list":["post-1439","post","type-post","status-publish","format-standard","has-post-thumbnail","category-nacional"],"jetpack_publicize_connections":[],"jetpack-related-posts":[],"jetpack_shortlink":"https:\/\/wp.me\/p7Eq1F-nd","jetpack_sharing_enabled":true,"jetpack_featured_media_url":"https:\/\/i0.wp.com\/guialimeira.com.br\/news\/wp-content\/uploads\/2024\/04\/2022-10-28t150218z_1107714427_rc2eax97odyk_rtrmadp_3_twitter-m-a-musk.jpg?fit=1600%2C800&ssl=1","_links":{"self":[{"href":"https:\/\/guialimeira.com.br\/news\/wp-json\/wp\/v2\/posts\/1439","targetHints":{"allow":["GET"]}}],"collection":[{"href":"https:\/\/guialimeira.com.br\/news\/wp-json\/wp\/v2\/posts"}],"about":[{"href":"https:\/\/guialimeira.com.br\/news\/wp-json\/wp\/v2\/types\/post"}],"author":[{"embeddable":true,"href":"https:\/\/guialimeira.com.br\/news\/wp-json\/wp\/v2\/users\/1"}],"replies":[{"embeddable":true,"href":"https:\/\/guialimeira.com.br\/news\/wp-json\/wp\/v2\/comments?post=1439"}],"version-history":[{"count":0,"href":"https:\/\/guialimeira.com.br\/news\/wp-json\/wp\/v2\/posts\/1439\/revisions"}],"wp:featuredmedia":[{"embeddable":true,"href":"https:\/\/guialimeira.com.br\/news\/wp-json\/wp\/v2\/media\/1190"}],"wp:attachment":[{"href":"https:\/\/guialimeira.com.br\/news\/wp-json\/wp\/v2\/media?parent=1439"}],"wp:term":[{"taxonomy":"category","embeddable":true,"href":"https:\/\/guialimeira.com.br\/news\/wp-json\/wp\/v2\/categories?post=1439"},{"taxonomy":"post_tag","embeddable":true,"href":"https:\/\/guialimeira.com.br\/news\/wp-json\/wp\/v2\/tags?post=1439"}],"curies":[{"name":"wp","href":"https:\/\/api.w.org\/{rel}","templated":true}]}}