{"id":14365,"date":"2024-09-17T14:17:31","date_gmt":"2024-09-17T17:17:31","guid":{"rendered":"https:\/\/guialimeira.com.br\/2024\/09\/17\/equador-determina-serie-de-cortes-de-energia-por-causa-de-seca-severa\/"},"modified":"2024-09-17T14:17:31","modified_gmt":"2024-09-17T17:17:31","slug":"equador-determina-serie-de-cortes-de-energia-por-causa-de-seca-severa","status":"publish","type":"post","link":"https:\/\/guialimeira.com.br\/news\/equador-determina-serie-de-cortes-de-energia-por-causa-de-seca-severa\/","title":{"rendered":"Equador determina s\u00e9rie de cortes de energia por causa de seca severa"},"content":{"rendered":"<p> <br \/>\n<\/p>\n<div>\n<p>\u00a0O Equador implementar\u00e1 uma s\u00e9rie de cortes de energia noturnos de oito horas em todo o pa\u00eds na pr\u00f3xima semana, anunciou o governo nessa segunda-feira (16), citando a\u00a0grave seca que fez com que os n\u00edveis dos reservat\u00f3rios\u00a0despencassem, afetando as usinas hidrel\u00e9tricas.<img data-recalc-dims=\"1\" decoding=\"async\" src=\"https:\/\/i0.wp.com\/agenciabrasil.ebc.com.br\/ebc.png?w=696&#038;ssl=1\" style=\"width:1px; height:1px; display:inline;\"\/><img data-recalc-dims=\"1\" decoding=\"async\" src=\"https:\/\/i0.wp.com\/agenciabrasil.ebc.com.br\/ebc.gif?w=696&#038;ssl=1\" style=\"width:1px; height:1px; display:inline;\"\/><\/p>\n<p>O Equador est\u00e1 passando por uma crise de energia, que o governo atribui \u00e0 falta de manuten\u00e7\u00e3o das represas existentes e de contratos para garantir nova gera\u00e7\u00e3o, al\u00e9m da pior seca do pa\u00eds nos \u00faltimos 61 anos.<\/p>\n<p>Os cortes de energia come\u00e7ar\u00e3o na pr\u00f3xima segunda-feira (23) a partir das 22h (hor\u00e1rio local)\u00a0e durar\u00e3o at\u00e9 as 6h do dia seguinte, segundo publica\u00e7\u00e3o do governo no X. A medida ser\u00e1 repetida na ter\u00e7a, quarta e quinta-feira, acrescentou.<\/p>\n<p>N\u00e3o ficou claro por quantas semanas os cortes de energia ser\u00e3o implementados.<\/p>\n<p>&#8220;O cronograma de corte estabelecido foi escolhido com o objetivo de gerar o menor impacto poss\u00edvel sobre as atividades produtivas e o desenvolvimento de dias \u00fateis&#8221;, informa a mensagem.<\/p>\n<p>A medida se soma a um corte de energia programado para esta quarta-feira (18), destinado \u00e0\u00a0manuten\u00e7\u00e3o preventiva em todas as instala\u00e7\u00f5es de transmiss\u00e3o e redes de distribui\u00e7\u00e3o em todo o pa\u00eds.<\/p>\n<p>O governo tomou v\u00e1rias medidas para enfrentar a crise, acrescenta\u00a0o comunicado, incluindo a contrata\u00e7\u00e3o\u00a0de um navio gerador, a tentativa de construir geradores permanentes em terra e a melhoria da infraestrutura abandonada, entre outras.<\/p>\n<p>O Equador precisa de mais 1.000 megawatts &#8212; ou um gigawatt &#8212; de energia para atender \u00e0 demanda nacional, segundo as autoridades.<\/p>\n<p><em><strong>*\u00c9 proibida a reprodu\u00e7\u00e3o deste conte\u00fado.<\/strong><\/em><\/p>\n<\/p><\/div>\n<p><br \/>\n<br \/><a href=\"https:\/\/agenciabrasil.ebc.com.br\/internacional\/noticia\/2024-09\/equador-determina-serie-de-cortes-de-energia-por-causa-de-seca-severa\" rel=\"noopener\">Ag\u00eancia Brasil <\/a><\/p>\n","protected":false},"excerpt":{"rendered":"<p>\u00a0O Equador implementar\u00e1 uma s\u00e9rie de cortes de energia noturnos de oito horas em todo o pa\u00eds na pr\u00f3xima semana, anunciou o governo nessa segunda-feira (16), citando a\u00a0grave seca que fez com que os n\u00edveis dos reservat\u00f3rios\u00a0despencassem, afetando as usinas hidrel\u00e9tricas. O Equador est\u00e1 passando por uma crise de energia, que o governo atribui \u00e0 [&hellip;]<\/p>\n","protected":false},"author":1,"featured_media":269,"comment_status":"open","ping_status":"open","sticky":false,"template":"","format":"standard","meta":{"_jetpack_newsletter_access":"","_jetpack_dont_email_post_to_subs":false,"_jetpack_newsletter_tier_id":0,"_jetpack_memberships_contains_paywalled_content":false,"_mbp_banners":[],"_jetpack_feature_clip_id":0,"_jetpack_memberships_contains_paid_content":false,"footnotes":"","jetpack_publicize_message":"","jetpack_publicize_feature_enabled":true,"jetpack_social_post_already_shared":true,"jetpack_social_options":{"image_generator_settings":{"template":"highway","default_image_id":0,"font":"","enabled":false},"version":2},"jetpack_post_was_ever_published":false},"categories":[25],"tags":[],"class_list":["post-14365","post","type-post","status-publish","format-standard","has-post-thumbnail","category-internacional"],"jetpack_publicize_connections":[],"jetpack-related-posts":[],"jetpack_shortlink":"https:\/\/wp.me\/p7Eq1F-3JH","jetpack_sharing_enabled":true,"jetpack_featured_media_url":"https:\/\/i0.wp.com\/guialimeira.com.br\/news\/wp-content\/uploads\/2024\/03\/thumb_1200x600_agbrasil.png?fit=1200%2C600&ssl=1","_links":{"self":[{"href":"https:\/\/guialimeira.com.br\/news\/wp-json\/wp\/v2\/posts\/14365","targetHints":{"allow":["GET"]}}],"collection":[{"href":"https:\/\/guialimeira.com.br\/news\/wp-json\/wp\/v2\/posts"}],"about":[{"href":"https:\/\/guialimeira.com.br\/news\/wp-json\/wp\/v2\/types\/post"}],"author":[{"embeddable":true,"href":"https:\/\/guialimeira.com.br\/news\/wp-json\/wp\/v2\/users\/1"}],"replies":[{"embeddable":true,"href":"https:\/\/guialimeira.com.br\/news\/wp-json\/wp\/v2\/comments?post=14365"}],"version-history":[{"count":0,"href":"https:\/\/guialimeira.com.br\/news\/wp-json\/wp\/v2\/posts\/14365\/revisions"}],"wp:featuredmedia":[{"embeddable":true,"href":"https:\/\/guialimeira.com.br\/news\/wp-json\/wp\/v2\/media\/269"}],"wp:attachment":[{"href":"https:\/\/guialimeira.com.br\/news\/wp-json\/wp\/v2\/media?parent=14365"}],"wp:term":[{"taxonomy":"category","embeddable":true,"href":"https:\/\/guialimeira.com.br\/news\/wp-json\/wp\/v2\/categories?post=14365"},{"taxonomy":"post_tag","embeddable":true,"href":"https:\/\/guialimeira.com.br\/news\/wp-json\/wp\/v2\/tags?post=14365"}],"curies":[{"name":"wp","href":"https:\/\/api.w.org\/{rel}","templated":true}]}}