{"id":14345,"date":"2024-09-17T09:09:19","date_gmt":"2024-09-17T12:09:19","guid":{"rendered":"https:\/\/guialimeira.com.br\/?p=14345"},"modified":"2024-09-17T09:09:21","modified_gmt":"2024-09-17T12:09:21","slug":"em-parceria-com-a-suzano-sebrae-sp-inicia-acoes-de-capacitacao-profissional-e-mentoria-na-regiao-de-americana","status":"publish","type":"post","link":"https:\/\/guialimeira.com.br\/news\/em-parceria-com-a-suzano-sebrae-sp-inicia-acoes-de-capacitacao-profissional-e-mentoria-na-regiao-de-americana\/","title":{"rendered":"Em parceria com a Suzano, Sebrae-SP inicia a\u00e7\u00f5es de capacita\u00e7\u00e3o profissional e mentoria na regi\u00e3o de Americana"},"content":{"rendered":"\n<p class=\"wp-block-paragraph\"><em>Objetivo do Projeto Semente, que na regi\u00e3o tamb\u00e9m contempla moradores de Limeira, Piracicaba, Charqueada e Elias Fausto, \u00e9 gerar trabalho e renda para pessoas em situa\u00e7\u00e3o de vulnerabilidade social<\/em><\/p>\n\n\n\n<p class=\"wp-block-paragraph\">Com o objetivo de promover o desenvolvimento socioecon\u00f4mico nas regi\u00f5es onde possui opera\u00e7\u00f5es, a Suzano, maior produtora mundial de celulose e refer\u00eancia global na fabrica\u00e7\u00e3o de bioprodutos desenvolvidos a partir&nbsp;do&nbsp;eucalipto, em parceria com o Sebrae-SP, desenvolve o Projeto Semente. A iniciativa ocorre em 69 cidades do Estado de S\u00e3o Paulo, entre elas cinco cidades da \u00e1rea de atua\u00e7\u00e3o do Sebrae Piracicaba \u2013 Americana, Limeira,&nbsp;Piracicaba, Charqueada e Elias Fausto, onde atualmente s\u00e3o beneficiadas cerca de 70 pessoas. Ao todo, a expectativa \u00e9 que o projeto qualifique mais de 2.500 pessoas no Estado de S\u00e3o Paulo.&nbsp;&nbsp;&nbsp;&nbsp;&nbsp;<\/p>\n\n\n\n<p class=\"wp-block-paragraph\">Desenvolvida desde 2022, a iniciativa tem como objetivo gerar renda e novas oportunidades para pessoas em situa\u00e7\u00e3o de vulnerabilidade social, por meio de capacita\u00e7\u00f5es, mentorias e acompanhamento no mercado de trabalho, com foco no empreendedorismo. Com essas a\u00e7\u00f5es, o Projeto Semente j\u00e1 ajudou a retirar da linha da pobreza mais de 1.700 pessoas.<\/p>\n\n\n\n<p class=\"wp-block-paragraph\">\u201cO Projeto Semente est\u00e1 conectado aos Compromissos da Suzano para Renovar a Vida, que tem, entre as metas p\u00fablicas de longo prazo, ajudar a tirar mais de 200 mil pessoas da linha da pobreza nas nossas \u00e1reas de atua\u00e7\u00e3o at\u00e9 2030. Com o Projeto Semente, contribu\u00edmos para o desenvolvimento socioecon\u00f4mico da regi\u00e3o, fomentando o empreendedorismo local e fazendo a diferen\u00e7a na vida de muitas pessoas. Projetos como esse demonstram nosso esfor\u00e7o em prol de uma sociedade mais igualit\u00e1ria, onde as pessoas se tornam protagonistas da pr\u00f3pria hist\u00f3ria a partir de oportunidades criadas por meio de iniciativas conjuntas e estruturantes entre diferentes institui\u00e7\u00f5es\u201d, diz Andr\u00e9 Becher, gerente de Sustentabilidade da Suzano.<\/p>\n\n\n\n<p class=\"wp-block-paragraph\">D\u00e9bora de Paula Rodrigues, gestora do Sebrae-SP que atua com o projeto Semente na regi\u00e3o de Piracicaba, explica a ess\u00eancia da iniciativa: \u201cO Semente \u00e9 um programa de gera\u00e7\u00e3o de renda para pessoas que querem melhorar de vida por meio da qualifica\u00e7\u00e3o profissional. O p\u00fablico-alvo desse projeto s\u00e3o pessoas que geram renda de at\u00e9 R$ 637,00 per capita, ou seja, est\u00e3o na linha da pobreza, e desejam receber conte\u00fados t\u00e9cnicos e de empreendedorismo para profissionalizar a gest\u00e3o de suas atividades e ganhar mais mercado\u201d.<\/p>\n\n\n\n<p class=\"wp-block-paragraph\">Segundo ela, o acesso aos novos mercados pode ocorrer por meio de parcerias que a pr\u00f3pria iniciativa proporciona, como, por exemplo, a participa\u00e7\u00e3o em pequenas feiras regionais para comercializa\u00e7\u00e3o dos produtos ou servi\u00e7os e da profissionaliza\u00e7\u00e3o em ferramentas digitais, que possibilita aos participantes realizar vendas por meio da internet e das redes sociais.<\/p>\n\n\n\n<p class=\"wp-block-paragraph\">Para que os participantes do projeto Semente consigam realizar as vendas de forma mais assertiva e atingir o objetivo de aumentar suas rendas, o Sebrae promove um trabalho de identifica\u00e7\u00e3o do p\u00fablico e de habilidades que eles precisam e desejam melhorar e fornecem os cursos e capacita\u00e7\u00f5es de acordo com as demandas e necessidades de cada um, promovendo posteriormente tamb\u00e9m o acompanhamento individual desses participantes.<\/p>\n\n\n\n<p class=\"wp-block-paragraph\"><strong>Atua\u00e7\u00f5es em Americana<\/strong><strong><\/strong><\/p>\n\n\n\n<p class=\"wp-block-paragraph\">Em Americana, o projeto Semente atua em diversas frentes. O primeiro trabalho teve in\u00edcio em maio deste ano, com a articula\u00e7\u00e3o de atendimento de um grupo de 17&nbsp;afroempreendedores que atuam com economia criativa e artesanato. Por meio da iniciativa, o grupo participou de seis oficinas de forma\u00e7\u00e3o com temas ligados ao empreendedorismo. A capacita\u00e7\u00e3o teve como objetivo prepar\u00e1-los para participar de uma feira local.<\/p>\n\n\n\n<p class=\"wp-block-paragraph\">A iniciativa tamb\u00e9m j\u00e1 beneficiou algumas artes\u00e3s do Cuca (Centro da Universidade de Conhecimento de Americana), que receberam um curso de empreendedorismo direcionado \u00e0 utiliza\u00e7\u00e3o de m\u00eddias sociais; e diversos participantes do curso t\u00e9cnico de Modelagem do Senai Americana, que tem sido beneficiados por meio de acompanhamentos e monitorias individuais.<\/p>\n\n\n\n<p class=\"wp-block-paragraph\">Recentemente, o projeto Semente foi lan\u00e7ado tamb\u00e9m para o p\u00fablico atendido pelo Instituto Torre Forte Zinc\u00e3o \/ INCAB (Instituto Nacional de Desenvolvimento Urbano), onde cerca de 30 pessoas, a maioria mulheres que atuam na \u00e1rea de artesanato, limpeza e coleta de res\u00edduos, se inscreveram para participar das capacita\u00e7\u00f5es. A programa\u00e7\u00e3o de cursos e oficinas oferecidas para esse grupo foi iniciada em agosto.&nbsp;<\/p>\n\n\n\n<p class=\"wp-block-paragraph\">A doceira Regiane Cristina Eleuterio \u00e9 uma das pessoas que passou pelas capacita\u00e7\u00f5es do projeto Semente em Americana. &#8220;Eu gostei bastante dos cursos que participei. Me ajudou muito nas minhas atividades. A gente aprende bastante coisa e depois vai colocando em pr\u00e1tica. Gra\u00e7as \u00e0 Deus, estou vendendo meus brigadeiros e \u00e0s vezes vendo em caixas tamb\u00e9m\u201d, diz.<\/p>\n\n\n\n<p class=\"wp-block-paragraph\">A iniciativa tamb\u00e9m beneficiou Silvana Pinheiro. Ela participou do projeto e agora trabalha vendendo marmitas. &#8220;Tudo o que aprendemos, era o que eu precisava. O curso \u00e9 maravilhoso e veio em um momento em que eu estava perdida. Consegui me organizar e agora estou fazendo marmitas. J\u00e1 consegui at\u00e9 colocar no Ifood\u201d, conta. \u201cSe eu vendo duas ou tr\u00eas marmitas por dia, j\u00e1 fico muito feliz. Mas tenho muito a melhorar&#8221;, acrescenta ela, deixando clara a vontade de avan\u00e7ar e evoluir cada vez mais.<\/p>\n\n\n\n<p class=\"wp-block-paragraph\">Com apoio da Suzano, as a\u00e7\u00f5es do projeto Semente tamb\u00e9m j\u00e1 ocorrem com \u00eaxito nas cidades de Limeira, Piracicaba, Charqueada e Elias Fausto.<\/p>\n\n\n\n<p class=\"wp-block-paragraph\"><strong>Sobre o Sebrae-SP<\/strong><\/p>\n\n\n\n<p class=\"wp-block-paragraph\">O Servi\u00e7o de Apoio \u00e0s Micro e Pequenas Empresas de S\u00e3o Paulo \u00e9 uma entidade privada que promove a competitividade e o desenvolvimento sustent\u00e1vel das micro e pequenas empresas. Tem atua\u00e7\u00e3o com foco no fortalecimento do empreendedorismo e na acelera\u00e7\u00e3o do processo de formaliza\u00e7\u00e3o da economia por meio de parcerias com os setores p\u00fablico e privado, programas de capacita\u00e7\u00e3o, acesso ao cr\u00e9dito e \u00e0 inova\u00e7\u00e3o, est\u00edmulo ao associativismo, feiras e rodadas de neg\u00f3cios. Saiba mais em&nbsp;<a href=\"http:\/\/www.sebrae.com.br\/\" target=\"_blank\" rel=\"noreferrer noopener\">www.sebrae.com.br<\/a>.<\/p>\n\n\n\n<p class=\"wp-block-paragraph\"><strong>Sobre a Suzano<\/strong><\/p>\n\n\n\n<p class=\"wp-block-paragraph\">A Suzano \u00e9 a maior produtora mundial de celulose, uma das maiores produtoras de pap\u00e9is da Am\u00e9rica Latina, l\u00edder no segmento de papel higi\u00eanico no Brasil e refer\u00eancia no desenvolvimento de solu\u00e7\u00f5es sustent\u00e1veis e inovadoras a partir de mat\u00e9ria-prima de fonte renov\u00e1vel. Nossos produtos e solu\u00e7\u00f5es est\u00e3o presentes na vida de mais de 2 bilh\u00f5es de pessoas, abastecem mais de 100 pa\u00edses e incluem celulose, pap\u00e9is para imprimir e escrever, pap\u00e9is para embalagens, copos e canudos, pap\u00e9is sanit\u00e1rios e produtos absorventes, al\u00e9m de novos bioprodutos desenvolvidos para atender a demanda global. A inova\u00e7\u00e3o e a sustentabilidade orientam nosso prop\u00f3sito de \u201cRenovar a vida a partir da \u00e1rvore\u201d e nosso trabalho no enfrentamento dos desafios da sociedade e do planeta. Com 100 anos de hist\u00f3ria, temos a\u00e7\u00f5es nas bolsas do Brasil (SUZB3) e dos Estados Unidos (SUZ). Saiba mais na p\u00e1gina&nbsp;<a href=\"http:\/\/www.suzano.com.br\/\" target=\"_blank\" rel=\"noreferrer noopener\">www.suzano.com.br<\/a>.<\/p>\n","protected":false},"excerpt":{"rendered":"<p>Objetivo do Projeto Semente, que na regi\u00e3o tamb\u00e9m contempla moradores de Limeira, Piracicaba, Charqueada e Elias Fausto, \u00e9 gerar trabalho e renda para pessoas em situa\u00e7\u00e3o de vulnerabilidade social Com o objetivo de promover o desenvolvimento socioecon\u00f4mico nas regi\u00f5es onde possui opera\u00e7\u00f5es, a Suzano, maior produtora mundial de celulose e refer\u00eancia global na fabrica\u00e7\u00e3o de [&hellip;]<\/p>\n","protected":false},"author":2,"featured_media":14346,"comment_status":"open","ping_status":"open","sticky":false,"template":"","format":"standard","meta":{"_jetpack_newsletter_access":"","_jetpack_dont_email_post_to_subs":false,"_jetpack_newsletter_tier_id":0,"_jetpack_memberships_contains_paywalled_content":false,"_mbp_banners":[],"_jetpack_feature_clip_id":0,"_jetpack_memberships_contains_paid_content":false,"footnotes":"","jetpack_publicize_message":"","jetpack_publicize_feature_enabled":true,"jetpack_social_post_already_shared":true,"jetpack_social_options":{"image_generator_settings":{"template":"highway","default_image_id":0,"font":"","enabled":false},"version":2},"jetpack_post_was_ever_published":false},"categories":[1],"tags":[],"class_list":["post-14345","post","type-post","status-publish","format-standard","has-post-thumbnail","category-geral"],"jetpack_publicize_connections":[],"jetpack-related-posts":[],"jetpack_shortlink":"https:\/\/wp.me\/p7Eq1F-3Jn","jetpack_sharing_enabled":true,"jetpack_featured_media_url":"https:\/\/i0.wp.com\/guialimeira.com.br\/news\/wp-content\/uploads\/2024\/09\/1.jpg?fit=1600%2C1200&ssl=1","_links":{"self":[{"href":"https:\/\/guialimeira.com.br\/news\/wp-json\/wp\/v2\/posts\/14345","targetHints":{"allow":["GET"]}}],"collection":[{"href":"https:\/\/guialimeira.com.br\/news\/wp-json\/wp\/v2\/posts"}],"about":[{"href":"https:\/\/guialimeira.com.br\/news\/wp-json\/wp\/v2\/types\/post"}],"author":[{"embeddable":true,"href":"https:\/\/guialimeira.com.br\/news\/wp-json\/wp\/v2\/users\/2"}],"replies":[{"embeddable":true,"href":"https:\/\/guialimeira.com.br\/news\/wp-json\/wp\/v2\/comments?post=14345"}],"version-history":[{"count":1,"href":"https:\/\/guialimeira.com.br\/news\/wp-json\/wp\/v2\/posts\/14345\/revisions"}],"predecessor-version":[{"id":14347,"href":"https:\/\/guialimeira.com.br\/news\/wp-json\/wp\/v2\/posts\/14345\/revisions\/14347"}],"wp:featuredmedia":[{"embeddable":true,"href":"https:\/\/guialimeira.com.br\/news\/wp-json\/wp\/v2\/media\/14346"}],"wp:attachment":[{"href":"https:\/\/guialimeira.com.br\/news\/wp-json\/wp\/v2\/media?parent=14345"}],"wp:term":[{"taxonomy":"category","embeddable":true,"href":"https:\/\/guialimeira.com.br\/news\/wp-json\/wp\/v2\/categories?post=14345"},{"taxonomy":"post_tag","embeddable":true,"href":"https:\/\/guialimeira.com.br\/news\/wp-json\/wp\/v2\/tags?post=14345"}],"curies":[{"name":"wp","href":"https:\/\/api.w.org\/{rel}","templated":true}]}}