{"id":1433,"date":"2024-04-11T14:00:50","date_gmt":"2024-04-11T17:00:50","guid":{"rendered":"https:\/\/guialimeira.com.br\/2024\/04\/11\/tre-rj-convoca-4-milhoes-de-eleitores-para-fazer-biometria\/"},"modified":"2024-04-11T14:00:50","modified_gmt":"2024-04-11T17:00:50","slug":"tre-rj-convoca-4-milhoes-de-eleitores-para-fazer-biometria","status":"publish","type":"post","link":"https:\/\/guialimeira.com.br\/news\/tre-rj-convoca-4-milhoes-de-eleitores-para-fazer-biometria\/","title":{"rendered":"TRE-RJ convoca 4 milh\u00f5es de eleitores para fazer biometria"},"content":{"rendered":"<p> <br \/>\n<\/p>\n<div>\n<p>O presidente do Tribunal Regional Eleitoral do Rio de Janeiro (TRE-RJ), desembargador Henrique Carlos de Andrade Figueira, usou as emissoras de televis\u00e3o abertas do estado, nessa quarta-feira (10), para convocar os eleitores fluminenses a\u00a0fazerem\u00a0a biometria.<img data-recalc-dims=\"1\" decoding=\"async\" src=\"https:\/\/i0.wp.com\/agenciabrasil.ebc.com.br\/ebc.png?w=696&#038;ssl=1\" style=\"width:1px; height:1px; display:inline;\"\/><img data-recalc-dims=\"1\" decoding=\"async\" src=\"https:\/\/i0.wp.com\/agenciabrasil.ebc.com.br\/ebc.gif?w=696&#038;ssl=1\" style=\"width:1px; height:1px; display:inline;\"\/><\/p>\n<p>O objetivo da Justi\u00e7a Eleitoral \u00e9 ter 100% dos eleitores do estado cadastrados com a biometria, que envolve o reconhecimento da identidade por meio da leitura da impress\u00e3o digital.<\/p>\n<p>Segundo o TRE-RJ, mais de 4 milh\u00f5es de eleitores, ou um ter\u00e7o do total, n\u00e3o t\u00eam seus dados biom\u00e9tricos cadastrados na Justi\u00e7a Eleitoral. \u201cA biometria faz parte do cuidado da Justi\u00e7a Eleitoral com a seguran\u00e7a da elei\u00e7\u00e3o. A coleta das digitais aumenta a garantia do eleitor e de todos os atores envolvidos no processo eleitoral, al\u00e9m de evitar filas no dia da elei\u00e7\u00e3o\u201d, afirmou Figueira, no pronunciamento oficial.<\/p>\n<p>Quem ainda n\u00e3o teve sua digital coletada deve procurar um dos <a href=\"http:\/\/\u00a0https:\/\/www.tre-rj.jus.br\/institucional\/enderecos-e-telefones\/lista-completa-de-enderecos-telefones-e-nome-dos-juizes-dos-cartorios-zonas-eleitorais-com-e-mail-para-contato\" target=\"_blank\" rel=\"noopener\">165 cart\u00f3rios eleitorais<\/a> do estado ou uma das 18 <a href=\"https:\/\/www.tre-rj.jus.br\/institucional\/enderecos-e-telefones\/centrais-de-atendimento\" target=\"_blank\" rel=\"noopener\">centrais de atendimento ao eleito<\/a>r. Os postos funcionam de segunda a sexta-feira, das 11h \u00e0s 17h.<\/p>\n<p>Tamb\u00e9m \u00e9 poss\u00edvel tirar d\u00favidas no\u00a0Disque TRE-RJ, pelo\u00a0telefone (21) 3436-9000.\u00a0O prazo para o cadastramento se encerra em 8 de maio. Para saber se j\u00e1 tem sua impress\u00e3o digital cadastrada, o eleitor pode se informar no\u00a0<a href=\"https:\/\/www.tse.jus.br\/servicos-eleitorais\/titulo-e-local-de-votacao\/copy_of_consulta-por-nome\" target=\"_blank\" rel=\"noopener\"><em>site<\/em> do TRE<\/a>.<\/p>\n<p>Segundo o Tribunal Superior Eleitoral (TSE), para os eleitores que estiverem tirando o t\u00edtulo pela primeira vez, a impress\u00e3o digital ser\u00e1 obrigatoriamente coletada. Para os demais eleitores, a biometria ainda n\u00e3o ser\u00e1 obrigat\u00f3ria na vota\u00e7\u00e3o na pr\u00f3xima elei\u00e7\u00e3o, que ocorrer\u00e1\u00a0em outubro deste ano.<\/p>\n<p>O dia 8 de maio tamb\u00e9m marca o fim do prazo para qualquer altera\u00e7\u00e3o no cadastro eleitoral ou mudan\u00e7a de local de vota\u00e7\u00e3o. Servi\u00e7os que n\u00e3o envolvam a coleta de biometria podem ser feitos pelo <em>site<\/em> <a href=\"https:\/\/www.tre-rj.jus.br\/servicos-eleitorais\/atendimento-on-line\/atendimento-on-line\" target=\"_blank\" rel=\"noopener\">T\u00edtulo Net<\/a>.<\/p>\n<\/p><\/div>\n<p><br \/>\n<br \/><a href=\"https:\/\/agenciabrasil.ebc.com.br\/justica\/noticia\/2024-04\/tre-rj-convoca-4-milhoes-de-eleitores-para-fazer-biometria\" rel=\"noopener\">Ag\u00eancia Brasil<\/a><\/p>\n","protected":false},"excerpt":{"rendered":"<p>O presidente do Tribunal Regional Eleitoral do Rio de Janeiro (TRE-RJ), desembargador Henrique Carlos de Andrade Figueira, usou as emissoras de televis\u00e3o abertas do estado, nessa quarta-feira (10), para convocar os eleitores fluminenses a\u00a0fazerem\u00a0a biometria. O objetivo da Justi\u00e7a Eleitoral \u00e9 ter 100% dos eleitores do estado cadastrados com a biometria, que envolve o reconhecimento [&hellip;]<\/p>\n","protected":false},"author":1,"featured_media":1434,"comment_status":"open","ping_status":"open","sticky":false,"template":"","format":"standard","meta":{"_jetpack_newsletter_access":"","_jetpack_dont_email_post_to_subs":false,"_jetpack_newsletter_tier_id":0,"_jetpack_memberships_contains_paywalled_content":false,"_mbp_banners":[],"_jetpack_feature_clip_id":0,"_jetpack_memberships_contains_paid_content":false,"footnotes":"","jetpack_publicize_message":"","jetpack_publicize_feature_enabled":true,"jetpack_social_post_already_shared":true,"jetpack_social_options":{"image_generator_settings":{"template":"highway","default_image_id":0,"font":"","enabled":false},"version":2},"jetpack_post_was_ever_published":false},"categories":[22],"tags":[],"class_list":["post-1433","post","type-post","status-publish","format-standard","has-post-thumbnail","category-nacional"],"jetpack_publicize_connections":[],"jetpack-related-posts":[],"jetpack_shortlink":"https:\/\/wp.me\/p7Eq1F-n7","jetpack_sharing_enabled":true,"jetpack_featured_media_url":"https:\/\/i0.wp.com\/guialimeira.com.br\/news\/wp-content\/uploads\/2024\/04\/biometria.jpg?fit=1600%2C800&ssl=1","_links":{"self":[{"href":"https:\/\/guialimeira.com.br\/news\/wp-json\/wp\/v2\/posts\/1433","targetHints":{"allow":["GET"]}}],"collection":[{"href":"https:\/\/guialimeira.com.br\/news\/wp-json\/wp\/v2\/posts"}],"about":[{"href":"https:\/\/guialimeira.com.br\/news\/wp-json\/wp\/v2\/types\/post"}],"author":[{"embeddable":true,"href":"https:\/\/guialimeira.com.br\/news\/wp-json\/wp\/v2\/users\/1"}],"replies":[{"embeddable":true,"href":"https:\/\/guialimeira.com.br\/news\/wp-json\/wp\/v2\/comments?post=1433"}],"version-history":[{"count":0,"href":"https:\/\/guialimeira.com.br\/news\/wp-json\/wp\/v2\/posts\/1433\/revisions"}],"wp:featuredmedia":[{"embeddable":true,"href":"https:\/\/guialimeira.com.br\/news\/wp-json\/wp\/v2\/media\/1434"}],"wp:attachment":[{"href":"https:\/\/guialimeira.com.br\/news\/wp-json\/wp\/v2\/media?parent=1433"}],"wp:term":[{"taxonomy":"category","embeddable":true,"href":"https:\/\/guialimeira.com.br\/news\/wp-json\/wp\/v2\/categories?post=1433"},{"taxonomy":"post_tag","embeddable":true,"href":"https:\/\/guialimeira.com.br\/news\/wp-json\/wp\/v2\/tags?post=1433"}],"curies":[{"name":"wp","href":"https:\/\/api.w.org\/{rel}","templated":true}]}}