{"id":1430,"date":"2024-04-11T12:59:48","date_gmt":"2024-04-11T15:59:48","guid":{"rendered":"https:\/\/guialimeira.com.br\/2024\/04\/11\/nomeado-novo-diretor-substituto-para-o-presidio-federal-de-mossoro\/"},"modified":"2024-04-11T12:59:48","modified_gmt":"2024-04-11T15:59:48","slug":"nomeado-novo-diretor-substituto-para-o-presidio-federal-de-mossoro","status":"publish","type":"post","link":"https:\/\/guialimeira.com.br\/news\/nomeado-novo-diretor-substituto-para-o-presidio-federal-de-mossoro\/","title":{"rendered":"Nomeado novo diretor substituto para o pres\u00eddio federal de Mossor\u00f3"},"content":{"rendered":"<p> <br \/>\n<\/p>\n<div>\n<p>O Minist\u00e9rio da Justi\u00e7a e Seguran\u00e7a P\u00fablica (MJSP) publicou, nesta quinta-feira (11), no <a href=\"http:\/\/in.gov.br\/en\/web\/dou\/-\/portarias-de-pessoal-se\/mjsp-de-5-de-abril-de-2024-553342872\" target=\"_blank\" rel=\"noopener\"><em>Di\u00e1rio Oficial da Uni\u00e3o<\/em><\/a>, a nomea\u00e7\u00e3o de Roderick Ordakowski como novo diretor substituto do Pres\u00eddio Federal de Mossor\u00f3 (foto), no Rio Grande do Norte.<img data-recalc-dims=\"1\" decoding=\"async\" src=\"https:\/\/i0.wp.com\/agenciabrasil.ebc.com.br\/ebc.png?w=696&#038;ssl=1\" style=\"width:1px; height:1px; display:inline;\"\/><img data-recalc-dims=\"1\" decoding=\"async\" src=\"https:\/\/i0.wp.com\/agenciabrasil.ebc.com.br\/ebc.gif?w=696&#038;ssl=1\" style=\"width:1px; height:1px; display:inline;\"\/><\/p>\n<p>Segundo a Secretaria Nacional de Pol\u00edticas Penais (Senappen\/MJSP), Roderick responder\u00e1 pela unidade \u00a0e continuar\u00e1 como diretor titular de outra penitenci\u00e1ria federal, a de Porto Velho, em Rond\u00f4nia.<\/p>\n<p><a href=\"http:\/\/agenciabrasil.ebc.com.br\/geral\/noticia\/2024-02\/ministerio-anuncia-interventor-da-penitenciaria-federal-em-mossoro\" target=\"_blank\" rel=\"noopener\">Ele substitui o interventor<\/a> da unidade prisional potiguar, Carlos Luis Vieira Pires, nomeado em fevereiro deste ano para assumir o cargo do ent\u00e3o diretor da unidade, Humberto Gleydson Fontinele Alencar, que foi<a href=\"http:\/\/agenciabrasil.ebc.com.br\/justica\/noticia\/2024-02\/lewandowski-afasta-direcao-de-presidio-de-mossoro-e-ordena-intervencao\" target=\"_blank\" rel=\"noopener\"> afastado<\/a> logo ap\u00f3s a fuga de dois detentos da penitenci\u00e1ria considerada de seguran\u00e7a m\u00e1xima.\u00a0 A demiss\u00e3o de Humberto<a href=\"https:\/\/agenciabrasil.ebc.com.br\/en\/node\/1589042\" target=\"_blank\" rel=\"noopener\"> foi oficializada em 5 de abril<\/a> &#8211; um dia ap\u00f3s a captura dos fugitivos Rog\u00e9rio da Silva Mendon\u00e7a e Deibson Cabral Nascimento, no Par\u00e1.<\/p>\n<p>Bacharel em Direito pela Universidade Federal de Mato Grosso do Sul, Roderick Ordakowski \u00e9 funcion\u00e1rio p\u00fablico de carreira da Senappen, do\u00a0 Minist\u00e9rio da Justi\u00e7a, admitido por concurso p\u00fablico em 2009, como agente penitenci\u00e1rio federal.<\/p>\n<\/p><\/div>\n<p><br \/>\n<br \/><a href=\"https:\/\/agenciabrasil.ebc.com.br\/geral\/noticia\/2024-04\/nomeado-novo-diretor-substituto-para-o-presidio-federal-de-mossoro\" rel=\"noopener\">Ag\u00eancia Brasil<\/a><\/p>\n","protected":false},"excerpt":{"rendered":"<p>O Minist\u00e9rio da Justi\u00e7a e Seguran\u00e7a P\u00fablica (MJSP) publicou, nesta quinta-feira (11), no Di\u00e1rio Oficial da Uni\u00e3o, a nomea\u00e7\u00e3o de Roderick Ordakowski como novo diretor substituto do Pres\u00eddio Federal de Mossor\u00f3 (foto), no Rio Grande do Norte. Segundo a Secretaria Nacional de Pol\u00edticas Penais (Senappen\/MJSP), Roderick responder\u00e1 pela unidade \u00a0e continuar\u00e1 como diretor titular de [&hellip;]<\/p>\n","protected":false},"author":1,"featured_media":775,"comment_status":"open","ping_status":"open","sticky":false,"template":"","format":"standard","meta":{"_jetpack_newsletter_access":"","_jetpack_dont_email_post_to_subs":false,"_jetpack_newsletter_tier_id":0,"_jetpack_memberships_contains_paywalled_content":false,"_mbp_banners":[],"_jetpack_feature_clip_id":0,"_jetpack_memberships_contains_paid_content":false,"footnotes":"","jetpack_publicize_message":"","jetpack_publicize_feature_enabled":true,"jetpack_social_post_already_shared":true,"jetpack_social_options":{"image_generator_settings":{"template":"highway","default_image_id":0,"font":"","enabled":false},"version":2},"jetpack_post_was_ever_published":false},"categories":[22],"tags":[],"class_list":["post-1430","post","type-post","status-publish","format-standard","has-post-thumbnail","category-nacional"],"jetpack_publicize_connections":[],"jetpack-related-posts":[],"jetpack_shortlink":"https:\/\/wp.me\/p7Eq1F-n4","jetpack_sharing_enabled":true,"jetpack_featured_media_url":"https:\/\/i0.wp.com\/guialimeira.com.br\/news\/wp-content\/uploads\/2024\/04\/presidio_federal_de_mossoro.jpg?fit=1600%2C800&ssl=1","_links":{"self":[{"href":"https:\/\/guialimeira.com.br\/news\/wp-json\/wp\/v2\/posts\/1430","targetHints":{"allow":["GET"]}}],"collection":[{"href":"https:\/\/guialimeira.com.br\/news\/wp-json\/wp\/v2\/posts"}],"about":[{"href":"https:\/\/guialimeira.com.br\/news\/wp-json\/wp\/v2\/types\/post"}],"author":[{"embeddable":true,"href":"https:\/\/guialimeira.com.br\/news\/wp-json\/wp\/v2\/users\/1"}],"replies":[{"embeddable":true,"href":"https:\/\/guialimeira.com.br\/news\/wp-json\/wp\/v2\/comments?post=1430"}],"version-history":[{"count":0,"href":"https:\/\/guialimeira.com.br\/news\/wp-json\/wp\/v2\/posts\/1430\/revisions"}],"wp:featuredmedia":[{"embeddable":true,"href":"https:\/\/guialimeira.com.br\/news\/wp-json\/wp\/v2\/media\/775"}],"wp:attachment":[{"href":"https:\/\/guialimeira.com.br\/news\/wp-json\/wp\/v2\/media?parent=1430"}],"wp:term":[{"taxonomy":"category","embeddable":true,"href":"https:\/\/guialimeira.com.br\/news\/wp-json\/wp\/v2\/categories?post=1430"},{"taxonomy":"post_tag","embeddable":true,"href":"https:\/\/guialimeira.com.br\/news\/wp-json\/wp\/v2\/tags?post=1430"}],"curies":[{"name":"wp","href":"https:\/\/api.w.org\/{rel}","templated":true}]}}