{"id":1418,"date":"2024-04-11T09:57:42","date_gmt":"2024-04-11T12:57:42","guid":{"rendered":"https:\/\/guialimeira.com.br\/2024\/04\/11\/acidente-com-onibus-mata-oito-pessoas-na-bahia\/"},"modified":"2024-04-11T09:57:42","modified_gmt":"2024-04-11T12:57:42","slug":"acidente-com-onibus-mata-oito-pessoas-na-bahia","status":"publish","type":"post","link":"https:\/\/guialimeira.com.br\/news\/acidente-com-onibus-mata-oito-pessoas-na-bahia\/","title":{"rendered":"Acidente com \u00f4nibus mata oito pessoas na Bahia"},"content":{"rendered":"<p> <br \/>\n<\/p>\n<div>\n<p>Um acidente com um \u00f4nibus de turismo deixou oito mortos, al\u00e9m de 23 feridos, na BR-101, na Bahia. O ve\u00edculo, que tinha 34 pessoas a bordo, tombou depois de bater em um barranco, na cidade de Teixeira de Freitas, por volta das 4h30 da madrugada desta quinta-feira (11).<img data-recalc-dims=\"1\" decoding=\"async\" src=\"https:\/\/i0.wp.com\/agenciabrasil.ebc.com.br\/ebc.png?w=696&#038;ssl=1\" style=\"width:1px; height:1px; display:inline;\"\/><img data-recalc-dims=\"1\" decoding=\"async\" src=\"https:\/\/i0.wp.com\/agenciabrasil.ebc.com.br\/ebc.gif?w=696&#038;ssl=1\" style=\"width:1px; height:1px; display:inline;\"\/><\/p>\n<p>O \u00f4nibus, da empresa RM Viagens e Turismo, viajava do Rio de Janeiro com destino a Porto Seguro, na Bahia. Segundo a Pol\u00edcia Rodovi\u00e1ria Federal (PRF), os feridos foram encaminhados a hospitais.<\/p>\n<p>A PRF acredita que o acidente foi provocado pelo excesso de velocidade. Os dois condutores do ve\u00edculo n\u00e3o se feriram, de acordo com a pol\u00edcia.<\/p>\n<\/p><\/div>\n<p><br \/>\n<br \/><a href=\"https:\/\/agenciabrasil.ebc.com.br\/geral\/noticia\/2024-04\/acidente-com-onibus-mata-oito-pessoas-na-bahia\" rel=\"noopener\">Ag\u00eancia Brasil<\/a><\/p>\n","protected":false},"excerpt":{"rendered":"<p>Um acidente com um \u00f4nibus de turismo deixou oito mortos, al\u00e9m de 23 feridos, na BR-101, na Bahia. O ve\u00edculo, que tinha 34 pessoas a bordo, tombou depois de bater em um barranco, na cidade de Teixeira de Freitas, por volta das 4h30 da madrugada desta quinta-feira (11). O \u00f4nibus, da empresa RM Viagens e [&hellip;]<\/p>\n","protected":false},"author":1,"featured_media":269,"comment_status":"open","ping_status":"open","sticky":false,"template":"","format":"standard","meta":{"_jetpack_newsletter_access":"","_jetpack_dont_email_post_to_subs":false,"_jetpack_newsletter_tier_id":0,"_jetpack_memberships_contains_paywalled_content":false,"_mbp_banners":[],"_jetpack_feature_clip_id":0,"_jetpack_memberships_contains_paid_content":false,"footnotes":"","jetpack_publicize_message":"","jetpack_publicize_feature_enabled":true,"jetpack_social_post_already_shared":true,"jetpack_social_options":{"image_generator_settings":{"template":"highway","default_image_id":0,"font":"","enabled":false},"version":2},"jetpack_post_was_ever_published":false},"categories":[22],"tags":[],"class_list":["post-1418","post","type-post","status-publish","format-standard","has-post-thumbnail","category-nacional"],"jetpack_publicize_connections":[],"jetpack-related-posts":[],"jetpack_shortlink":"https:\/\/wp.me\/p7Eq1F-mS","jetpack_sharing_enabled":true,"jetpack_featured_media_url":"https:\/\/i0.wp.com\/guialimeira.com.br\/news\/wp-content\/uploads\/2024\/03\/thumb_1200x600_agbrasil.png?fit=1200%2C600&ssl=1","_links":{"self":[{"href":"https:\/\/guialimeira.com.br\/news\/wp-json\/wp\/v2\/posts\/1418","targetHints":{"allow":["GET"]}}],"collection":[{"href":"https:\/\/guialimeira.com.br\/news\/wp-json\/wp\/v2\/posts"}],"about":[{"href":"https:\/\/guialimeira.com.br\/news\/wp-json\/wp\/v2\/types\/post"}],"author":[{"embeddable":true,"href":"https:\/\/guialimeira.com.br\/news\/wp-json\/wp\/v2\/users\/1"}],"replies":[{"embeddable":true,"href":"https:\/\/guialimeira.com.br\/news\/wp-json\/wp\/v2\/comments?post=1418"}],"version-history":[{"count":0,"href":"https:\/\/guialimeira.com.br\/news\/wp-json\/wp\/v2\/posts\/1418\/revisions"}],"wp:featuredmedia":[{"embeddable":true,"href":"https:\/\/guialimeira.com.br\/news\/wp-json\/wp\/v2\/media\/269"}],"wp:attachment":[{"href":"https:\/\/guialimeira.com.br\/news\/wp-json\/wp\/v2\/media?parent=1418"}],"wp:term":[{"taxonomy":"category","embeddable":true,"href":"https:\/\/guialimeira.com.br\/news\/wp-json\/wp\/v2\/categories?post=1418"},{"taxonomy":"post_tag","embeddable":true,"href":"https:\/\/guialimeira.com.br\/news\/wp-json\/wp\/v2\/tags?post=1418"}],"curies":[{"name":"wp","href":"https:\/\/api.w.org\/{rel}","templated":true}]}}