{"id":14145,"date":"2024-09-13T10:39:32","date_gmt":"2024-09-13T13:39:32","guid":{"rendered":"https:\/\/guialimeira.com.br\/2024\/09\/13\/zelensky-anuncia-volta-de-49-prisioneiros-detidos-pela-russia\/"},"modified":"2024-09-13T10:39:32","modified_gmt":"2024-09-13T13:39:32","slug":"zelensky-anuncia-volta-de-49-prisioneiros-detidos-pela-russia","status":"publish","type":"post","link":"https:\/\/guialimeira.com.br\/news\/zelensky-anuncia-volta-de-49-prisioneiros-detidos-pela-russia\/","title":{"rendered":"Zelensky anuncia volta de 49 prisioneiros detidos pela R\u00fassia"},"content":{"rendered":"<p> <br \/>\n<\/p>\n<div>\n<p>O presidente ucraniano, Volodymyr Zelensky, anunciou nesta sexta-feira (13)\u00a0o regresso \u00e0 Ucr\u00e2nia de 49 prisioneiros de guerra detidos pela R\u00fassia, incluindo antigos combatentes da Azovstal, a sider\u00fargica\u00a0sitiada pelo Ex\u00e9rcito russo em Mariupol (sudeste) na primavera de 2022.<img data-recalc-dims=\"1\" decoding=\"async\" src=\"https:\/\/i0.wp.com\/agenciabrasil.ebc.com.br\/ebc.png?w=696&#038;ssl=1\" style=\"width:1px; height:1px; display:inline;\"\/><img data-recalc-dims=\"1\" decoding=\"async\" src=\"https:\/\/i0.wp.com\/agenciabrasil.ebc.com.br\/ebc.gif?w=696&#038;ssl=1\" style=\"width:1px; height:1px; display:inline;\"\/><\/p>\n<p>\u201cQuarenta e nove\u00a0ucranianos [militares e civis] regressaram \u00e0\u00a0casa\u201d, declarou o chefe de Estado ucraniano na rede social Telegram, acompanhando a mensagem com fotografias dos soldados, incluindo mulheres, envoltos em bandeiras ucranianas azuis e amarelas, j\u00e1 em territ\u00f3rio da Ucr\u00e2nia.<\/p>\n<p>\u201cObrigado a toda a nossa equipe, que consegue libertar prisioneiros e ref\u00e9ns do cativeiro russo\u201d, disse Zelensky na mensagem, referindo-se aos civis capturados pelas for\u00e7as russas nos territ\u00f3rios ocupados\u00a0que, por vezes, entram nessas trocas de soldados entre Kiev e Moscou.<\/p>\n<p>O chefe de Estado n\u00e3o especificou\u00a0se essa liberta\u00e7\u00e3o \u00e9 resultado de uma troca de prisioneiros com a R\u00fassia, mas tudo indica que se trata de nova iniciativa do g\u00eanero, embora Moscou\u00a0nada tenha informado\u00a0a esse respeito.<\/p>\n<p>Zelensky agradeceu tamb\u00e9m \u00e0s unidades do Ex\u00e9rcito ucraniano que capturam soldados russos pelo papel na viabiliza\u00e7\u00e3o dessas trocas, aumentando o n\u00famero de prisioneiros inimigos a serem trocados nesses processos.<\/p>\n<p><em><strong>*\u00c9 proibida a reprodu\u00e7\u00e3o deste conte\u00fado.<\/strong><\/em><\/p>\n<\/p><\/div>\n<p><br \/>\n<br \/><a href=\"https:\/\/agenciabrasil.ebc.com.br\/internacional\/noticia\/2024-09\/zelensky-anuncia-volta-de-49-prisioneiros-detidos-pela-russia\" rel=\"noopener\">Ag\u00eancia Brasil <\/a><\/p>\n","protected":false},"excerpt":{"rendered":"<p>O presidente ucraniano, Volodymyr Zelensky, anunciou nesta sexta-feira (13)\u00a0o regresso \u00e0 Ucr\u00e2nia de 49 prisioneiros de guerra detidos pela R\u00fassia, incluindo antigos combatentes da Azovstal, a sider\u00fargica\u00a0sitiada pelo Ex\u00e9rcito russo em Mariupol (sudeste) na primavera de 2022. \u201cQuarenta e nove\u00a0ucranianos [militares e civis] regressaram \u00e0\u00a0casa\u201d, declarou o chefe de Estado ucraniano na rede social Telegram, [&hellip;]<\/p>\n","protected":false},"author":1,"featured_media":14146,"comment_status":"open","ping_status":"open","sticky":false,"template":"","format":"standard","meta":{"_jetpack_newsletter_access":"","_jetpack_dont_email_post_to_subs":false,"_jetpack_newsletter_tier_id":0,"_jetpack_memberships_contains_paywalled_content":false,"_mbp_banners":[],"_jetpack_feature_clip_id":0,"_jetpack_memberships_contains_paid_content":false,"footnotes":"","jetpack_publicize_message":"","jetpack_publicize_feature_enabled":true,"jetpack_social_post_already_shared":true,"jetpack_social_options":{"image_generator_settings":{"template":"highway","default_image_id":0,"font":"","enabled":false},"version":2},"jetpack_post_was_ever_published":false},"categories":[25],"tags":[],"class_list":["post-14145","post","type-post","status-publish","format-standard","has-post-thumbnail","category-internacional"],"jetpack_publicize_connections":[],"jetpack-related-posts":[],"jetpack_shortlink":"https:\/\/wp.me\/p7Eq1F-3G9","jetpack_sharing_enabled":true,"jetpack_featured_media_url":"https:\/\/i0.wp.com\/guialimeira.com.br\/news\/wp-content\/uploads\/2024\/09\/2022-03-08t112338z_1646907200_dpam220308x99x432341_rtrfipp_4_politics-headsofstate-conflict-war-defe.jpeg?fit=1600%2C800&ssl=1","_links":{"self":[{"href":"https:\/\/guialimeira.com.br\/news\/wp-json\/wp\/v2\/posts\/14145","targetHints":{"allow":["GET"]}}],"collection":[{"href":"https:\/\/guialimeira.com.br\/news\/wp-json\/wp\/v2\/posts"}],"about":[{"href":"https:\/\/guialimeira.com.br\/news\/wp-json\/wp\/v2\/types\/post"}],"author":[{"embeddable":true,"href":"https:\/\/guialimeira.com.br\/news\/wp-json\/wp\/v2\/users\/1"}],"replies":[{"embeddable":true,"href":"https:\/\/guialimeira.com.br\/news\/wp-json\/wp\/v2\/comments?post=14145"}],"version-history":[{"count":0,"href":"https:\/\/guialimeira.com.br\/news\/wp-json\/wp\/v2\/posts\/14145\/revisions"}],"wp:featuredmedia":[{"embeddable":true,"href":"https:\/\/guialimeira.com.br\/news\/wp-json\/wp\/v2\/media\/14146"}],"wp:attachment":[{"href":"https:\/\/guialimeira.com.br\/news\/wp-json\/wp\/v2\/media?parent=14145"}],"wp:term":[{"taxonomy":"category","embeddable":true,"href":"https:\/\/guialimeira.com.br\/news\/wp-json\/wp\/v2\/categories?post=14145"},{"taxonomy":"post_tag","embeddable":true,"href":"https:\/\/guialimeira.com.br\/news\/wp-json\/wp\/v2\/tags?post=14145"}],"curies":[{"name":"wp","href":"https:\/\/api.w.org\/{rel}","templated":true}]}}