{"id":14140,"date":"2024-09-13T08:31:31","date_gmt":"2024-09-13T11:31:31","guid":{"rendered":"https:\/\/guialimeira.com.br\/2024\/09\/13\/cpi-da-alerj-dos-planos-de-saude-vai-convocar-representantes-da-unimed\/"},"modified":"2024-09-13T08:31:31","modified_gmt":"2024-09-13T11:31:31","slug":"cpi-da-alerj-dos-planos-de-saude-vai-convocar-representantes-da-unimed","status":"publish","type":"post","link":"https:\/\/guialimeira.com.br\/news\/cpi-da-alerj-dos-planos-de-saude-vai-convocar-representantes-da-unimed\/","title":{"rendered":"CPI da Alerj dos planos de sa\u00fade vai convocar representantes da Unimed"},"content":{"rendered":"<p> <br \/>\n<\/p>\n<div>\n<p>A Comiss\u00e3o Parlamentar de Inqu\u00e9rito (CPI)\u00a0da Assembleia Legislativa do Rio de Janeiro (Alerj), destinada a investigar planos de sa\u00fade que cancelam unilateralmente contratos com pessoas com defici\u00eancia, decidiu nessa quinta-feira (12) que ser\u00e3o convocados a depor todos os respons\u00e1veis\u00a0pelas representa\u00e7\u00f5es locais do sistema Unimed, que abrange o maior n\u00famero de benefici\u00e1rios do estado.<img data-recalc-dims=\"1\" decoding=\"async\" src=\"https:\/\/i0.wp.com\/agenciabrasil.ebc.com.br\/ebc.png?w=696&#038;ssl=1\" style=\"width:1px; height:1px; display:inline;\"\/><img data-recalc-dims=\"1\" decoding=\"async\" src=\"https:\/\/i0.wp.com\/agenciabrasil.ebc.com.br\/ebc.gif?w=696&#038;ssl=1\" style=\"width:1px; height:1px; display:inline;\"\/><\/p>\n<p>A decis\u00e3o foi encaminhada pelo presidente do colegiado, deputado Fred Pacheco, ap\u00f3s depoimento do gerente jur\u00eddico da Unimed-Ferj, Carlos Finhani.\u00a0 Ele prestou depoimento no lugar do presidente da empresa, Jo\u00e3o Alberrto da Cruz, que embora convocado, disse que n\u00e3o compareceria \u00e0 audi\u00eancia.<\/p>\n<p>O executivo afirmou que a empresa s\u00f3 responde juridicamente pelos clientes da sua carteira e da Unimed-Rio, cujos benefici\u00e1rios foram absorvidos em abril deste ano. E que, por isso, n\u00e3o tem o poder de tomar decis\u00f5es nem de propor solu\u00e7\u00f5es em nome das demais representa\u00e7\u00f5es da Unimed que atendem no restante do estado. &#8220;Se a Unimed-Ferj n\u00e3o pode responder pelas empresas singulares, ent\u00e3o a gente vai chamar cada um dos respons\u00e1veis por elas pra que possamos encaminhar solu\u00e7\u00f5es e compromissos a fim de preservar a vida dos benefici\u00e1rios&#8221;, afirmou\u00a0Pacheco.<\/p>\n<p>Finhani reconheceu que h\u00e1 falhas no cumprimento de decis\u00f5es judiciais contra os cancelamentos unilaterais de contratos e de pagamento de profissionais credenciados, fruto da absor\u00e7\u00e3o da carteira de cerca de 480 mil benefici\u00e1rios da Unimed Rio, que havia entrado em Regime de Dire\u00e7\u00e3o Fiscal pela Ag\u00eancia Nacional de Sa\u00fade (ANS).<\/p>\n<p>Em raz\u00e3o disso, a Unimed-Ferj se comprometeu a criar um canal direto com a Comiss\u00e3o da Pessoa com Defici\u00eancia da Alerj. A a\u00e7\u00e3o tem como objetivo resolver, segundo Finhani, casos mais graves num prazo de at\u00e9 24 horas.<\/p>\n<p>\u201cQuero lembrar que todos que aqui dep\u00f5em est\u00e3o sob o compromisso da verdade. Se h\u00e1 essa promessa, n\u00f3s vamos encaminhar os casos e cobrar a solu\u00e7\u00e3o imediata\u201d, esclareceu Pacheco, que tamb\u00e9m preside a Comiss\u00e3o de Pessoas com Defici\u00eancia.<\/p>\n<p>Durante a 5\u00aa Reuni\u00e3o Ordin\u00e1ria, ficou decidida a prorroga\u00e7\u00e3o da CPI por mais 60 dias. O prazo original para o encerramento dos trabalhos era\u00a0 29 de setembro.<\/p>\n<\/p><\/div>\n<p><br \/>\n<br \/><a href=\"https:\/\/agenciabrasil.ebc.com.br\/saude\/noticia\/2024-09\/cpi-da-alerj-dos-planos-de-saude-vai-convocar-representantes-da-unimed\" rel=\"noopener\">Ag\u00eancia Brasil <\/a><\/p>\n","protected":false},"excerpt":{"rendered":"<p>A Comiss\u00e3o Parlamentar de Inqu\u00e9rito (CPI)\u00a0da Assembleia Legislativa do Rio de Janeiro (Alerj), destinada a investigar planos de sa\u00fade que cancelam unilateralmente contratos com pessoas com defici\u00eancia, decidiu nessa quinta-feira (12) que ser\u00e3o convocados a depor todos os respons\u00e1veis\u00a0pelas representa\u00e7\u00f5es locais do sistema Unimed, que abrange o maior n\u00famero de benefici\u00e1rios do estado. A decis\u00e3o [&hellip;]<\/p>\n","protected":false},"author":1,"featured_media":269,"comment_status":"open","ping_status":"open","sticky":false,"template":"","format":"standard","meta":{"_jetpack_newsletter_access":"","_jetpack_dont_email_post_to_subs":false,"_jetpack_newsletter_tier_id":0,"_jetpack_memberships_contains_paywalled_content":false,"_mbp_banners":[],"_jetpack_feature_clip_id":0,"_jetpack_memberships_contains_paid_content":false,"footnotes":"","jetpack_publicize_message":"","jetpack_publicize_feature_enabled":true,"jetpack_social_post_already_shared":true,"jetpack_social_options":{"image_generator_settings":{"template":"highway","default_image_id":0,"font":"","enabled":false},"version":2},"jetpack_post_was_ever_published":false},"categories":[15],"tags":[],"class_list":["post-14140","post","type-post","status-publish","format-standard","has-post-thumbnail","category-saude"],"jetpack_publicize_connections":[],"jetpack-related-posts":[],"jetpack_shortlink":"https:\/\/wp.me\/p7Eq1F-3G4","jetpack_sharing_enabled":true,"jetpack_featured_media_url":"https:\/\/i0.wp.com\/guialimeira.com.br\/news\/wp-content\/uploads\/2024\/03\/thumb_1200x600_agbrasil.png?fit=1200%2C600&ssl=1","_links":{"self":[{"href":"https:\/\/guialimeira.com.br\/news\/wp-json\/wp\/v2\/posts\/14140","targetHints":{"allow":["GET"]}}],"collection":[{"href":"https:\/\/guialimeira.com.br\/news\/wp-json\/wp\/v2\/posts"}],"about":[{"href":"https:\/\/guialimeira.com.br\/news\/wp-json\/wp\/v2\/types\/post"}],"author":[{"embeddable":true,"href":"https:\/\/guialimeira.com.br\/news\/wp-json\/wp\/v2\/users\/1"}],"replies":[{"embeddable":true,"href":"https:\/\/guialimeira.com.br\/news\/wp-json\/wp\/v2\/comments?post=14140"}],"version-history":[{"count":0,"href":"https:\/\/guialimeira.com.br\/news\/wp-json\/wp\/v2\/posts\/14140\/revisions"}],"wp:featuredmedia":[{"embeddable":true,"href":"https:\/\/guialimeira.com.br\/news\/wp-json\/wp\/v2\/media\/269"}],"wp:attachment":[{"href":"https:\/\/guialimeira.com.br\/news\/wp-json\/wp\/v2\/media?parent=14140"}],"wp:term":[{"taxonomy":"category","embeddable":true,"href":"https:\/\/guialimeira.com.br\/news\/wp-json\/wp\/v2\/categories?post=14140"},{"taxonomy":"post_tag","embeddable":true,"href":"https:\/\/guialimeira.com.br\/news\/wp-json\/wp\/v2\/tags?post=14140"}],"curies":[{"name":"wp","href":"https:\/\/api.w.org\/{rel}","templated":true}]}}