{"id":14104,"date":"2024-09-12T19:18:43","date_gmt":"2024-09-12T22:18:43","guid":{"rendered":"https:\/\/guialimeira.com.br\/2024\/09\/12\/oms-pelo-menos-25-dos-feridos-em-gaza-tem-lesoes-graves-e-duradoras\/"},"modified":"2024-09-12T19:18:43","modified_gmt":"2024-09-12T22:18:43","slug":"oms-pelo-menos-25-dos-feridos-em-gaza-tem-lesoes-graves-e-duradoras","status":"publish","type":"post","link":"https:\/\/guialimeira.com.br\/news\/oms-pelo-menos-25-dos-feridos-em-gaza-tem-lesoes-graves-e-duradoras\/","title":{"rendered":"OMS: pelo menos 25% dos feridos em Gaza t\u00eam les\u00f5es graves e duradoras"},"content":{"rendered":"<p> <br \/>\n<\/p>\n<div>\n<p>Pelo menos um quarto dos 22,5 mil feridos em conflitos na Faixa de Gaza at\u00e9 o dia 23 de julho apresentam les\u00f5es que exigem acesso a servi\u00e7os de reabilita\u00e7\u00e3o no momento atual e ao longo dos pr\u00f3ximos anos. Os dados foram divulgados nesta quinta-feira (12) pela Organiza\u00e7\u00e3o Mundial da Sa\u00fade (OMS).<img data-recalc-dims=\"1\" decoding=\"async\" src=\"https:\/\/i0.wp.com\/agenciabrasil.ebc.com.br\/ebc.png?w=696&#038;ssl=1\" style=\"width:1px; height:1px; display:inline;\"\/><img data-recalc-dims=\"1\" decoding=\"async\" src=\"https:\/\/i0.wp.com\/agenciabrasil.ebc.com.br\/ebc.gif?w=696&#038;ssl=1\" style=\"width:1px; height:1px; display:inline;\"\/><\/p>\n<p>Dados da entidade mostram que les\u00f5es graves nos membros representam a principal causa de necessidade de acesso a servi\u00e7os de reabilita\u00e7\u00e3o. A estimativa \u00e9 que entre 13.455 e 17.550 do total de feridos em Gaza apresentem esse tipo de quadro. Muitos, inclusive, t\u00eam\u00a0mais de uma les\u00e3o.<\/p>\n<p>A OMS notificou ainda entre 3.105 e 4.050 amputa\u00e7\u00f5es de membros em meio aos feridos em Gaza, al\u00e9m do aumento de registros de les\u00f5es na medula espinhal, les\u00f5es cerebrais traum\u00e1ticas e queimaduras graves, quadros que contribuem para o montante de les\u00f5es graves e duradouras. Dentre os feridos nessas condi\u00e7\u00f5es, a entidade destaca milhares de mulheres e crian\u00e7as.<\/p>\n<p>\u201cAtualmente, apenas 17 dos 36 hospitais em Gaza permanecem parcialmente funcionais, enquanto a aten\u00e7\u00e3o prim\u00e1ria \u00e0 sa\u00fade e os servi\u00e7os prestados em comunidades s\u00e3o frequentemente suspensos ou se tornam inacess\u00edveis por conta da\u00a0falta de seguran\u00e7a, ataques e repetidas ordens de evacua\u00e7\u00e3o\u201d, ressaltou a organiza\u00e7\u00e3o.<\/p>\n<p>Al\u00e9m disso, o \u00fanico centro para reconstru\u00e7\u00e3o e reabilita\u00e7\u00e3o de membros em Gaza, que funcionava com o apoio da OMS, foi desativado em dezembro de 2023 por falta de insumos e tamb\u00e9m de profissionais especializados, obrigados a deixar a regi\u00e3o em busca de seguran\u00e7a. Em fevereiro de 2024, o local foi danificado em meio aos conflitos.<\/p>\n<p>\u201cTragicamente, muitas equipes de reabilita\u00e7\u00e3o em Gaza foram comprometidas. Dados mostram que 39 fisioterapeutas foram mortos at\u00e9 o dia 30 de maio. Servi\u00e7os de reabilita\u00e7\u00e3o e pr\u00f3teses hospitalares n\u00e3o est\u00e3o mais dispon\u00edveis e o n\u00famero de pessoas com les\u00f5es que exigem esse tipo de tratamento excede muito o que est\u00e1 dispon\u00edvel\u201d, informa a organiza\u00e7\u00e3o.<\/p>\n<p>\u201cParceiros relatam que os estoques de produtos para assist\u00eancia essencial, incluindo cadeiras de rodas e muletas, se esgotaram e \u00e9 dif\u00edcil reabastecer esse tipo de suprimento em raz\u00e3o do fluxo restrito de ajuda para Gaza\u201d, concluiu a OMS.\u00a0<\/p>\n<\/p><\/div>\n<p><br \/>\n<br \/><a href=\"https:\/\/agenciabrasil.ebc.com.br\/saude\/noticia\/2024-09\/oms-pelo-menos-25-dos-feridos-em-gaza-tem-lesoes-graves-e-duradoras\" rel=\"noopener\">Ag\u00eancia Brasil <\/a><\/p>\n","protected":false},"excerpt":{"rendered":"<p>Pelo menos um quarto dos 22,5 mil feridos em conflitos na Faixa de Gaza at\u00e9 o dia 23 de julho apresentam les\u00f5es que exigem acesso a servi\u00e7os de reabilita\u00e7\u00e3o no momento atual e ao longo dos pr\u00f3ximos anos. Os dados foram divulgados nesta quinta-feira (12) pela Organiza\u00e7\u00e3o Mundial da Sa\u00fade (OMS). Dados da entidade mostram [&hellip;]<\/p>\n","protected":false},"author":1,"featured_media":14105,"comment_status":"open","ping_status":"open","sticky":false,"template":"","format":"standard","meta":{"_jetpack_newsletter_access":"","_jetpack_dont_email_post_to_subs":false,"_jetpack_newsletter_tier_id":0,"_jetpack_memberships_contains_paywalled_content":false,"_mbp_banners":[],"_jetpack_feature_clip_id":0,"_jetpack_memberships_contains_paid_content":false,"footnotes":"","jetpack_publicize_message":"","jetpack_publicize_feature_enabled":true,"jetpack_social_post_already_shared":true,"jetpack_social_options":{"image_generator_settings":{"template":"highway","default_image_id":0,"font":"","enabled":false},"version":2},"jetpack_post_was_ever_published":false},"categories":[15],"tags":[],"class_list":["post-14104","post","type-post","status-publish","format-standard","has-post-thumbnail","category-saude"],"jetpack_publicize_connections":[],"jetpack-related-posts":[],"jetpack_shortlink":"https:\/\/wp.me\/p7Eq1F-3Fu","jetpack_sharing_enabled":true,"jetpack_featured_media_url":"https:\/\/i0.wp.com\/guialimeira.com.br\/news\/wp-content\/uploads\/2024\/09\/couloir_egh_0224_rhama.jpg?fit=1600%2C800&ssl=1","_links":{"self":[{"href":"https:\/\/guialimeira.com.br\/news\/wp-json\/wp\/v2\/posts\/14104","targetHints":{"allow":["GET"]}}],"collection":[{"href":"https:\/\/guialimeira.com.br\/news\/wp-json\/wp\/v2\/posts"}],"about":[{"href":"https:\/\/guialimeira.com.br\/news\/wp-json\/wp\/v2\/types\/post"}],"author":[{"embeddable":true,"href":"https:\/\/guialimeira.com.br\/news\/wp-json\/wp\/v2\/users\/1"}],"replies":[{"embeddable":true,"href":"https:\/\/guialimeira.com.br\/news\/wp-json\/wp\/v2\/comments?post=14104"}],"version-history":[{"count":0,"href":"https:\/\/guialimeira.com.br\/news\/wp-json\/wp\/v2\/posts\/14104\/revisions"}],"wp:featuredmedia":[{"embeddable":true,"href":"https:\/\/guialimeira.com.br\/news\/wp-json\/wp\/v2\/media\/14105"}],"wp:attachment":[{"href":"https:\/\/guialimeira.com.br\/news\/wp-json\/wp\/v2\/media?parent=14104"}],"wp:term":[{"taxonomy":"category","embeddable":true,"href":"https:\/\/guialimeira.com.br\/news\/wp-json\/wp\/v2\/categories?post=14104"},{"taxonomy":"post_tag","embeddable":true,"href":"https:\/\/guialimeira.com.br\/news\/wp-json\/wp\/v2\/tags?post=14104"}],"curies":[{"name":"wp","href":"https:\/\/api.w.org\/{rel}","templated":true}]}}