{"id":14096,"date":"2024-09-12T18:17:29","date_gmt":"2024-09-12T21:17:29","guid":{"rendered":"https:\/\/guialimeira.com.br\/2024\/09\/12\/quem-foi-alyne-pimentel-que-da-nome-a-rede-para-gestantes-e-bebes\/"},"modified":"2024-09-12T18:17:29","modified_gmt":"2024-09-12T21:17:29","slug":"quem-foi-alyne-pimentel-que-da-nome-a-rede-para-gestantes-e-bebes","status":"publish","type":"post","link":"https:\/\/guialimeira.com.br\/news\/quem-foi-alyne-pimentel-que-da-nome-a-rede-para-gestantes-e-bebes\/","title":{"rendered":"Quem foi Alyne Pimentel, que d\u00e1 nome a rede para gestantes e beb\u00eas"},"content":{"rendered":"<p> <br \/>\n<\/p>\n<div>\n<p>O governo federal lan\u00e7ou nesta quinta-feira (12), em Belford Roxo, no Rio de Janeiro, um <a href=\"https:\/\/agenciabrasil.ebc.com.br\/saude\/noticia\/2024-09\/estrategia-do-governo-quer-reduzir-mortalidade-materna-em-25-ate-2027\" target=\"_blank\" rel=\"noopener\">programa para reduzir a mortalidade materna<\/a> em 25% at\u00e9 2027. Em rela\u00e7\u00e3o a mulheres pretas, a inten\u00e7\u00e3o \u00e9 reduzir a mortalidade em 50% no mesmo per\u00edodo. Chamado de Rede Alyne, a iniciativa \u00e9 uma reestrutura\u00e7\u00e3o da antiga Rede Cegonha, de cuidados a gestantes e beb\u00eas na rede p\u00fablica.<img data-recalc-dims=\"1\" decoding=\"async\" src=\"https:\/\/i0.wp.com\/agenciabrasil.ebc.com.br\/ebc.png?w=696&#038;ssl=1\" style=\"width:1px; height:1px; display:inline;\"\/><img data-recalc-dims=\"1\" decoding=\"async\" src=\"https:\/\/i0.wp.com\/agenciabrasil.ebc.com.br\/ebc.gif?w=696&#038;ssl=1\" style=\"width:1px; height:1px; display:inline;\"\/><\/p>\n<p>A iniciativa homenageia a jovem Alyne Pimentel, uma jovem negra que morreu aos 28 anos, gr\u00e1vida de seis meses, por falta de atendimento adequado na rede p\u00fablica de sa\u00fade do munic\u00edpio de Belford Roxo (RJ), em 2002. Alyne tamb\u00e9m era m\u00e3e de uma crian\u00e7a de 5 anos.\u00a0<\/p>\n<p>A morte da jovem levou o Brasil a ser <a href=\"https:\/\/agenciabrasil.ebc.com.br\/geral\/noticia\/2015-05\/negligencia-em-casos-de-mortes-maternas-ja-levou-brasil-ser-condenado-pela-onu\" target=\"_blank\" rel=\"noopener\">condenado internacionalmente<\/a>, em 2011, pelo Comit\u00ea para Elimina\u00e7\u00e3o de todas as Formas de Discrimina\u00e7\u00e3o contra Mulheres (Cedaw) das Na\u00e7\u00f5es Unidas (ONU), com recomenda\u00e7\u00f5es para diminuir os n\u00fameros de morte materna evit\u00e1vel, reconhecida como viola\u00e7\u00e3o de direitos humanos das mulheres a uma maternidade segura.<\/p>\n<p>Em 2014, 12 anos ap\u00f3s a morte de Alyne, o <a href=\"https:\/\/agenciabrasil.ebc.com.br\/direitos-humanos\/noticia\/2014-03\/governo-brasileiro-indeniza-familia-de-jovem-morta-em-2002\" target=\"_blank\" rel=\"noopener\">governo federal indenizou sua fam\u00edlia<\/a>. Na ocasi\u00e3o, uma cerim\u00f4nia simb\u00f3lica foi realizada em Bras\u00edlia, onde a m\u00e3e de Alyne, Maria de Lourdes da Silva Pimentel, recebeu uma placa em homenagem \u00e0 sua filha. O governo pagou a Maria de Lourdes US$ 55 mil, a t\u00edtulo de repara\u00e7\u00e3o financeira pela morte de Alyne.<\/p>\n<h2>N\u00fameros<\/h2>\n<p>Em 2022, a raz\u00e3o de mortalidade materna (n\u00famero de \u00f3bitos a cada 100 mil nascidos vivos) de m\u00e3es pretas foi o dobro em rela\u00e7\u00e3o ao geral: 110,6. No geral, foram 57,7 \u00f3bitos a cada 100 mil nascidos vivos.<\/p>\n<p>O Brasil quer atingir o Objetivo de Desenvolvimento Sustent\u00e1vel (ODS), da Organiza\u00e7\u00e3o das Na\u00e7\u00f5es Unidas (ONU), com a marca de 30 \u00f3bitos por 100 mil nascidos vivos, at\u00e9 2030.<\/p>\n<h2>Investimentos<\/h2>\n<div class=\"dnd-widget-wrapper context-cheio_8colunas type-image\">\n<div class=\"dnd-atom-rendered\"><!-- scald=399134:cheio_8colunas --><\/p>\n<div class=\"shadow overflow-hidden rounded-lg d-block w-100\">\n            <img data-recalc-dims=\"1\" decoding=\"async\" src=\"https:\/\/i0.wp.com\/agenciabrasil.ebc.com.br\/sites\/default\/files\/thumbnails\/image\/loading_v2.gif?w=696&#038;ssl=1\" data-echo=\"https:\/\/imagens.ebc.com.br\/DxfkDW44ld5kM1FDft3dd6NBxiI=\/754x0\/smart\/https:\/\/agenciabrasil.ebc.com.br\/sites\/default\/files\/thumbnails\/image\/2024\/09\/12\/53990212741_9d2b978088_o.jpg?itok=reowjsJh\" alt=\"Belford Roxo (RJ), 12\/09\/2024 - Presidente da Rep\u00fablica, Luiz In\u00e1cio Lula da Silva, durante cerim\u00f4nia de lan\u00e7amento da Rede Alyne de Cuidado Integral a Gestantes e Beb\u00eas. Foto: Ricardo Stuckert\/PR\" title=\"Ricardo Stuckert\/PR\" class=\"flex-fill img-cover\"\/><br \/>\n        <img data-recalc-dims=\"1\" decoding=\"async\" src=\"https:\/\/i0.wp.com\/imagens.ebc.com.br\/DxfkDW44ld5kM1FDft3dd6NBxiI%3D\/754x0\/smart\/https%3A\/\/agenciabrasil.ebc.com.br\/sites\/default\/files\/thumbnails\/image\/2024\/09\/12\/53990212741_9d2b978088_o.jpg?w=696&#038;ssl=1\" alt=\"Belford Roxo (RJ), 12\/09\/2024 - Presidente da Rep\u00fablica, Luiz In\u00e1cio Lula da Silva, durante cerim\u00f4nia de lan\u00e7amento da Rede Alyne de Cuidado Integral a Gestantes e Beb\u00eas. Foto: Ricardo Stuckert\/PR\" title=\"Ricardo Stuckert\/PR\" class=\"flex-fill img-cover\"\/>\n    <\/div>\n<p><!-- END scald=399134 --><\/div>\n<div class=\"dnd-caption-wrapper\">\n<p>Presidente da Rep\u00fablica, Luiz In\u00e1cio Lula da Silva, durante cerim\u00f4nia de lan\u00e7amento da Rede Alyne de Cuidado Integral a Gestantes e Beb\u00eas. Foto: <strong>Ricardo Stuckert\/PR<\/strong><!--END copyright=399134--><\/p>\n<\/div>\n<\/div>\n<p>A meta da Rede Alyne \u00e9 beneficiar mulheres com cuidado humanizado e integral, observando as desigualdades \u00e9tnico-raciais e regionais.<\/p>\n<p>Durante o lan\u00e7amento, o presidente Luiz In\u00e1cio Lula da Silva destacou a import\u00e2ncia de que as mulheres gr\u00e1vidas sejam bem tratadas ao procurarem atendimento m\u00e9dico.<\/p>\n<p>\u201cN\u00f3s queremos criar um programa para que a mulher seja atendida com dec\u00eancia, para que a mulher fa\u00e7a todos os exames necess\u00e1rios, para que a mulher possa fazer todas as fotografias que ela quiser fazer do \u00fatero para ver como \u00e9 que est\u00e1 a crian\u00e7a, para que a gente possa fazer com que a mulher chegue saud\u00e1vel no m\u00e9dico e saia de l\u00e1, al\u00e9m de saud\u00e1vel, com uma crian\u00e7a muito bonita no seu colo\u201d, disse o presidente Luiz In\u00e1cio Lula da Silva durante o evento, que contou com a presen\u00e7a da filha de Alyne, que tinha cinco anos na ocasi\u00e3o da morte da m\u00e3e.<\/p>\n<p>Em 2024, o Minist\u00e9rio da Sa\u00fade vai investir R$ 400 milh\u00f5es na rede. Em 2025, o aporte dever\u00e1 chegar a R$ 1 bilh\u00e3o. Haver\u00e1 um novo modelo de financiamento com a distribui\u00e7\u00e3o mais equitativa dos recursos para reduzir desigualdades regionais e raciais; o financiamento ser\u00e1 por nascido vivo, por local de resid\u00eancia e munic\u00edpio do atendimento.<\/p>\n<p>O governo tamb\u00e9m vai triplicar o repasse para estados e munic\u00edpios realizarem exames de pr\u00e9-natal: de R$ 55 para R$ 144 por gestante. Novos exames ser\u00e3o incorporados na rede, al\u00e9m dos j\u00e1 contemplados na Rede Cegonha, que passar\u00e1 a ter testes r\u00e1pidos para HTLV, hepatite B e hepatite C.<\/p>\n<p>A expans\u00e3o do or\u00e7amento tamb\u00e9m chega \u00e0 aten\u00e7\u00e3o de m\u00e9dia e alta complexidade para a estrutura\u00e7\u00e3o de equipes especializadas em atendimento materno e infantil, com cobertura 24 horas, sete dias da semana, na regula\u00e7\u00e3o do Servi\u00e7o de Atendimento M\u00f3vel de Urg\u00eancia &#8211; SAMU 192.<\/p>\n<p>Pela Rede Alyne haver\u00e1 um novo financiamento com custeio mensal de R$ 50,5 mil para ambul\u00e2ncias destinadas \u00e0 transfer\u00eancia de gestantes e rec\u00e9m-nascidos graves. \u201cIsso vai contribuir para a diminui\u00e7\u00e3o dos atrasos de deslocamento em momentos cr\u00edticos\u201d, explicou o governo.<\/p>\n<\/p><\/div>\n<p><br \/>\n<br \/><a href=\"https:\/\/agenciabrasil.ebc.com.br\/saude\/noticia\/2024-09\/quem-foi-alyne-pimentel-que-da-nome-rede-para-gestantes-e-bebes\" rel=\"noopener\">Ag\u00eancia Brasil <\/a><\/p>\n","protected":false},"excerpt":{"rendered":"<p>O governo federal lan\u00e7ou nesta quinta-feira (12), em Belford Roxo, no Rio de Janeiro, um programa para reduzir a mortalidade materna em 25% at\u00e9 2027. Em rela\u00e7\u00e3o a mulheres pretas, a inten\u00e7\u00e3o \u00e9 reduzir a mortalidade em 50% no mesmo per\u00edodo. Chamado de Rede Alyne, a iniciativa \u00e9 uma reestrutura\u00e7\u00e3o da antiga Rede Cegonha, de [&hellip;]<\/p>\n","protected":false},"author":1,"featured_media":14097,"comment_status":"open","ping_status":"open","sticky":false,"template":"","format":"standard","meta":{"_jetpack_newsletter_access":"","_jetpack_dont_email_post_to_subs":false,"_jetpack_newsletter_tier_id":0,"_jetpack_memberships_contains_paywalled_content":false,"_mbp_banners":[],"_jetpack_feature_clip_id":0,"_jetpack_memberships_contains_paid_content":false,"footnotes":"","jetpack_publicize_message":"","jetpack_publicize_feature_enabled":true,"jetpack_social_post_already_shared":true,"jetpack_social_options":{"image_generator_settings":{"template":"highway","default_image_id":0,"font":"","enabled":false},"version":2},"jetpack_post_was_ever_published":false},"categories":[15],"tags":[],"class_list":["post-14096","post","type-post","status-publish","format-standard","has-post-thumbnail","category-saude"],"jetpack_publicize_connections":[],"jetpack-related-posts":[],"jetpack_shortlink":"https:\/\/wp.me\/p7Eq1F-3Fm","jetpack_sharing_enabled":true,"jetpack_featured_media_url":"https:\/\/i0.wp.com\/guialimeira.com.br\/news\/wp-content\/uploads\/2024\/09\/alyne-pimentel-1668199557635_v2_450x600.jpg?fit=1600%2C800&ssl=1","_links":{"self":[{"href":"https:\/\/guialimeira.com.br\/news\/wp-json\/wp\/v2\/posts\/14096","targetHints":{"allow":["GET"]}}],"collection":[{"href":"https:\/\/guialimeira.com.br\/news\/wp-json\/wp\/v2\/posts"}],"about":[{"href":"https:\/\/guialimeira.com.br\/news\/wp-json\/wp\/v2\/types\/post"}],"author":[{"embeddable":true,"href":"https:\/\/guialimeira.com.br\/news\/wp-json\/wp\/v2\/users\/1"}],"replies":[{"embeddable":true,"href":"https:\/\/guialimeira.com.br\/news\/wp-json\/wp\/v2\/comments?post=14096"}],"version-history":[{"count":0,"href":"https:\/\/guialimeira.com.br\/news\/wp-json\/wp\/v2\/posts\/14096\/revisions"}],"wp:featuredmedia":[{"embeddable":true,"href":"https:\/\/guialimeira.com.br\/news\/wp-json\/wp\/v2\/media\/14097"}],"wp:attachment":[{"href":"https:\/\/guialimeira.com.br\/news\/wp-json\/wp\/v2\/media?parent=14096"}],"wp:term":[{"taxonomy":"category","embeddable":true,"href":"https:\/\/guialimeira.com.br\/news\/wp-json\/wp\/v2\/categories?post=14096"},{"taxonomy":"post_tag","embeddable":true,"href":"https:\/\/guialimeira.com.br\/news\/wp-json\/wp\/v2\/tags?post=14096"}],"curies":[{"name":"wp","href":"https:\/\/api.w.org\/{rel}","templated":true}]}}