{"id":14063,"date":"2024-09-12T11:16:39","date_gmt":"2024-09-12T14:16:39","guid":{"rendered":"https:\/\/guialimeira.com.br\/2024\/09\/12\/liderancas-negras-destacam-atuacao-politica-de-leci-brandao\/"},"modified":"2024-09-12T11:16:39","modified_gmt":"2024-09-12T14:16:39","slug":"liderancas-negras-destacam-atuacao-politica-de-leci-brandao","status":"publish","type":"post","link":"https:\/\/guialimeira.com.br\/news\/liderancas-negras-destacam-atuacao-politica-de-leci-brandao\/","title":{"rendered":"Lideran\u00e7as negras destacam atua\u00e7\u00e3o pol\u00edtica de Leci Brand\u00e3o"},"content":{"rendered":"<p> <br \/>\n<\/p>\n<div>\n<p>Carioca de Madureira, Leci foi a segunda mulher negra a ser eleita deputada estadual em S\u00e3o Paulo. Atualmente est\u00e1 em seu quarto mandato consecutivo na Assembleia Legislativa do Estado (Alesp), onde ingressou em 2010, filiada ao PCdoB.<img data-recalc-dims=\"1\" decoding=\"async\" src=\"https:\/\/i0.wp.com\/agenciabrasil.ebc.com.br\/ebc.png?w=696&#038;ssl=1\" style=\"width:1px; height:1px; display:inline;\"\/><img data-recalc-dims=\"1\" decoding=\"async\" src=\"https:\/\/i0.wp.com\/agenciabrasil.ebc.com.br\/ebc.gif?w=696&#038;ssl=1\" style=\"width:1px; height:1px; display:inline;\"\/><\/p>\n<p>Na casa legislativa atuou nas comiss\u00f5es de Defesa dos Direitos das Mulheres, de Direitos Humanos e foi vice-presidente da Comiss\u00e3o de Educa\u00e7\u00e3o e Cultura. Apresentou mais de 100 projetos, 60 dos quais se tornaram leis, a maioria em temas ligados \u00e0 promo\u00e7\u00e3o da igualdade racial, \u00e0 cultura popular e \u00e0 defesa das tradi\u00e7\u00f5es de matriz africana. Hoje exerce tamb\u00e9m o cargo de Ouvidora da Alesp.<\/p>\n<p>Nesse processo tem apoiado e ajudado a dar destaque a lideran\u00e7as diversas, no samba, nas religi\u00f5es de matriz afro, no <em>hip hop<\/em> e na participa\u00e7\u00e3o das comunidades de periferias, mas tamb\u00e9m em organiza\u00e7\u00f5es n\u00e3o governamentais que constroem a pol\u00edtica al\u00e9m dos espa\u00e7os legislativos, valorizando e qualificando a participa\u00e7\u00e3o democr\u00e1tica.<\/p>\n<p>Em homenagem aos 80 anos de Leci Brand\u00e3o, celebrados nesta quinta-feira (12), a <strong>Ag\u00eancia Brasil<\/strong> ouviu tr\u00eas lideran\u00e7as, tr\u00eas mulheres negras, que contaram seus relatos sobre a import\u00e2ncia do legado pol\u00edtico da artista. Confira:<\/p>\n<p>&gt;&gt; <a href=\"https:\/\/agenciabrasil.ebc.com.br\/tags\/80-anos-de-leci-brandao\" target=\"_blank\" rel=\"noopener\">Clique aqui, e acesse as mat\u00e9rias da <strong>Ag\u00eancia Brasil<\/strong> por ocasi\u00e3o dos 80 anos de Leci Brand\u00e3o<\/a><\/p>\n<h2>Nilza Iraci, coordenadora executiva do Instituto Geled\u00e9s<\/h2>\n<p>O papel de Leci na pol\u00edtica n\u00e3o se trata apenas do que ela construiu na pol\u00edtica institucional, pois ela inaugurou, em sua m\u00fasica, o debate em torno de diversos tabus. Ela cantou \u2013 enquanto no mundo ainda havia o Apartheid \u2013, m\u00fasicas sobre dignidade, sobre cotidiano, que marcaram gera\u00e7\u00f5es de mulheres negras. \u00c9 um enorme desafio falar dessa figura extraordin\u00e1ria, filha deste implac\u00e1vel e n\u00e3o menos generoso oris\u00e1, Ogum, e o desafio real \u00e9 n\u00e3o cair no lugar comum e de clich\u00eas da f\u00e3 para a artista.<\/p>\n<p>Ao pensar nas duas Lecis \u2013 a m\u00e3e [dona Lecy] e a filha, com y e com i \u2013, nos envolvemos nesse universo abrangente das rela\u00e7\u00f5es que nos constroem com seus valores, afetividades, e, at\u00e9 por que n\u00e3o, com as nossas singularidades e imperfei\u00e7\u00f5es. Temos que romper o mito das guerreiras e ressaltar o papel incr\u00edvel dessas mulheres negras na nossa forma\u00e7\u00e3o. Com amor, com respeito e sem o peso que determinadas fantasias nos imp\u00f5em.<\/p>\n<p>O ponto de inflex\u00e3o na trajet\u00f3ria da Leci e de tantas de n\u00f3s, mulheres negras, \u00e9 que n\u00e3o se trata de um modelo de supera\u00e7\u00e3o \u2013 ali\u00e1s nem gosto dessa palavra quando associada a n\u00f3s e \u00e0 nossa gente. Nunca foi sorte, n\u00e9 Leci? Ogunh\u00ea! O que quero ressaltar, \u00e9 que\u00a0 essa mistura de coragem, ousadia e uma boa dose de brabeza de nossas ancestrais, nos trouxeram at\u00e9 aqui hoje, belas, orgulhosas e potentes.<\/p>\n<p>Sua arte, o seu canto, como instrumento de liberta\u00e7\u00e3o, nos salvou em momentos muito singulares. Estava presente quando gravou <em>Ombro Amigo<\/em>, desnudando o preconceito e a solid\u00e3o contra a comunidade LGBTQIA+, em um momento [que o tema era] tabu. Quando cantou <em>Talento de Verdade<\/em> e nos resgatou, a todas, do jogo perverso da mulatice mis\u00f3gina e racista, escancarada.<\/p>\n<p>Lembro do <em>show<\/em> de 40 anos no Ibirapuera em SP, \u00e9pico, em que Leci, assim como o Z\u00e9 do Caro\u00e7o, anunciava novos tempos. Se desenhava ali, um novo desafio para Leci: o da deputada. E o seu novo palco: o pol\u00edtico.<\/p>\n<p>Ali\u00e1s, pol\u00edtica essa que j\u00e1 estava fazendo por todas n\u00f3s na cultura e nas artes. Tornou-se nossa porta-voz, muito nos orgulhando e fazendo aquele mundo branco, cis, h\u00e9tero, datado e ultrapassado, entender como a arte do samba, essa maestria da cultura popular negra, nos transforma at\u00e9 hoje.<\/p>\n<p>Segue sendo esse legado de esperan\u00e7a que se realiza na defesa da arte, da juventude, de n\u00f3s mulheres negras, enfim das popula\u00e7\u00f5es, onde insistem em confundir direitos com meritocracia. A voz e as a\u00e7\u00f5es de Leci no parlamento t\u00eam feito a diferen\u00e7a para todas n\u00f3s e nossas comunidades.<\/p>\n<div class=\"dnd-widget-wrapper context-cheio_8colunas type-image\">\n<div class=\"dnd-atom-rendered\"><!-- scald=319667:cheio_8colunas --><\/p>\n<div class=\"shadow overflow-hidden rounded-lg d-block w-100\">\n            <img data-recalc-dims=\"1\" decoding=\"async\" src=\"https:\/\/i0.wp.com\/agenciabrasil.ebc.com.br\/sites\/default\/files\/thumbnails\/image\/loading_v2.gif?w=696&#038;ssl=1\" data-echo=\"https:\/\/imagens.ebc.com.br\/ieoibaVC8UWMbyUZwxUNZT6IQlE=\/754x0\/smart\/https:\/\/agenciabrasil.ebc.com.br\/sites\/default\/files\/thumbnails\/image\/_mg_0230.jpg?itok=_C79ejXC\" alt=\"S\u00e3o Paulo (SP),15\/03\/2023 -  A deputada Leci Brand\u00e3o (PCdoB) toma posse para a 20\u00aa legislatura da Assembleia Legislativa do Estado de S\u00e3o Paulo (Alesp). Foto: Fernando Fraz\u00e3o\/Ag\u00eancia Brasil\" title=\"Fernando Fraz\u00e3o\/Ag\u00eancia Brasil\" class=\"flex-fill img-cover\"\/><br \/>\n        <img data-recalc-dims=\"1\" decoding=\"async\" src=\"https:\/\/i0.wp.com\/imagens.ebc.com.br\/ieoibaVC8UWMbyUZwxUNZT6IQlE%3D\/754x0\/smart\/https%3A\/\/agenciabrasil.ebc.com.br\/sites\/default\/files\/thumbnails\/image\/_mg_0230.jpg?w=696&#038;ssl=1\" alt=\"S\u00e3o Paulo (SP),15\/03\/2023 -  A deputada Leci Brand\u00e3o (PCdoB) toma posse para a 20\u00aa legislatura da Assembleia Legislativa do Estado de S\u00e3o Paulo (Alesp). Foto: Fernando Fraz\u00e3o\/Ag\u00eancia Brasil\" title=\"Fernando Fraz\u00e3o\/Ag\u00eancia Brasil\" class=\"flex-fill img-cover\"\/>\n    <\/div>\n<p><!-- END scald=319667 --><\/div>\n<p><h6 class=\"meta\"><!--copyright=319667-->Em mar\u00e7o de 2023, deputada Leci Brand\u00e3o (PCdoB) toma posse para a 20\u00aa legislatura da Assembleia Legislativa do Estado de S\u00e3o Paulo (Alesp) &#8211; <strong>Fernando Fraz\u00e3o\/Ag\u00eancia Brasil<\/strong><!--END copyright=319667--><br type=\"_moz\"\/><br \/>\n<\/h6>\n<\/p>\n<\/div>\n<h2>L\u00facia Xavier, coordenadora geral do Criola, organiza\u00e7\u00e3o de mulheres negras<\/h2>\n<p>Leci vem, em sua trajet\u00f3ria, construindo a participa\u00e7\u00e3o atrav\u00e9s de uma organicidade de movimentos sociais suprapartid\u00e1ria. Ela \u00e9 um exemplo de mulher negra que constr\u00f3i, h\u00e1 muito tempo, mecanismos de participa\u00e7\u00e3o pol\u00edtica para garantir direitos, se inserindo em espa\u00e7os fechados para as mulheres, abrindo caminhos.<\/p>\n<p>Ela traz uma pauta consistente sobre quais s\u00e3o as legisla\u00e7\u00f5es que podem sustentar pol\u00edticas p\u00fablicas para a popula\u00e7\u00e3o negra em S\u00e3o Paulo, que n\u00e3o \u00e9 pequena e \u00e9 muito representativa para a popula\u00e7\u00e3o negra no Brasil, como um todo.<\/p>\n<p>No caminho contr\u00e1rio, traz uma linguagem que n\u00e3o \u00e9 muito comum na \u00e1rea da cultura, que \u00e9 essa linguagem do Legislativo, e com isso constr\u00f3i a articula\u00e7\u00e3o da comunidade com o Legislativo. Al\u00e9m disso, n\u00e3o h\u00e1 nenhum debate nacional no qual ela n\u00e3o esteja presente, em rela\u00e7\u00e3o \u00e0s quest\u00f5es raciais \u2013 como cotas, como sa\u00fade da popula\u00e7\u00e3o negra e da periferia e, especialmente, em rela\u00e7\u00e3o ao racismo religioso, tema relacionado diretamente \u00e0s din\u00e2micas de nega\u00e7\u00e3o da cultura negra a partir da agress\u00e3o aos espa\u00e7os de religi\u00e3o, o que caminha muito pr\u00f3ximo e tem em Leci uma lideran\u00e7a importante.<\/p>\n<p>Em rela\u00e7\u00e3o a seu legado, a juventude v\u00ea na sua presen\u00e7a inspira\u00e7\u00e3o, chegando aos 80 anos como uma pessoa muito importante para o movimento e suas pautas, junto com outras mulheres, entre as quais destaco Benedita da Silva que, como ela, tem um importante hist\u00f3rico na pol\u00edtica partid\u00e1ria e representativa.<\/p>\n<p>Ambas aceleram esse processo de chegada de representantes das novas gera\u00e7\u00f5es ligadas \u00e0s pautas indenit\u00e1rias e \u00e0s pautas do movimento negro, aos espa\u00e7os de poder e resolu\u00e7\u00e3o. Elas s\u00e3o duas mulheres que possuem trajet\u00f3rias diferentes, mas que trazem essa quest\u00e3o do enfrentamento \u00e0s barreiras como algo que n\u00e3o \u00e9 intranspon\u00edvel, e um legado ancestral do qual s\u00e3o defensoras e est\u00e3o dispostas a passar adiante.<\/p>\n<p>Isso \u00e9 muito significativo e se constitui como um legado que ajuda a consolidar trajet\u00f3rias como a de Marielle Franco e outras mulheres que est\u00e3o chegando recentemente no campo da pol\u00edtica.<\/p>\n<p>Entre suas pautas, na sa\u00fade, tem uma estreita rela\u00e7\u00e3o com as mulheres negras, assim como percep\u00e7\u00e3o singular das ferramentas que precisam para ampliar seus direitos e melhorar suas vidas. Sua representatividade faz com que tenha pautas muito assertivas em rela\u00e7\u00e3o \u00e0s necessidades dessas popula\u00e7\u00f5es, com mulheres e suas comunidades. Fala tamb\u00e9m para diferentes grupos populacionais, como as mulheres negras encarceradas, trabalhadoras e m\u00e3es.<\/p>\n<h2>Jurema Werneck, ativista e diretora-executiva da Anistia Internacional no Brasil<\/h2>\n<p>Para falarmos sobre a import\u00e2ncia pol\u00edtica de Leci temos de dar conta de diferentes camadas da import\u00e2ncia dela nesse campo.<\/p>\n<p>Leci est\u00e1, desde a d\u00e9cada de 1960, em p\u00fablico. O surgimento dela na esfera p\u00fablica se d\u00e1 em um programa de televis\u00e3o [<em>A Grande Chance<\/em>, de Fl\u00e1vio Cavalcante, na TV Tupi]. Aquela figura, a presen\u00e7a dela na televis\u00e3o como uma vencedora, uma menina negra, franzina, aquilo j\u00e1 tem uma presen\u00e7a pol\u00edtica, na minha inf\u00e2ncia (eu ent\u00e3o uma menina negra) muito importante.<\/p>\n<p>A representa\u00e7\u00e3o e valida\u00e7\u00e3o de ver ela l\u00e1, t\u00e3o franzina e vencedora, o que isso coloca \u00e9 muito potente, desse sujeito que a sociedade recusa, mas que se destaca. Isso j\u00e1 tem uma import\u00e2ncia pol\u00edtica gigantesca.<\/p>\n<p>Ela \u00e9 vencedora tamb\u00e9m na constru\u00e7\u00e3o do processo de uma carreira art\u00edstica. Lan\u00e7a o foco da comunidade negra, n\u00e3o apenas retratando o cotidiano dessa comunidade, de todos os seus personagens, mas fala de aspectos mais amplos, como dos direitos das trabalhadoras e trabalhadores, dos diferentes trabalhadores, de sem-terra, de professores, e tamb\u00e9m de mulheres e de comunidades.<\/p>\n<p>\u00c9 mais do que uma valida\u00e7\u00e3o, a presen\u00e7a cultural ela prescreve, ela diz que essa postura \u00e9 um caminho mais do que v\u00e1lido, necess\u00e1rio.<\/p>\n<p>Leci \u00e9 uma das primeiras tamb\u00e9m a falar da pauta LGBT, quando essa sigla nem existia. Ela \u00e9 realmente grande. Foi tamb\u00e9m a primeira mulher a ser oficialmente compositora. No cotidiano, nas escolas e rodas, a gente sabe que outras j\u00e1 o faziam, h\u00e1 tempo, mas ela teve registro, teve l\u00e1 a carteirinha, em uma escola de grande repercuss\u00e3o, que \u00e9 a Mangueira (em 1972).<\/p>\n<p>Ela sempre se juntou, sempre apoiou as causas sociais. Ela sempre esteve tamb\u00e9m ao lado das organiza\u00e7\u00f5es e movimentos. E com tudo isso tamb\u00e9m aceita concorrer ao parlamento e constr\u00f3i uma hist\u00f3ria que s\u00f3 vem crescendo. Precisa ser celebrada, por todas essas camadas.<\/p>\n<p>Nesse caminho ela n\u00e3o quebra arqu\u00e9tipos, rompe estere\u00f3tipos. N\u00e3o se imagina que uma mulher negra, l\u00e9sbica, macumbeira \u00e9 tamb\u00e9m parlamentar, compositora, artista. Ela afirma tamb\u00e9m arqu\u00e9tipos, ela \u00e9 uma mulher de Ogum, guerreira, que lidera. Como essa mulher negra, l\u00e9sbica, da periferia carioca, se esperava que fosse l\u00e1 para tr\u00e1s, que estivesse escondida, mas n\u00e3o, \u00e9 lideran\u00e7a.<\/p>\n<p>Em rela\u00e7\u00e3o a seu legado e em rela\u00e7\u00e3o a como abre caminho, a performance musical dela, o canto e o ritmo, isso j\u00e1 aproxima, j\u00e1 fala com essas novas gera\u00e7\u00f5es. Elas j\u00e1 s\u00e3o herdeiras desse tempo em que essa figura faz sentido. Esse \u00e9 o legado, ela \u00e9 parte dessa coisa. Diante das novas gera\u00e7\u00f5es n\u00e3o h\u00e1 estranhamento em rela\u00e7\u00e3o ao que ela representa. Ela existe, e com isso torna natural um coletivo de gente que surge e \u00e9 inconformista.<\/p>\n<p>Outra coisa interessante sobre Leci \u00e9 que j\u00e1 faz muito tempo ela toca o tambor, o que em muitas casas religiosas \u00e9 papel de homem. Mesmo nas escolas \u00e9 uma presen\u00e7a que n\u00e3o tem a propor\u00e7\u00e3o necess\u00e1ria, nas baterias, de mulheres. As novas gera\u00e7\u00f5es tem isso de forma diferente, como um caminho j\u00e1 aberto, naturalizado por pessoas como ela.<\/p>\n<p>Quando pensamos o papel de Leci na representa\u00e7\u00e3o pol\u00edtica, a pr\u00f3pria representa\u00e7\u00e3o \u00e9 isso, \u00e9 trazer para dentro a express\u00e3o de um grupo. Ela traz as comunidades negras, os baluartes, o povo de santo. Ela representa essa gente, ela traz para dentro, como presen\u00e7a, e \u00e9 farol (para as novas gera\u00e7\u00f5es, na pol\u00edtica), n\u00e3o apenas enunciando o problema, mas caminhando ao lado de outros protagonistas.<\/p>\n<p>Dou o exemplo dos <em>rappers<\/em>. Ela se juntou a eles, se juntou a gente bem mais jovem que ela, mostrando que \u00e9 desse jeito que \u00e9 importante fazer: abrindo espa\u00e7o para outros protagonistas, os mais afetados pelo problema.<\/p>\n<p>Essa \u00e9 uma f\u00f3rmula fundamental. Nos espa\u00e7os institucionais h\u00e1 sempre salvadores da p\u00e1tria, enquanto ela partilha luta e trajet\u00f3ria.<\/p>\n<p>Essas pessoas como Leci trazem temas como os que trabalhamos na Anistia [Internacional] desde muito antes de os trabalharmos, como o pr\u00f3prio tema da viol\u00eancia contra os negros nas periferias. Ela ajudou a pautar e legitimar esse tema (da viol\u00eancia), e ela \u00e9 uma voz muito maior. A legitimidade dessas vozes ajuda a dar o peso que o Brasil precisa dar para esse tema, chegando al\u00e9m de onde as falas de institui\u00e7\u00f5es como a Anistia chegam.<\/p>\n<p>Tem uma dimens\u00e3o fundamental, ainda, na trajet\u00f3ria dela que \u00e9 a da generosidade. Os pol\u00edticos profissionais v\u00e3o cada vez mais voltados para seus interesses particulares. O exemplo dela \u00e9 fundamental na dimens\u00e3o do servi\u00e7o p\u00fablico e para o p\u00fablico. Ela tinha uma carreira de sucesso e foi para a carreira pol\u00edtica para somar para uma causa de interesse p\u00fablico, vivendo sua carreira s\u00f3 nos finais de semana, e com isso \u00e9 exemplo para os outros pol\u00edticos profissionais.<\/p>\n<\/p><\/div>\n<p><br \/>\n<br \/><a href=\"https:\/\/agenciabrasil.ebc.com.br\/internacional\/noticia\/2024-09\/liderancas-negras-destacam-atuacao-politica-de-leci-brandao\" rel=\"noopener\">Ag\u00eancia Brasil <\/a><\/p>\n","protected":false},"excerpt":{"rendered":"<p>Carioca de Madureira, Leci foi a segunda mulher negra a ser eleita deputada estadual em S\u00e3o Paulo. Atualmente est\u00e1 em seu quarto mandato consecutivo na Assembleia Legislativa do Estado (Alesp), onde ingressou em 2010, filiada ao PCdoB. Na casa legislativa atuou nas comiss\u00f5es de Defesa dos Direitos das Mulheres, de Direitos Humanos e foi vice-presidente [&hellip;]<\/p>\n","protected":false},"author":1,"featured_media":14064,"comment_status":"open","ping_status":"open","sticky":false,"template":"","format":"standard","meta":{"_jetpack_newsletter_access":"","_jetpack_dont_email_post_to_subs":false,"_jetpack_newsletter_tier_id":0,"_jetpack_memberships_contains_paywalled_content":false,"_mbp_banners":[],"_jetpack_feature_clip_id":0,"_jetpack_memberships_contains_paid_content":false,"footnotes":"","jetpack_publicize_message":"","jetpack_publicize_feature_enabled":true,"jetpack_social_post_already_shared":true,"jetpack_social_options":{"image_generator_settings":{"template":"highway","default_image_id":0,"font":"","enabled":false},"version":2},"jetpack_post_was_ever_published":false},"categories":[25],"tags":[],"class_list":["post-14063","post","type-post","status-publish","format-standard","has-post-thumbnail","category-internacional"],"jetpack_publicize_connections":[],"jetpack-related-posts":[],"jetpack_shortlink":"https:\/\/wp.me\/p7Eq1F-3EP","jetpack_sharing_enabled":true,"jetpack_featured_media_url":"https:\/\/i0.wp.com\/guialimeira.com.br\/news\/wp-content\/uploads\/2024\/09\/mg_0238_0.jpg?fit=1600%2C800&ssl=1","_links":{"self":[{"href":"https:\/\/guialimeira.com.br\/news\/wp-json\/wp\/v2\/posts\/14063","targetHints":{"allow":["GET"]}}],"collection":[{"href":"https:\/\/guialimeira.com.br\/news\/wp-json\/wp\/v2\/posts"}],"about":[{"href":"https:\/\/guialimeira.com.br\/news\/wp-json\/wp\/v2\/types\/post"}],"author":[{"embeddable":true,"href":"https:\/\/guialimeira.com.br\/news\/wp-json\/wp\/v2\/users\/1"}],"replies":[{"embeddable":true,"href":"https:\/\/guialimeira.com.br\/news\/wp-json\/wp\/v2\/comments?post=14063"}],"version-history":[{"count":0,"href":"https:\/\/guialimeira.com.br\/news\/wp-json\/wp\/v2\/posts\/14063\/revisions"}],"wp:featuredmedia":[{"embeddable":true,"href":"https:\/\/guialimeira.com.br\/news\/wp-json\/wp\/v2\/media\/14064"}],"wp:attachment":[{"href":"https:\/\/guialimeira.com.br\/news\/wp-json\/wp\/v2\/media?parent=14063"}],"wp:term":[{"taxonomy":"category","embeddable":true,"href":"https:\/\/guialimeira.com.br\/news\/wp-json\/wp\/v2\/categories?post=14063"},{"taxonomy":"post_tag","embeddable":true,"href":"https:\/\/guialimeira.com.br\/news\/wp-json\/wp\/v2\/tags?post=14063"}],"curies":[{"name":"wp","href":"https:\/\/api.w.org\/{rel}","templated":true}]}}