{"id":1404,"date":"2024-04-10T21:45:41","date_gmt":"2024-04-11T00:45:41","guid":{"rendered":"https:\/\/guialimeira.com.br\/2024\/04\/10\/trf-2-nega-habeas-corpus-a-sergio-cabral-na-operacao-boca-de-lobo\/"},"modified":"2024-04-10T21:45:41","modified_gmt":"2024-04-11T00:45:41","slug":"trf-2-nega-habeas-corpus-a-sergio-cabral-na-operacao-boca-de-lobo","status":"publish","type":"post","link":"https:\/\/guialimeira.com.br\/news\/trf-2-nega-habeas-corpus-a-sergio-cabral-na-operacao-boca-de-lobo\/","title":{"rendered":"TRF-2 nega habeas corpus a S\u00e9rgio Cabral na Opera\u00e7\u00e3o Boca de Lobo"},"content":{"rendered":"<p> <br \/>\n<\/p>\n<div>\n<p>Por unanimidade, a Primeira Turma Especializada do Tribunal Regional Federal (TRF2) negou, em sess\u00e3o de julgamento nesta quarta-feira, (10), pedido de <em>habeas corpus <\/em>apresentado pela defesa do ex-governador S\u00e9rgio Cabral, que pretendia o trancamento da a\u00e7\u00e3o penal referente \u00e0 Opera\u00e7\u00e3o Boca de Lobo.\u00a0A defesa pedia tamb\u00e9m a declara\u00e7\u00e3o da incompet\u00eancia da Justi\u00e7a Federal ou, pelo menos, da 7\u00aa Vara Federal Criminal do Rio de Janeiro, para processar e julgar o caso. A relatora \u00e9 a desembargadora federal Simone Schreiber.<img data-recalc-dims=\"1\" decoding=\"async\" src=\"https:\/\/i0.wp.com\/agenciabrasil.ebc.com.br\/ebc.png?w=696&#038;ssl=1\" style=\"width:1px; height:1px; display:inline;\"\/><img data-recalc-dims=\"1\" decoding=\"async\" src=\"https:\/\/i0.wp.com\/agenciabrasil.ebc.com.br\/ebc.gif?w=696&#038;ssl=1\" style=\"width:1px; height:1px; display:inline;\"\/><\/p>\n<p>Deflagrada em 2019, a Opera\u00e7\u00e3o Boca de Lobo \u00e9 um dos bra\u00e7os da Lava Jato no Rio de Janeiro e tem por objeto a apura\u00e7\u00e3o de suposto esquema de pagamento de propinas e lavagem de dinheiro envolvendo a contrata\u00e7\u00e3o de obras pelo governo do Estado.<\/p>\n<p>A defesa tamb\u00e9m sustentou a falta de justa causa para o prosseguimento da a\u00e7\u00e3o. A esse respeito, a alega\u00e7\u00e3o foi de que, acusado de participar do mesmo esquema criminoso, o ex-governador Luiz Fernando Pez\u00e3o teve a senten\u00e7a condenat\u00f3ria reformada em segunda inst\u00e2ncia, em 2023.<\/p>\n<p>Na ocasi\u00e3o, os julgadores, por maioria, destacaram que faltavam provas para a condena\u00e7\u00e3o, que se baseou na palavra de pessoas com acordo de colabora\u00e7\u00e3o. A desembargadora Simone Schreiber ficou vencida. Para ela, deveria ser mantida a condena\u00e7\u00e3o parcial de Pez\u00e3o.<\/p>\n<p>De acordo com a den\u00fancia do Minist\u00e9rio P\u00fablico Federal (MPF), entre 2007 e 2014 Cabral teria recebido propinas e tamb\u00e9m feito repasses para Pez\u00e3o enquanto este era secret\u00e1rio de Obras do estado e, depois, vice-governador.<\/p>\n<p>Para a relatora do pedido de <em>habeas corpus<\/em>, \u201ch\u00e1 justa causa para a continuidade da a\u00e7\u00e3o penal em que S\u00e9rgio Cabral \u00e9 r\u00e9u, considerando os elementos de materialidade, autoria e culpabilidade que embasam a den\u00fancia\u201d.<\/p>\n<p>A desembargadora Simone Schreiber rejeitou ainda o pedido de declara\u00e7\u00e3o de incompet\u00eancia. A desembargadora entendeu que h\u00e1, no caso, conex\u00e3o com a Opera\u00e7\u00e3o Calicute, que tamb\u00e9m envolve contrata\u00e7\u00e3o de obras p\u00fablicas e sobre a qual o Supremo Tribunal Federal (STF) j\u00e1 se manifestou declarando a compet\u00eancia da 7\u00aa Vara Federal Criminal do Rio de Janeiro.<\/p>\n<\/p><\/div>\n<p><br \/>\n<br \/><a href=\"https:\/\/agenciabrasil.ebc.com.br\/justica\/noticia\/2024-04\/trf-2-nega-habeas-corpus-sergio-cabral-na-operacao-boca-de-lobo\" rel=\"noopener\">Ag\u00eancia Brasil<\/a><\/p>\n","protected":false},"excerpt":{"rendered":"<p>Por unanimidade, a Primeira Turma Especializada do Tribunal Regional Federal (TRF2) negou, em sess\u00e3o de julgamento nesta quarta-feira, (10), pedido de habeas corpus apresentado pela defesa do ex-governador S\u00e9rgio Cabral, que pretendia o trancamento da a\u00e7\u00e3o penal referente \u00e0 Opera\u00e7\u00e3o Boca de Lobo.\u00a0A defesa pedia tamb\u00e9m a declara\u00e7\u00e3o da incompet\u00eancia da Justi\u00e7a Federal ou, pelo [&hellip;]<\/p>\n","protected":false},"author":1,"featured_media":1405,"comment_status":"open","ping_status":"open","sticky":false,"template":"","format":"standard","meta":{"_jetpack_newsletter_access":"","_jetpack_dont_email_post_to_subs":false,"_jetpack_newsletter_tier_id":0,"_jetpack_memberships_contains_paywalled_content":false,"_mbp_banners":[],"_jetpack_feature_clip_id":0,"_jetpack_memberships_contains_paid_content":false,"footnotes":"","jetpack_publicize_message":"","jetpack_publicize_feature_enabled":true,"jetpack_social_post_already_shared":true,"jetpack_social_options":{"image_generator_settings":{"template":"highway","default_image_id":0,"font":"","enabled":false},"version":2},"jetpack_post_was_ever_published":false},"categories":[22],"tags":[],"class_list":["post-1404","post","type-post","status-publish","format-standard","has-post-thumbnail","category-nacional"],"jetpack_publicize_connections":[],"jetpack-related-posts":[],"jetpack_shortlink":"https:\/\/wp.me\/p7Eq1F-mE","jetpack_sharing_enabled":true,"jetpack_featured_media_url":"https:\/\/i0.wp.com\/guialimeira.com.br\/news\/wp-content\/uploads\/2024\/04\/909922-pezao_cabral_transmissao20de20cargo_5.jpg?fit=1600%2C800&ssl=1","_links":{"self":[{"href":"https:\/\/guialimeira.com.br\/news\/wp-json\/wp\/v2\/posts\/1404","targetHints":{"allow":["GET"]}}],"collection":[{"href":"https:\/\/guialimeira.com.br\/news\/wp-json\/wp\/v2\/posts"}],"about":[{"href":"https:\/\/guialimeira.com.br\/news\/wp-json\/wp\/v2\/types\/post"}],"author":[{"embeddable":true,"href":"https:\/\/guialimeira.com.br\/news\/wp-json\/wp\/v2\/users\/1"}],"replies":[{"embeddable":true,"href":"https:\/\/guialimeira.com.br\/news\/wp-json\/wp\/v2\/comments?post=1404"}],"version-history":[{"count":0,"href":"https:\/\/guialimeira.com.br\/news\/wp-json\/wp\/v2\/posts\/1404\/revisions"}],"wp:featuredmedia":[{"embeddable":true,"href":"https:\/\/guialimeira.com.br\/news\/wp-json\/wp\/v2\/media\/1405"}],"wp:attachment":[{"href":"https:\/\/guialimeira.com.br\/news\/wp-json\/wp\/v2\/media?parent=1404"}],"wp:term":[{"taxonomy":"category","embeddable":true,"href":"https:\/\/guialimeira.com.br\/news\/wp-json\/wp\/v2\/categories?post=1404"},{"taxonomy":"post_tag","embeddable":true,"href":"https:\/\/guialimeira.com.br\/news\/wp-json\/wp\/v2\/tags?post=1404"}],"curies":[{"name":"wp","href":"https:\/\/api.w.org\/{rel}","templated":true}]}}