{"id":13997,"date":"2024-09-11T13:30:56","date_gmt":"2024-09-11T16:30:56","guid":{"rendered":"https:\/\/guialimeira.com.br\/?p=13997"},"modified":"2024-09-11T13:30:58","modified_gmt":"2024-09-11T16:30:58","slug":"inscricoes-para-o-programa-de-trainee-2025-da-suzano-podem-ser-feitas-ate-sexta-feira-13","status":"publish","type":"post","link":"https:\/\/guialimeira.com.br\/news\/inscricoes-para-o-programa-de-trainee-2025-da-suzano-podem-ser-feitas-ate-sexta-feira-13\/","title":{"rendered":"Inscri\u00e7\u00f5es para\u00a0o\u00a0Programa de Trainee 2025 da Suzano podem ser feitas at\u00e9 sexta-feira (13)"},"content":{"rendered":"\n<p class=\"wp-block-paragraph\"><em>A maior produtora de celulose do mundo procura novos talentos em diversas regi\u00f5es do estado para atuar nas \u00e1reas Industrial, Florestal e Corporativa<\/em><\/p>\n\n\n\n<p class=\"wp-block-paragraph\">Termina nesta sexta-feira (13) o prazo para inscri\u00e7\u00f5es no Programa de Trainee \u201cCara do Futuro\u201d, da Suzano, maior produtora mundial de celulose e refer\u00eancia global na fabrica\u00e7\u00e3o de bioprodutos desenvolvidos a partir do eucalipto.<\/p>\n\n\n\n<p class=\"wp-block-paragraph\">A companhia centen\u00e1ria est\u00e1 com vagas abertas para atua\u00e7\u00e3o nas \u00e1reas Florestais, Industriais e Corporativas, dispon\u00edveis nas unidades do estado de S\u00e3o Paulo. Para participar do processo de sele\u00e7\u00e3o, os(as) candidatos(as) precisam ter conclu\u00eddo o curso superior entre dezembro de 2022 e dezembro de 2024.&nbsp;<\/p>\n\n\n\n<p class=\"wp-block-paragraph\">Para concorrer \u00e0s vagas \u00e9 necess\u00e1rio ter disponibilidade de atua\u00e7\u00e3o na localidade selecionada, uma vez que o modelo de trabalho na Suzano \u00e9 definido conforme a necessidade de cada \u00e1rea e unidade. O conhecimento de um segundo idioma, como o ingl\u00eas, n\u00e3o \u00e9 obrigat\u00f3rio e todas as gradua\u00e7\u00f5es s\u00e3o admitidas (Bacharelado, Licenciatura ou Tecn\u00f3logo).&nbsp;<\/p>\n\n\n\n<p class=\"wp-block-paragraph\">O processo de sele\u00e7\u00e3o \u00e9 100% online e conta com etapas de ader\u00eancia de&nbsp;<em>fit<\/em>&nbsp;cultural \u2013 avalia\u00e7\u00e3o do perfil do(a) candidato(a) com a cultura da empresa \u2013, desafios online, din\u00e2micas com o time de Gente e Gest\u00e3o, pain\u00e9is e entrevistas com a lideran\u00e7a Suzano. O resultado do processo seletivo ser\u00e1 divulgado na segunda quinzena de novembro deste ano, com previs\u00e3o de in\u00edcio das atividades em 20 de janeiro de 2025.&nbsp;&nbsp;&nbsp;&nbsp;&nbsp;<\/p>\n\n\n\n<p class=\"wp-block-paragraph\">Al\u00e9m de um plano de carreira diferenciado, com ambienta\u00e7\u00f5es, treinamentos, encontros com mentores(as) e projetos diversos, o programa oferece sal\u00e1rio compat\u00edvel com o mercado, assist\u00eancia m\u00e9dica e seguro de vida, vale-refei\u00e7\u00e3o e vale transporte, ou refeit\u00f3rio e fretado nas unidades industriais.&nbsp;&nbsp;<\/p>\n\n\n\n<p class=\"wp-block-paragraph\">As inscri\u00e7\u00f5es devem ser feitas pelo site:&nbsp;<a href=\"https:\/\/www.suzano.com.br\/trabalhe-conosco\/trainee\" target=\"_blank\" rel=\"noreferrer noopener\">https:\/\/www.suzano.com.br\/trabalhe-conosco\/trainee<\/a><\/p>\n\n\n\n<p class=\"wp-block-paragraph\"><strong>Sobre a Suzano&nbsp;&nbsp;<\/strong><\/p>\n\n\n\n<p class=\"wp-block-paragraph\">A&nbsp;<a href=\"http:\/\/www.suzano.com.br\/%22%20\/t%20%22_blank\" target=\"_blank\" rel=\"noreferrer noopener\">Suzano<\/a>&nbsp;\u00e9 a maior produtora mundial de celulose, uma das maiores produtoras de pap\u00e9is da Am\u00e9rica Latina, l\u00edder no segmento de papel higi\u00eanico no Brasil e refer\u00eancia no desenvolvimento de solu\u00e7\u00f5es sustent\u00e1veis e inovadoras a partir de mat\u00e9ria-prima de fonte renov\u00e1vel. Nossos produtos e solu\u00e7\u00f5es est\u00e3o presentes na vida de mais de 2 bilh\u00f5es de pessoas, abastecem mais de 100 pa\u00edses e incluem celulose, pap\u00e9is para imprimir e escrever, pap\u00e9is para embalagens, copos e canudos, pap\u00e9is sanit\u00e1rios e produtos absorventes, al\u00e9m de novos bioprodutos desenvolvidos para atender a demanda global. A inova\u00e7\u00e3o e a sustentabilidade orientam nosso prop\u00f3sito de \u201cRenovar a vida a partir da \u00e1rvore\u201d e nosso trabalho no enfrentamento dos desafios da sociedade e do planeta. Com 100 anos de hist\u00f3ria, temos a\u00e7\u00f5es nas bolsas do Brasil (SUZB3) e dos Estados Unidos (SUZ). Saiba mais na p\u00e1gina&nbsp;<a href=\"http:\/\/www.suzano.com.br\/%22%20\/t%20%22_blank\" target=\"_blank\" rel=\"noreferrer noopener\">www.suzano.com.br<\/a>&nbsp;<\/p>\n","protected":false},"excerpt":{"rendered":"<p>A maior produtora de celulose do mundo procura novos talentos em diversas regi\u00f5es do estado para atuar nas \u00e1reas Industrial, Florestal e Corporativa Termina nesta sexta-feira (13) o prazo para inscri\u00e7\u00f5es no Programa de Trainee \u201cCara do Futuro\u201d, da Suzano, maior produtora mundial de celulose e refer\u00eancia global na fabrica\u00e7\u00e3o de bioprodutos desenvolvidos a partir [&hellip;]<\/p>\n","protected":false},"author":2,"featured_media":13998,"comment_status":"open","ping_status":"open","sticky":false,"template":"","format":"standard","meta":{"_jetpack_newsletter_access":"","_jetpack_dont_email_post_to_subs":false,"_jetpack_newsletter_tier_id":0,"_jetpack_memberships_contains_paywalled_content":false,"_mbp_banners":[],"_jetpack_feature_clip_id":0,"_jetpack_memberships_contains_paid_content":false,"footnotes":"","jetpack_publicize_message":"","jetpack_publicize_feature_enabled":true,"jetpack_social_post_already_shared":true,"jetpack_social_options":{"image_generator_settings":{"template":"highway","default_image_id":0,"font":"","enabled":false},"version":2},"jetpack_post_was_ever_published":false},"categories":[1],"tags":[],"class_list":["post-13997","post","type-post","status-publish","format-standard","has-post-thumbnail","category-geral"],"jetpack_publicize_connections":[],"jetpack-related-posts":[],"jetpack_shortlink":"https:\/\/wp.me\/p7Eq1F-3DL","jetpack_sharing_enabled":true,"jetpack_featured_media_url":"https:\/\/i0.wp.com\/guialimeira.com.br\/news\/wp-content\/uploads\/2024\/09\/Unidade-Limeira-3.jpg?fit=1024%2C682&ssl=1","_links":{"self":[{"href":"https:\/\/guialimeira.com.br\/news\/wp-json\/wp\/v2\/posts\/13997","targetHints":{"allow":["GET"]}}],"collection":[{"href":"https:\/\/guialimeira.com.br\/news\/wp-json\/wp\/v2\/posts"}],"about":[{"href":"https:\/\/guialimeira.com.br\/news\/wp-json\/wp\/v2\/types\/post"}],"author":[{"embeddable":true,"href":"https:\/\/guialimeira.com.br\/news\/wp-json\/wp\/v2\/users\/2"}],"replies":[{"embeddable":true,"href":"https:\/\/guialimeira.com.br\/news\/wp-json\/wp\/v2\/comments?post=13997"}],"version-history":[{"count":1,"href":"https:\/\/guialimeira.com.br\/news\/wp-json\/wp\/v2\/posts\/13997\/revisions"}],"predecessor-version":[{"id":13999,"href":"https:\/\/guialimeira.com.br\/news\/wp-json\/wp\/v2\/posts\/13997\/revisions\/13999"}],"wp:featuredmedia":[{"embeddable":true,"href":"https:\/\/guialimeira.com.br\/news\/wp-json\/wp\/v2\/media\/13998"}],"wp:attachment":[{"href":"https:\/\/guialimeira.com.br\/news\/wp-json\/wp\/v2\/media?parent=13997"}],"wp:term":[{"taxonomy":"category","embeddable":true,"href":"https:\/\/guialimeira.com.br\/news\/wp-json\/wp\/v2\/categories?post=13997"},{"taxonomy":"post_tag","embeddable":true,"href":"https:\/\/guialimeira.com.br\/news\/wp-json\/wp\/v2\/tags?post=13997"}],"curies":[{"name":"wp","href":"https:\/\/api.w.org\/{rel}","templated":true}]}}