{"id":13994,"date":"2024-09-11T12:54:42","date_gmt":"2024-09-11T15:54:42","guid":{"rendered":"https:\/\/guialimeira.com.br\/2024\/09\/11\/rio-inunda-capital-do-vietna-e-mortos-por-tufao-chegam-a-179\/"},"modified":"2024-09-11T12:54:42","modified_gmt":"2024-09-11T15:54:42","slug":"rio-inunda-capital-do-vietna-e-mortos-por-tufao-chegam-a-179","status":"publish","type":"post","link":"https:\/\/guialimeira.com.br\/news\/rio-inunda-capital-do-vietna-e-mortos-por-tufao-chegam-a-179\/","title":{"rendered":"Rio inunda capital do Vietn\u00e3 e mortos por tuf\u00e3o chegam a 179"},"content":{"rendered":"<p> <br \/>\n<\/p>\n<div>\n<p>Milhares de pessoas que viviam perto do Rio Vermelho, em Han\u00f3i, no Vietn\u00e3, foram retiradas de suas casas devido \u00e0s cheias do rio, que atingiu o n\u00edvel mais\u00a0alto em 20 anos. Ruas ficaram inundadas\u00a0com a passagem do\u00a0Tuf\u00e3o Yagi que afetou\u00a0o norte do pa\u00eds, matando pelo menos 179 pessoas.<img data-recalc-dims=\"1\" decoding=\"async\" src=\"https:\/\/i0.wp.com\/agenciabrasil.ebc.com.br\/ebc.png?w=696&#038;ssl=1\" style=\"width:1px; height:1px; display:inline;\"\/><img data-recalc-dims=\"1\" decoding=\"async\" src=\"https:\/\/i0.wp.com\/agenciabrasil.ebc.com.br\/ebc.gif?w=696&#038;ssl=1\" style=\"width:1px; height:1px; display:inline;\"\/><\/p>\n<p>Tuf\u00e3o mais poderoso da \u00c1sia neste ano, o Yagi levou vendavais e chuvas fortes \u00e0 medida que se deslocava para o oeste, depois de atingir a terra firme no s\u00e1bado (7), causando a queda de uma ponte nesta semana, enquanto atravessava as prov\u00edncias ao longo do Rio Vermelho, o maior da regi\u00e3o.<\/p>\n<p>&#8220;Minha casa agora faz parte do rio&#8221;, disse Nguyen Van Hung, 56 anos, que mora em um bairro \u00e0s margens do Rio Vermelho.<\/p>\n<p>Em todo o pa\u00eds, o tuf\u00e3o e os deslizamentos de terra e inunda\u00e7\u00f5es mataram 179 pessoas e 145 est\u00e3o desaparecidas, segundo estimativas do governo.<\/p>\n<p>A empresa estatal de energia el\u00e9trica do Vietn\u00e3 (EVN)\u00a0informou\u00a0que cortou a energia de algumas partes inundadas da capital devido a preocupa\u00e7\u00f5es com a seguran\u00e7a.<\/p>\n<p>Mai Van Khiem, diretor do Centro Nacional de Previs\u00e3o Hidrometeorol\u00f3gica, afirmou em comunicado que o Rio Vermelho est\u00e1\u00a0em seu n\u00edvel mais alto em duas d\u00e9cadas e que mais chuvas s\u00e3o\u00a0esperadas para os pr\u00f3ximos dois dias.<\/p>\n<p>Algumas escolas de Han\u00f3i pediram aos alunos que ficassem em casa pelo resto da semana, enquanto milhares de moradores de \u00e1reas baixas foram retirados, informaram o governo e a m\u00eddia estatal.<\/p>\n<p>Mais perto do centro da cidade, a institui\u00e7\u00e3o de caridade Blue Dragon Children&#8217;s Foundation esvaziou seu escrit\u00f3rio nessa\u00a0ter\u00e7a-feira, depois que as autoridades alertaram sobre os riscos de inunda\u00e7\u00e3o.<\/p>\n<p>&#8220;As pessoas estavam se movendo freneticamente, pegando suas motos, realocando itens&#8221;, disse a porta-voz Carlota Torres Lliro, expressando preocupa\u00e7\u00e3o com dezenas de crian\u00e7as e fam\u00edlias que vivem em casas improvisadas \u00e0 beira do rio.<\/p>\n<p>As autoridades vietnamitas tamb\u00e9m manifestaram preocupa\u00e7\u00e3o\u00a0na quarta-feira sobre as usinas hidrel\u00e9tricas chinesas que liberam \u00e1gua em outro afluente do Rio Vermelho, o Lo, conhecido na China como Panlongjiang. Segundo Pequim,\u00a0os dois pa\u00edses estavam cooperando na preven\u00e7\u00e3o de enchentes.<\/p>\n<p>O Yagi causou estragos em muitas f\u00e1bricas e inundou dep\u00f3sitos em centros industriais costeiros voltados para a exporta\u00e7\u00e3o, a leste de Han\u00f3i, for\u00e7ando o fechamento de f\u00e1bricas. Algumas\u00a0s\u00f3 devem retomar as opera\u00e7\u00f5es completas depois de semanas, de acordo com\u00a0executivos.<\/p>\n<p>As interrup\u00e7\u00f5es amea\u00e7am as cadeias de suprimentos globais, uma vez que o Vietn\u00e3 abriga grandes opera\u00e7\u00f5es de multinacionais que enviam produtos principalmente para Estados Unidos, a Europa e outros pa\u00edses desenvolvidos.<\/p>\n<p>(<em>Reportagem adicional de Phuong Nguyen, Minh Nguyen e Thinh Nguyen<\/em>)<\/p>\n<p><em><strong>*\u00c9 proibida a reprodu\u00e7\u00e3o deste conte\u00fado.<\/strong><\/em><\/p>\n<\/p><\/div>\n<p><br \/>\n<br \/><a href=\"https:\/\/agenciabrasil.ebc.com.br\/internacional\/noticia\/2024-09\/rio-inunda-capital-do-vietna-e-mortos-por-tufao-chegam-179\" rel=\"noopener\">Ag\u00eancia Brasil <\/a><\/p>\n","protected":false},"excerpt":{"rendered":"<p>Milhares de pessoas que viviam perto do Rio Vermelho, em Han\u00f3i, no Vietn\u00e3, foram retiradas de suas casas devido \u00e0s cheias do rio, que atingiu o n\u00edvel mais\u00a0alto em 20 anos. Ruas ficaram inundadas\u00a0com a passagem do\u00a0Tuf\u00e3o Yagi que afetou\u00a0o norte do pa\u00eds, matando pelo menos 179 pessoas. Tuf\u00e3o mais poderoso da \u00c1sia neste ano, [&hellip;]<\/p>\n","protected":false},"author":1,"featured_media":269,"comment_status":"open","ping_status":"open","sticky":false,"template":"","format":"standard","meta":{"_jetpack_newsletter_access":"","_jetpack_dont_email_post_to_subs":false,"_jetpack_newsletter_tier_id":0,"_jetpack_memberships_contains_paywalled_content":false,"_mbp_banners":[],"_jetpack_feature_clip_id":0,"_jetpack_memberships_contains_paid_content":false,"footnotes":"","jetpack_publicize_message":"","jetpack_publicize_feature_enabled":true,"jetpack_social_post_already_shared":true,"jetpack_social_options":{"image_generator_settings":{"template":"highway","default_image_id":0,"font":"","enabled":false},"version":2},"jetpack_post_was_ever_published":false},"categories":[25],"tags":[],"class_list":["post-13994","post","type-post","status-publish","format-standard","has-post-thumbnail","category-internacional"],"jetpack_publicize_connections":[],"jetpack-related-posts":[],"jetpack_shortlink":"https:\/\/wp.me\/p7Eq1F-3DI","jetpack_sharing_enabled":true,"jetpack_featured_media_url":"https:\/\/i0.wp.com\/guialimeira.com.br\/news\/wp-content\/uploads\/2024\/03\/thumb_1200x600_agbrasil.png?fit=1200%2C600&ssl=1","_links":{"self":[{"href":"https:\/\/guialimeira.com.br\/news\/wp-json\/wp\/v2\/posts\/13994","targetHints":{"allow":["GET"]}}],"collection":[{"href":"https:\/\/guialimeira.com.br\/news\/wp-json\/wp\/v2\/posts"}],"about":[{"href":"https:\/\/guialimeira.com.br\/news\/wp-json\/wp\/v2\/types\/post"}],"author":[{"embeddable":true,"href":"https:\/\/guialimeira.com.br\/news\/wp-json\/wp\/v2\/users\/1"}],"replies":[{"embeddable":true,"href":"https:\/\/guialimeira.com.br\/news\/wp-json\/wp\/v2\/comments?post=13994"}],"version-history":[{"count":0,"href":"https:\/\/guialimeira.com.br\/news\/wp-json\/wp\/v2\/posts\/13994\/revisions"}],"wp:featuredmedia":[{"embeddable":true,"href":"https:\/\/guialimeira.com.br\/news\/wp-json\/wp\/v2\/media\/269"}],"wp:attachment":[{"href":"https:\/\/guialimeira.com.br\/news\/wp-json\/wp\/v2\/media?parent=13994"}],"wp:term":[{"taxonomy":"category","embeddable":true,"href":"https:\/\/guialimeira.com.br\/news\/wp-json\/wp\/v2\/categories?post=13994"},{"taxonomy":"post_tag","embeddable":true,"href":"https:\/\/guialimeira.com.br\/news\/wp-json\/wp\/v2\/tags?post=13994"}],"curies":[{"name":"wp","href":"https:\/\/api.w.org\/{rel}","templated":true}]}}