{"id":13984,"date":"2024-09-11T10:52:34","date_gmt":"2024-09-11T13:52:34","guid":{"rendered":"https:\/\/guialimeira.com.br\/2024\/09\/11\/senado-do-mexico-aprova-reforma-judicial-em-vitoria-de-lopez-obrador\/"},"modified":"2024-09-11T10:52:34","modified_gmt":"2024-09-11T13:52:34","slug":"senado-do-mexico-aprova-reforma-judicial-em-vitoria-de-lopez-obrador","status":"publish","type":"post","link":"https:\/\/guialimeira.com.br\/news\/senado-do-mexico-aprova-reforma-judicial-em-vitoria-de-lopez-obrador\/","title":{"rendered":"Senado do M\u00e9xico aprova reforma judicial em vit\u00f3ria de L\u00f3pez Obrador"},"content":{"rendered":"<p> <br \/>\n<\/p>\n<div>\n<p>O Senado do M\u00e9xico aprovou no in\u00edcio desta quarta-feira (11) uma reforma judicial abrangente que vai alterar o Judici\u00e1rio do pa\u00eds, com elei\u00e7\u00e3o de ju\u00edzes por voto popular \u2013 uma transforma\u00e7\u00e3o profunda que os cr\u00edticos temem que possa amea\u00e7ar o Estado de Direito e prejudicar a economia.<img data-recalc-dims=\"1\" decoding=\"async\" src=\"https:\/\/i0.wp.com\/agenciabrasil.ebc.com.br\/ebc.png?w=696&#038;ssl=1\" style=\"width:1px; height:1px; display:inline;\"\/><img data-recalc-dims=\"1\" decoding=\"async\" src=\"https:\/\/i0.wp.com\/agenciabrasil.ebc.com.br\/ebc.gif?w=696&#038;ssl=1\" style=\"width:1px; height:1px; display:inline;\"\/><\/p>\n<p>Em uma sess\u00e3o que durou mais de 12 horas e teve de ser interrompida e deslocada para outro lugar quando manifestantes invadiram o pr\u00e9dio do Senado, o partido governista Morena e seus aliados obtiveram os dois ter\u00e7os de votos necess\u00e1rios para aprovar a reforma. A aprova\u00e7\u00e3o provocou protestos, uma greve de funcion\u00e1rios do Judici\u00e1rio e volatilidade no mercado financeiro.<\/p>\n<p>O placar da vota\u00e7\u00e3o ficou em 86 votos favor\u00e1veis e 41 contr\u00e1rios e foi aplaudido pelos senadores governistas. A reforma entrar\u00e1 em vigor assim que for publicada no di\u00e1rio oficial do M\u00e9xico.<\/p>\n<p>A aprova\u00e7\u00e3o ocorreu ap\u00f3s um <a href=\"https:\/\/agenciabrasil.ebc.com.br\/internacional\/noticia\/2024-09\/controversa-reforma-judicial-do-mexico-segue-para-plenario-do-senado\" target=\"_blank\" rel=\"noopener\">debate tenso e um grande drama pol\u00edtico<\/a>, j\u00e1 que a coaliz\u00e3o governista come\u00e7ou a ter\u00e7a-feira com uma cadeira a menos do que a maioria necess\u00e1ria para aprovar a reforma constitucional.<\/p>\n<p>Mas um legislador da oposi\u00e7\u00e3o rompeu as fileiras de seu partido para votar a favor do projeto de lei, enquanto outro estava ausente em meio a alega\u00e7\u00f5es de que havia sido detido para impedi-lo de votar.<\/p>\n<p>O Morena negou qualquer irregularidade.<\/p>\n<p>&#8220;\u00c9 um dia triste para o nosso M\u00e9xico&#8221;, disse o senador Alejandro Moreno, presidente do partido de oposi\u00e7\u00e3o PRI. A reforma &#8220;foi aprovada no Senado por meio dos piores truques e sob press\u00f5es e coer\u00e7\u00f5es inimagin\u00e1veis&#8221;.<\/p>\n<p>A reforma \u00e9 uma grande vit\u00f3ria para o presidente Andr\u00e9s Manuel L\u00f3pez Obrador, que est\u00e1 deixando o cargo e a considera vital para restaurar a integridade do Judici\u00e1rio mexicano e garantir que ele atenda ao povo e n\u00e3o aos interesses da elite e dos criminosos.<\/p>\n<p>Os cr\u00edticos, no entanto, temem que ela coloque uma concentra\u00e7\u00e3o alarmante de poder nas m\u00e3os do Morena.<\/p>\n<h2>Repercuss\u00e3o<\/h2>\n<p>Os principais parceiros comerciais do M\u00e9xico, os Estados Unidos e o Canad\u00e1, alertaram que a reforma poderia prejudicar o pacto comercial entre os tr\u00eas pa\u00edses e impactar negativamente os investimentos.<\/p>\n<p>A reforma tamb\u00e9m assustou os mercados, com o peso mexicano perdendo cerca de 17% de seu valor desde as elei\u00e7\u00f5es presidenciais de 2 de junho, que viram o Morena vencer de forma esmagadora.<\/p>\n<p>Enquanto os senadores discutiam a reforma na ter\u00e7a-feira, manifestantes invadiram o pr\u00e9dio do Senado agitando bandeiras mexicanas e gritando &#8220;traidores&#8221;, for\u00e7ando a sess\u00e3o a ser interrompida e transferida para outro local.<\/p>\n<p>A espinha dorsal da reforma constitucional, que a c\u00e2mara baixa aprovou na semana passada, exige a elei\u00e7\u00e3o por voto popular de mais de 6,5 mil ju\u00edzes e magistrados, incluindo para a Suprema Corte.<\/p>\n<p>A reforma tamb\u00e9m reduz o n\u00famero de ju\u00edzes da Suprema Corte de 11 para 9, diminui a dura\u00e7\u00e3o de seus mandatos para 12 anos, elimina a exig\u00eancia de idade m\u00ednima de 35 anos e reduz pela metade, de 10 para 5 anos, a experi\u00eancia profissional necess\u00e1ria para o cargo.<\/p>\n<p>A <a href=\"https:\/\/agenciabrasil.ebc.com.br\/internacional\/noticia\/2024-06\/mexicanos-devem-eleger-1o-mulher-presidente-neste-domingo\" target=\"_blank\" rel=\"noopener\">futura presidente do M\u00e9xico, Claudia Sheinbaum<\/a>, que assume o cargo em 2 de outubro, ter\u00e1 a tarefa de administrar as consequ\u00eancias da reforma, que corre o risco de dominar os primeiros meses de seu mandato.<\/p>\n<p><em>*Reportagem adicional de Natalia Siniawski<\/em><\/p>\n<p><strong><em>\u00c9 proibida a reprodu\u00e7\u00e3o deste conte\u00fado<\/em><\/strong><\/p>\n<\/p><\/div>\n<p><br \/>\n<br \/><a href=\"https:\/\/agenciabrasil.ebc.com.br\/internacional\/noticia\/2024-09\/senado-do-mexico-aprova-reforma-judicial-em-vitoria-de-lopez-obrador\" rel=\"noopener\">Ag\u00eancia Brasil <\/a><\/p>\n","protected":false},"excerpt":{"rendered":"<p>O Senado do M\u00e9xico aprovou no in\u00edcio desta quarta-feira (11) uma reforma judicial abrangente que vai alterar o Judici\u00e1rio do pa\u00eds, com elei\u00e7\u00e3o de ju\u00edzes por voto popular \u2013 uma transforma\u00e7\u00e3o profunda que os cr\u00edticos temem que possa amea\u00e7ar o Estado de Direito e prejudicar a economia. Em uma sess\u00e3o que durou mais de 12 [&hellip;]<\/p>\n","protected":false},"author":1,"featured_media":13985,"comment_status":"open","ping_status":"open","sticky":false,"template":"","format":"standard","meta":{"_jetpack_newsletter_access":"","_jetpack_dont_email_post_to_subs":false,"_jetpack_newsletter_tier_id":0,"_jetpack_memberships_contains_paywalled_content":false,"_mbp_banners":[],"_jetpack_feature_clip_id":0,"_jetpack_memberships_contains_paid_content":false,"footnotes":"","jetpack_publicize_message":"","jetpack_publicize_feature_enabled":true,"jetpack_social_post_already_shared":true,"jetpack_social_options":{"image_generator_settings":{"template":"highway","default_image_id":0,"font":"","enabled":false},"version":2},"jetpack_post_was_ever_published":false},"categories":[25],"tags":[],"class_list":["post-13984","post","type-post","status-publish","format-standard","has-post-thumbnail","category-internacional"],"jetpack_publicize_connections":[],"jetpack-related-posts":[],"jetpack_shortlink":"https:\/\/wp.me\/p7Eq1F-3Dy","jetpack_sharing_enabled":true,"jetpack_featured_media_url":"https:\/\/i0.wp.com\/guialimeira.com.br\/news\/wp-content\/uploads\/2024\/09\/2024-09-11t113510z_1_lynxmpek8a0gh_rtroptp_4_mexico-senado-reforma-judicial.jpg?fit=1600%2C800&ssl=1","_links":{"self":[{"href":"https:\/\/guialimeira.com.br\/news\/wp-json\/wp\/v2\/posts\/13984","targetHints":{"allow":["GET"]}}],"collection":[{"href":"https:\/\/guialimeira.com.br\/news\/wp-json\/wp\/v2\/posts"}],"about":[{"href":"https:\/\/guialimeira.com.br\/news\/wp-json\/wp\/v2\/types\/post"}],"author":[{"embeddable":true,"href":"https:\/\/guialimeira.com.br\/news\/wp-json\/wp\/v2\/users\/1"}],"replies":[{"embeddable":true,"href":"https:\/\/guialimeira.com.br\/news\/wp-json\/wp\/v2\/comments?post=13984"}],"version-history":[{"count":0,"href":"https:\/\/guialimeira.com.br\/news\/wp-json\/wp\/v2\/posts\/13984\/revisions"}],"wp:featuredmedia":[{"embeddable":true,"href":"https:\/\/guialimeira.com.br\/news\/wp-json\/wp\/v2\/media\/13985"}],"wp:attachment":[{"href":"https:\/\/guialimeira.com.br\/news\/wp-json\/wp\/v2\/media?parent=13984"}],"wp:term":[{"taxonomy":"category","embeddable":true,"href":"https:\/\/guialimeira.com.br\/news\/wp-json\/wp\/v2\/categories?post=13984"},{"taxonomy":"post_tag","embeddable":true,"href":"https:\/\/guialimeira.com.br\/news\/wp-json\/wp\/v2\/tags?post=13984"}],"curies":[{"name":"wp","href":"https:\/\/api.w.org\/{rel}","templated":true}]}}