{"id":13965,"date":"2024-09-10T22:34:28","date_gmt":"2024-09-11T01:34:28","guid":{"rendered":"https:\/\/guialimeira.com.br\/2024\/09\/10\/casos-de-covid-19-se-mantem-em-alta-no-rio-de-janeiro\/"},"modified":"2024-09-10T22:34:28","modified_gmt":"2024-09-11T01:34:28","slug":"casos-de-covid-19-se-mantem-em-alta-no-rio-de-janeiro","status":"publish","type":"post","link":"https:\/\/guialimeira.com.br\/news\/casos-de-covid-19-se-mantem-em-alta-no-rio-de-janeiro\/","title":{"rendered":"Casos de Covid-19 se mant\u00eam em alta no Rio de Janeiro"},"content":{"rendered":"<p> <br \/>\n<\/p>\n<div>\n<p>Pela segunda semana consecutiva, indicadores do Panorama Covid-19 mostram aumento dos casos da doen\u00e7a no Rio de Janeiro,\u00a0embora j\u00e1 h\u00e1 sinais de\u00a0uma\u00a0desacelera\u00e7\u00e3o da taxa\u00a0de\u00a0crescimento em rela\u00e7\u00e3o aos percentuais registrados na\u00a0semana passada.<img data-recalc-dims=\"1\" decoding=\"async\" src=\"https:\/\/i0.wp.com\/agenciabrasil.ebc.com.br\/ebc.png?w=696&#038;ssl=1\" style=\"width:1px; height:1px; display:inline;\"\/><img data-recalc-dims=\"1\" decoding=\"async\" src=\"https:\/\/i0.wp.com\/agenciabrasil.ebc.com.br\/ebc.gif?w=696&#038;ssl=1\" style=\"width:1px; height:1px; display:inline;\"\/><\/p>\n<p>O boletim da Secretaria Estadual de Sa\u00fade, divulgado nesta ter\u00e7a-feira (10),\u00a0mostra que a taxa de testes positivos (PCR) em amostras coletadas em unidades\u00a0de\u00a0sa\u00fade\u00a0da rede p\u00fablica permanece em alta, subindo\u00a0de\u00a03% para 9%. J\u00e1 em rela\u00e7\u00e3o ao\u00a0teste r\u00e1pido\u00a0de\u00a0ant\u00edgeno, o aumento foi\u00a0de\u00a04% para 8%. Houve queda nos resultados de\u00a0testes r\u00e1pidos em laborat\u00f3rios da rede privada, de\u00a07% para 5%. A maior parte das amostras, analisadas\u00a0pelo\u00a0Laborat\u00f3rio Central\u00a0de\u00a0Sa\u00fade\u00a0P\u00fablica Noel Nutels (Lacen), \u00e9 positiva para\u00a0rinov\u00edrus e\u00a0Covid-19.<\/p>\n<p>Os atendimentos de crian\u00e7as com sintomas de Covid-19\u00a0nas Unidades\u00a0de\u00a0Pronto Atendimento (UPAs) cresceram\u00a032% nas \u00faltimas semanas, de 731 casos para 966. A eleva\u00e7\u00e3o tamb\u00e9m se manteve nos atendimentos de adultos, alta de 17%.\u00a0<\/p>\n<p>O Panorama\u00a0Covid-19\u00a0utiliza como fonte\u00a0de\u00a0dados o Sistema\u00a0de\u00a0Informa\u00e7\u00e3o\u00a0de\u00a0Vigil\u00e2ncia Epidemiol\u00f3gica da Gripe (Sivep-Gripe), o Sistema Estadual\u00a0de\u00a0Regula\u00e7\u00e3o (SER), o Sistema Pr\u00f3prio das UPAs do estado do Rio e o Sistema\u00a0de\u00a0Informa\u00e7\u00e3o\u00a0de\u00a0Gerenciamento\u00a0de\u00a0Amostra Laboratorial (GAL), onde s\u00e3o registrados os resultados dos exames feitos\u00a0pelo Laborat\u00f3rio Nacional\u00a0de\u00a0Sa\u00fade\u00a0P\u00fablica (Lacen-RJ) e pela Funda\u00e7\u00e3o Oswaldo Cruz (Fiocruz). Tamb\u00e9m s\u00e3o registrados os dados enviados pela rede Dasa realizados em laborat\u00f3rios privados.<\/p>\n<\/p><\/div>\n<p><br \/>\n<br \/><a href=\"https:\/\/agenciabrasil.ebc.com.br\/saude\/noticia\/2024-09\/casos-de-covid-19-se-mantem-em-alta-no-rio-de-janeiro\" rel=\"noopener\">Ag\u00eancia Brasil <\/a><\/p>\n","protected":false},"excerpt":{"rendered":"<p>Pela segunda semana consecutiva, indicadores do Panorama Covid-19 mostram aumento dos casos da doen\u00e7a no Rio de Janeiro,\u00a0embora j\u00e1 h\u00e1 sinais de\u00a0uma\u00a0desacelera\u00e7\u00e3o da taxa\u00a0de\u00a0crescimento em rela\u00e7\u00e3o aos percentuais registrados na\u00a0semana passada. O boletim da Secretaria Estadual de Sa\u00fade, divulgado nesta ter\u00e7a-feira (10),\u00a0mostra que a taxa de testes positivos (PCR) em amostras coletadas em unidades\u00a0de\u00a0sa\u00fade\u00a0da rede [&hellip;]<\/p>\n","protected":false},"author":1,"featured_media":13966,"comment_status":"open","ping_status":"open","sticky":false,"template":"","format":"standard","meta":{"_jetpack_newsletter_access":"","_jetpack_dont_email_post_to_subs":false,"_jetpack_newsletter_tier_id":0,"_jetpack_memberships_contains_paywalled_content":false,"_mbp_banners":[],"_jetpack_feature_clip_id":0,"_jetpack_memberships_contains_paid_content":false,"footnotes":"","jetpack_publicize_message":"","jetpack_publicize_feature_enabled":true,"jetpack_social_post_already_shared":true,"jetpack_social_options":{"image_generator_settings":{"template":"highway","default_image_id":0,"font":"","enabled":false},"version":2},"jetpack_post_was_ever_published":false},"categories":[15],"tags":[],"class_list":["post-13965","post","type-post","status-publish","format-standard","has-post-thumbnail","category-saude"],"jetpack_publicize_connections":[],"jetpack-related-posts":[],"jetpack_shortlink":"https:\/\/wp.me\/p7Eq1F-3Df","jetpack_sharing_enabled":true,"jetpack_featured_media_url":"https:\/\/i0.wp.com\/guialimeira.com.br\/news\/wp-content\/uploads\/2024\/09\/foto_peter_ilicciev_23_0.jpg?fit=1600%2C800&ssl=1","_links":{"self":[{"href":"https:\/\/guialimeira.com.br\/news\/wp-json\/wp\/v2\/posts\/13965","targetHints":{"allow":["GET"]}}],"collection":[{"href":"https:\/\/guialimeira.com.br\/news\/wp-json\/wp\/v2\/posts"}],"about":[{"href":"https:\/\/guialimeira.com.br\/news\/wp-json\/wp\/v2\/types\/post"}],"author":[{"embeddable":true,"href":"https:\/\/guialimeira.com.br\/news\/wp-json\/wp\/v2\/users\/1"}],"replies":[{"embeddable":true,"href":"https:\/\/guialimeira.com.br\/news\/wp-json\/wp\/v2\/comments?post=13965"}],"version-history":[{"count":0,"href":"https:\/\/guialimeira.com.br\/news\/wp-json\/wp\/v2\/posts\/13965\/revisions"}],"wp:featuredmedia":[{"embeddable":true,"href":"https:\/\/guialimeira.com.br\/news\/wp-json\/wp\/v2\/media\/13966"}],"wp:attachment":[{"href":"https:\/\/guialimeira.com.br\/news\/wp-json\/wp\/v2\/media?parent=13965"}],"wp:term":[{"taxonomy":"category","embeddable":true,"href":"https:\/\/guialimeira.com.br\/news\/wp-json\/wp\/v2\/categories?post=13965"},{"taxonomy":"post_tag","embeddable":true,"href":"https:\/\/guialimeira.com.br\/news\/wp-json\/wp\/v2\/tags?post=13965"}],"curies":[{"name":"wp","href":"https:\/\/api.w.org\/{rel}","templated":true}]}}