{"id":13861,"date":"2024-09-09T11:05:30","date_gmt":"2024-09-09T14:05:30","guid":{"rendered":"https:\/\/guialimeira.com.br\/2024\/09\/09\/tufao-yagi-deixa-46-mortos-no-vietna-e-provoca-danos-em-fabricas\/"},"modified":"2024-09-09T11:05:30","modified_gmt":"2024-09-09T14:05:30","slug":"tufao-yagi-deixa-46-mortos-no-vietna-e-provoca-danos-em-fabricas","status":"publish","type":"post","link":"https:\/\/guialimeira.com.br\/news\/tufao-yagi-deixa-46-mortos-no-vietna-e-provoca-danos-em-fabricas\/","title":{"rendered":"Tuf\u00e3o Yagi deixa 46 mortos no Vietn\u00e3 e provoca danos em f\u00e1bricas"},"content":{"rendered":"<p> <br \/>\n<\/p>\n<div>\n<p>O tuf\u00e3o Yagi, a tempestade mais poderosa da \u00c1sia neste ano, deixou dezenas de mortos no norte do Vietn\u00e3 e danos generalizados \u00e0 infraestrutura e \u00e0s f\u00e1bricas enquanto se deslocava para o oeste, segundo estimativas preliminares do governo nesta segunda-feira (9).<img data-recalc-dims=\"1\" decoding=\"async\" src=\"https:\/\/i0.wp.com\/agenciabrasil.ebc.com.br\/ebc.png?w=696&#038;ssl=1\" style=\"width:1px; height:1px; display:inline;\"\/><img data-recalc-dims=\"1\" decoding=\"async\" src=\"https:\/\/i0.wp.com\/agenciabrasil.ebc.com.br\/ebc.gif?w=696&#038;ssl=1\" style=\"width:1px; height:1px; display:inline;\"\/><\/p>\n<p>Quarenta e seis pessoas morreram e 22 estavam desaparecidas, principalmente devido a deslizamentos de terra e inunda\u00e7\u00f5es provocadas pelo tuf\u00e3o, informou a Ag\u00eancia de Gerenciamento de Desastres do Vietn\u00e3.<\/p>\n<p>O tuf\u00e3o atingiu no s\u00e1bado (7) a costa nordeste do Vietn\u00e3, onde est\u00e3o localizadas grandes opera\u00e7\u00f5es de produ\u00e7\u00e3o de empresas nacionais e estrangeiras. Ele foi rebaixado para depress\u00e3o tropical no domingo, mas a ag\u00eancia meteorol\u00f3gica alertou hoje sobre novas enchentes e deslizamentos de terra.<\/p>\n<p>O Yagi causou corte de energia em\u00a0milh\u00f5es de resid\u00eancias e empresas, inundou rodovias, interrompeu as redes de telecomunica\u00e7\u00f5es, derrubou uma ponte de m\u00e9dio porte e milhares de \u00e1rvores e paralisou a atividade econ\u00f4mica em muitos centros industriais.<\/p>\n<p>Gerentes e trabalhadores de parques industriais e f\u00e1bricas em Haiphong, uma cidade litor\u00e2nea de 2\u00a0milh\u00f5es de habitantes, disseram que n\u00e3o tinham eletricidade e que estavam tentando salvar equipamentos de f\u00e1bricas onde o telhado de chapa met\u00e1lica havia sido levado pelo vento, em meio \u00e0 previs\u00e3o de mais chuvas.<\/p>\n<p>&#8220;Todos est\u00e3o se esfor\u00e7ando para tornar as instala\u00e7\u00f5es seguras e os estoques secos&#8221;, disse Bruno Jaspaert, chefe das zonas industriais DEEP C, que abrigam f\u00e1bricas de mais de 150 investidores em Haiphong e na prov\u00edncia vizinha de Quang Ninh.<\/p>\n<p>As paredes de uma f\u00e1brica em Haiphong, da LG Electronics, desabaram, de acordo com fotos e uma testemunha da Reuters.<\/p>\n<p>Uma das principais fabricantes de eletrodom\u00e9sticos e eletr\u00f4nicos, a\u00a0LG Electronics disse que n\u00e3o houve v\u00edtimas entre seus funcion\u00e1rios e reconheceu os danos em seu local de produ\u00e7\u00e3o, observando que um dep\u00f3sito com geladeiras e m\u00e1quinas de lavar havia sido inundado.<\/p>\n<p>&#8220;Muitos danos&#8221;, disse Hong Sun, presidente da associa\u00e7\u00e3o comercial sul-coreana no Vietn\u00e3, quando perguntado sobre o impacto do tuf\u00e3o nas f\u00e1bricas coreanas em\u00a0\u00e1reas costeiras.<\/p>\n<p>Um gerente de f\u00e1bricas arrendadas confirmou danos generalizados aos telhados e cortes prolongados de energia nas prov\u00edncias do norte.<\/p>\n<p><em><strong>*\u00c9 proibida a reprodu\u00e7\u00e3o deste conte\u00fado.<\/strong><\/em><\/p>\n<\/p><\/div>\n<p><br \/>\n<br \/><a href=\"https:\/\/agenciabrasil.ebc.com.br\/internacional\/noticia\/2024-09\/tufao-yagi-deixa-46-mortos-no-vietna-e-provoca-danos-em-fabricas\" rel=\"noopener\">Ag\u00eancia Brasil <\/a><\/p>\n","protected":false},"excerpt":{"rendered":"<p>O tuf\u00e3o Yagi, a tempestade mais poderosa da \u00c1sia neste ano, deixou dezenas de mortos no norte do Vietn\u00e3 e danos generalizados \u00e0 infraestrutura e \u00e0s f\u00e1bricas enquanto se deslocava para o oeste, segundo estimativas preliminares do governo nesta segunda-feira (9). Quarenta e seis pessoas morreram e 22 estavam desaparecidas, principalmente devido a deslizamentos de [&hellip;]<\/p>\n","protected":false},"author":1,"featured_media":269,"comment_status":"open","ping_status":"open","sticky":false,"template":"","format":"standard","meta":{"_jetpack_newsletter_access":"","_jetpack_dont_email_post_to_subs":false,"_jetpack_newsletter_tier_id":0,"_jetpack_memberships_contains_paywalled_content":false,"_mbp_banners":[],"_jetpack_feature_clip_id":0,"_jetpack_memberships_contains_paid_content":false,"footnotes":"","jetpack_publicize_message":"","jetpack_publicize_feature_enabled":true,"jetpack_social_post_already_shared":true,"jetpack_social_options":{"image_generator_settings":{"template":"highway","default_image_id":0,"font":"","enabled":false},"version":2},"jetpack_post_was_ever_published":false},"categories":[25],"tags":[],"class_list":["post-13861","post","type-post","status-publish","format-standard","has-post-thumbnail","category-internacional"],"jetpack_publicize_connections":[],"jetpack-related-posts":[],"jetpack_shortlink":"https:\/\/wp.me\/p7Eq1F-3Bz","jetpack_sharing_enabled":true,"jetpack_featured_media_url":"https:\/\/i0.wp.com\/guialimeira.com.br\/news\/wp-content\/uploads\/2024\/03\/thumb_1200x600_agbrasil.png?fit=1200%2C600&ssl=1","_links":{"self":[{"href":"https:\/\/guialimeira.com.br\/news\/wp-json\/wp\/v2\/posts\/13861","targetHints":{"allow":["GET"]}}],"collection":[{"href":"https:\/\/guialimeira.com.br\/news\/wp-json\/wp\/v2\/posts"}],"about":[{"href":"https:\/\/guialimeira.com.br\/news\/wp-json\/wp\/v2\/types\/post"}],"author":[{"embeddable":true,"href":"https:\/\/guialimeira.com.br\/news\/wp-json\/wp\/v2\/users\/1"}],"replies":[{"embeddable":true,"href":"https:\/\/guialimeira.com.br\/news\/wp-json\/wp\/v2\/comments?post=13861"}],"version-history":[{"count":0,"href":"https:\/\/guialimeira.com.br\/news\/wp-json\/wp\/v2\/posts\/13861\/revisions"}],"wp:featuredmedia":[{"embeddable":true,"href":"https:\/\/guialimeira.com.br\/news\/wp-json\/wp\/v2\/media\/269"}],"wp:attachment":[{"href":"https:\/\/guialimeira.com.br\/news\/wp-json\/wp\/v2\/media?parent=13861"}],"wp:term":[{"taxonomy":"category","embeddable":true,"href":"https:\/\/guialimeira.com.br\/news\/wp-json\/wp\/v2\/categories?post=13861"},{"taxonomy":"post_tag","embeddable":true,"href":"https:\/\/guialimeira.com.br\/news\/wp-json\/wp\/v2\/tags?post=13861"}],"curies":[{"name":"wp","href":"https:\/\/api.w.org\/{rel}","templated":true}]}}