{"id":1384,"date":"2024-04-10T17:41:42","date_gmt":"2024-04-10T20:41:42","guid":{"rendered":"https:\/\/guialimeira.com.br\/2024\/04\/10\/ministerio-publico-denuncia-26-pessoas-na-operacao-fim-da-linha\/"},"modified":"2024-04-10T17:41:42","modified_gmt":"2024-04-10T20:41:42","slug":"ministerio-publico-denuncia-26-pessoas-na-operacao-fim-da-linha","status":"publish","type":"post","link":"https:\/\/guialimeira.com.br\/news\/ministerio-publico-denuncia-26-pessoas-na-operacao-fim-da-linha\/","title":{"rendered":"Minist\u00e9rio P\u00fablico denuncia 26 pessoas na Opera\u00e7\u00e3o Fim da Linha"},"content":{"rendered":"<p> <br \/>\n<\/p>\n<div>\n<p>O Minist\u00e9rio P\u00fablico de S\u00e3o Paulo (MPSP) denunciou, por meio do Grupo de Atua\u00e7\u00e3o Especial de Combate ao Crime Organizado (Gaeco), 26 pessoas suspeitas de envolvimento em crimes de organiza\u00e7\u00e3o criminosa, lavagem de capitais, extors\u00e3o e apropria\u00e7\u00e3o ind\u00e9bita relacionados \u00e0 <a href=\"https:\/\/agenciabrasil.ebc.com.br\/geral\/noticia\/2024-04\/dirigentes-de-empresas-de-onibus-sao-presos-em-sao-paulo\" target=\"_blank\" rel=\"noopener\">Opera\u00e7\u00e3o Fim da Linha<\/a>.<img data-recalc-dims=\"1\" decoding=\"async\" src=\"https:\/\/i0.wp.com\/agenciabrasil.ebc.com.br\/ebc.png?w=696&#038;ssl=1\" style=\"width:1px; height:1px; display:inline;\"\/><img data-recalc-dims=\"1\" decoding=\"async\" src=\"https:\/\/i0.wp.com\/agenciabrasil.ebc.com.br\/ebc.gif?w=696&#038;ssl=1\" style=\"width:1px; height:1px; display:inline;\"\/><\/p>\n<p>Se a Justi\u00e7a aceitar a den\u00fancia, as 26 pessoas deixam de ser investigadas na Opera\u00e7\u00e3o Fim da Linha e se tornam r\u00e9s no processo que investiga um esquema de lavagem de dinheiro. Tal esquema teria sido usado pela fac\u00e7\u00e3o criminosa Primeiro Comando da Capital (PCC) por meio de duas empresas de \u00f4nibus que atuavam na capital paulista, a Upbus e a Transwolff.<\/p>\n<p>Deflagrada nesta ter\u00e7a-feira (9), a opera\u00e7\u00e3o resultou na pris\u00e3o de seis pessoas, das quais, tr\u00eas em flagrante, e na apreens\u00e3o de 11 armas, 813 muni\u00e7\u00f5es diversas, R$ 161 mil, computadores, HDs e <em>pen drives<\/em>, assim como d\u00f3lares e barras de ouro.<\/p>\n<p>Os envolvidos no crime usavam a explora\u00e7\u00e3o do servi\u00e7o de transporte p\u00fablico por \u00f4nibus na capital para esconder a origem il\u00edcita de ativos ou capital provenientes de tr\u00e1fico de drogas, roubos e outros delitos.<\/p>\n<p>Conforme a den\u00fancia, entre os anos de 2014 e 2024, uma pessoa que integrava a sintonia geral do PCC [que coordena as atividades de tr\u00e1fico], apelidada de Cebola, e outra conhecida como D\u00e9cio Portugu\u00eas, injetaram mais de R$ 20 milh\u00f5es em recursos obtidos de forma il\u00edcita em uma cooperativa de transporte p\u00fablico da zona leste que viria a se transformar na UpBus. Isso viabilizou a participa\u00e7\u00e3o da empresa na concorr\u00eancia promovida pela prefeitura de S\u00e3o Paulo em 2015. Tanto Cebola quanto D\u00e9cio Portugu\u00eas integravam o quadro societ\u00e1rio da UpBus.<\/p>\n<p>Na Transwolff (TW), uma pessoa identificada pelo apelido de Pandora e mais nove denunciados \u201cconstitu\u00edram e integraram uma organiza\u00e7\u00e3o criminosa usando o grupo econ\u00f4mico TW\/Cooperpam para cometer os crimes de apropria\u00e7\u00e3o ind\u00e9bita, extors\u00e3o, lavagem de bens, direitos e valores, e fraudes licitat\u00f3rias&#8221;. Eles lavaram cerca de R$ 54 milh\u00f5es de dinheiro do crime, especialmente oriundo do tr\u00e1fico de drogas, utilizando-se da empresa de transporte, que tamb\u00e9m precisava de recursos para se qualificar \u00e0 licita\u00e7\u00e3o.<\/p>\n<p>Ambas as empresas sofreram interven\u00e7\u00e3o do munic\u00edpio. Em edi\u00e7\u00e3o extraordin\u00e1ria publicada ontem no Di\u00e1rio Oficial, o prefeito de S\u00e3o Paulo, Ricardo Nunes, decretou<a href=\"https:\/\/agenciabrasil.ebc.com.br\/geral\/noticia\/2024-04\/prefeitura-assume-empresas-de-onibus-alvos-de-operacao-policial-em-sp\" target=\"_blank\" rel=\"noopener\"> interven\u00e7\u00e3o nas duas empresas<\/a>, informando que a prefeitura, por meio da SPTrans, assumiria o controle das linhas.<\/p>\n<p>A Opera\u00e7\u00e3o Fim da Linha contou com apoio da Pol\u00edcia Militar, da Receita Federal e do Conselho Administrativo de Defesa Econ\u00f4mica (Cade), movimentando mais de 400 agentes p\u00fablicos.<\/p>\n<p>A<strong> Ag\u00eancia Brasil <\/strong>tentou contato com as duas empresas investigadas e aguarda retorno.<\/p>\n<\/p><\/div>\n<p><br \/>\n<br \/><a href=\"https:\/\/agenciabrasil.ebc.com.br\/justica\/noticia\/2024-04\/ministerio-publico-denuncia-26-pessoas-na-operacao-fim-da-linha\" rel=\"noopener\">Ag\u00eancia Brasil<\/a><\/p>\n","protected":false},"excerpt":{"rendered":"<p>O Minist\u00e9rio P\u00fablico de S\u00e3o Paulo (MPSP) denunciou, por meio do Grupo de Atua\u00e7\u00e3o Especial de Combate ao Crime Organizado (Gaeco), 26 pessoas suspeitas de envolvimento em crimes de organiza\u00e7\u00e3o criminosa, lavagem de capitais, extors\u00e3o e apropria\u00e7\u00e3o ind\u00e9bita relacionados \u00e0 Opera\u00e7\u00e3o Fim da Linha. Se a Justi\u00e7a aceitar a den\u00fancia, as 26 pessoas deixam de [&hellip;]<\/p>\n","protected":false},"author":1,"featured_media":269,"comment_status":"open","ping_status":"open","sticky":false,"template":"","format":"standard","meta":{"_jetpack_newsletter_access":"","_jetpack_dont_email_post_to_subs":false,"_jetpack_newsletter_tier_id":0,"_jetpack_memberships_contains_paywalled_content":false,"_mbp_banners":[],"_jetpack_feature_clip_id":0,"_jetpack_memberships_contains_paid_content":false,"footnotes":"","jetpack_publicize_message":"","jetpack_publicize_feature_enabled":true,"jetpack_social_post_already_shared":true,"jetpack_social_options":{"image_generator_settings":{"template":"highway","default_image_id":0,"font":"","enabled":false},"version":2},"jetpack_post_was_ever_published":false},"categories":[22],"tags":[],"class_list":["post-1384","post","type-post","status-publish","format-standard","has-post-thumbnail","category-nacional"],"jetpack_publicize_connections":[],"jetpack-related-posts":[],"jetpack_shortlink":"https:\/\/wp.me\/p7Eq1F-mk","jetpack_sharing_enabled":true,"jetpack_featured_media_url":"https:\/\/i0.wp.com\/guialimeira.com.br\/news\/wp-content\/uploads\/2024\/03\/thumb_1200x600_agbrasil.png?fit=1200%2C600&ssl=1","_links":{"self":[{"href":"https:\/\/guialimeira.com.br\/news\/wp-json\/wp\/v2\/posts\/1384","targetHints":{"allow":["GET"]}}],"collection":[{"href":"https:\/\/guialimeira.com.br\/news\/wp-json\/wp\/v2\/posts"}],"about":[{"href":"https:\/\/guialimeira.com.br\/news\/wp-json\/wp\/v2\/types\/post"}],"author":[{"embeddable":true,"href":"https:\/\/guialimeira.com.br\/news\/wp-json\/wp\/v2\/users\/1"}],"replies":[{"embeddable":true,"href":"https:\/\/guialimeira.com.br\/news\/wp-json\/wp\/v2\/comments?post=1384"}],"version-history":[{"count":0,"href":"https:\/\/guialimeira.com.br\/news\/wp-json\/wp\/v2\/posts\/1384\/revisions"}],"wp:featuredmedia":[{"embeddable":true,"href":"https:\/\/guialimeira.com.br\/news\/wp-json\/wp\/v2\/media\/269"}],"wp:attachment":[{"href":"https:\/\/guialimeira.com.br\/news\/wp-json\/wp\/v2\/media?parent=1384"}],"wp:term":[{"taxonomy":"category","embeddable":true,"href":"https:\/\/guialimeira.com.br\/news\/wp-json\/wp\/v2\/categories?post=1384"},{"taxonomy":"post_tag","embeddable":true,"href":"https:\/\/guialimeira.com.br\/news\/wp-json\/wp\/v2\/tags?post=1384"}],"curies":[{"name":"wp","href":"https:\/\/api.w.org\/{rel}","templated":true}]}}