{"id":1381,"date":"2024-04-10T16:40:43","date_gmt":"2024-04-10T19:40:43","guid":{"rendered":"https:\/\/guialimeira.com.br\/2024\/04\/10\/ccj-da-camara-aprova-prisao-de-chiquinho-brazao-plenario-vai-votar\/"},"modified":"2024-04-10T16:40:43","modified_gmt":"2024-04-10T19:40:43","slug":"ccj-da-camara-aprova-prisao-de-chiquinho-brazao-plenario-vai-votar","status":"publish","type":"post","link":"https:\/\/guialimeira.com.br\/news\/ccj-da-camara-aprova-prisao-de-chiquinho-brazao-plenario-vai-votar\/","title":{"rendered":"CCJ da C\u00e2mara aprova pris\u00e3o de Chiquinho Braz\u00e3o; plen\u00e1rio vai votar"},"content":{"rendered":"<p> <br \/>\n<\/p>\n<div>\n<p>Por 39 votos a 25, a\u00a0Comiss\u00e3o de Constitui\u00e7\u00e3o e Justi\u00e7a e de Cidadania (CCJ) da C\u00e2mara dos Deputados aprovou na tarde desta quarta-feira (10) a manuten\u00e7\u00e3o\u00a0da pris\u00e3o do deputado Chiquinho Braz\u00e3o (sem partido-RJ). A medida\u00a0ainda precisa passar por vota\u00e7\u00e3o\u00a0no\u00a0plen\u00e1rio.<img data-recalc-dims=\"1\" decoding=\"async\" src=\"https:\/\/i0.wp.com\/agenciabrasil.ebc.com.br\/ebc.png?w=696&#038;ssl=1\" style=\"width:1px; height:1px; display:inline;\"\/><img data-recalc-dims=\"1\" decoding=\"async\" src=\"https:\/\/i0.wp.com\/agenciabrasil.ebc.com.br\/ebc.gif?w=696&#038;ssl=1\" style=\"width:1px; height:1px; display:inline;\"\/><\/p>\n<p>O colegiado aprovou o parecer do\u00a0deputado Darci de Matos (PSD-SC).<\/p>\n<p>Mais cedo, o\u00a0Conselho de \u00c9tica da Casa<a href=\"https:\/\/agenciabrasil.ebc.com.br\/politica\/noticia\/2024-04\/conselho-de-etica-abre-processo-que-pode-cassar-chiquinho-brazao\" rel=\"noopener\"> instaurou\u00a0processo que poder\u00e1 levar \u00e0 cassa\u00e7\u00e3o do mandato <\/a>de Chiquinho Braz\u00e3o. O pedido para abertura do processo disciplinar foi feito pelo PSOL.<\/p>\n<p>Braz\u00e3o \u00e9 acusado de ser um dos mandantes do assassinato da vereadora do Rio Janeiro, Marielle Franco, em mar\u00e7o de 2018. Na ocasi\u00e3o, a parlamentar e o motorista Anderson Gomes foram executados no Rio de Janeiro. Chiquinho Braz\u00e3o est\u00e1 detido desde 24 de mar\u00e7o. Ap\u00f3s a pris\u00e3o, a executiva Nacional do partido Uni\u00e3o Brasil aprovou, por unanimidade, a expuls\u00e3o do deputado federal da sigla.<\/p>\n<p><em>* Texto em atualiza\u00e7\u00e3o<\/em><\/p>\n<p>\u00a0<\/p>\n<\/p><\/div>\n<p><br \/>\n<br \/><a href=\"https:\/\/agenciabrasil.ebc.com.br\/politica\/noticia\/2024-04\/ccj-da-camara-aprova-prisao-de-chiquinho-brazao-plenario-vai-votar\" rel=\"noopener\">Ag\u00eancia Brasil<\/a><\/p>\n","protected":false},"excerpt":{"rendered":"<p>Por 39 votos a 25, a\u00a0Comiss\u00e3o de Constitui\u00e7\u00e3o e Justi\u00e7a e de Cidadania (CCJ) da C\u00e2mara dos Deputados aprovou na tarde desta quarta-feira (10) a manuten\u00e7\u00e3o\u00a0da pris\u00e3o do deputado Chiquinho Braz\u00e3o (sem partido-RJ). A medida\u00a0ainda precisa passar por vota\u00e7\u00e3o\u00a0no\u00a0plen\u00e1rio. O colegiado aprovou o parecer do\u00a0deputado Darci de Matos (PSD-SC). Mais cedo, o\u00a0Conselho de \u00c9tica da [&hellip;]<\/p>\n","protected":false},"author":1,"featured_media":269,"comment_status":"open","ping_status":"open","sticky":false,"template":"","format":"standard","meta":{"_jetpack_newsletter_access":"","_jetpack_dont_email_post_to_subs":false,"_jetpack_newsletter_tier_id":0,"_jetpack_memberships_contains_paywalled_content":false,"_mbp_banners":[],"_jetpack_feature_clip_id":0,"_jetpack_memberships_contains_paid_content":false,"footnotes":"","jetpack_publicize_message":"","jetpack_publicize_feature_enabled":true,"jetpack_social_post_already_shared":true,"jetpack_social_options":{"image_generator_settings":{"template":"highway","default_image_id":0,"font":"","enabled":false},"version":2},"jetpack_post_was_ever_published":false},"categories":[22],"tags":[],"class_list":["post-1381","post","type-post","status-publish","format-standard","has-post-thumbnail","category-nacional"],"jetpack_publicize_connections":[],"jetpack-related-posts":[],"jetpack_shortlink":"https:\/\/wp.me\/p7Eq1F-mh","jetpack_sharing_enabled":true,"jetpack_featured_media_url":"https:\/\/i0.wp.com\/guialimeira.com.br\/news\/wp-content\/uploads\/2024\/03\/thumb_1200x600_agbrasil.png?fit=1200%2C600&ssl=1","_links":{"self":[{"href":"https:\/\/guialimeira.com.br\/news\/wp-json\/wp\/v2\/posts\/1381","targetHints":{"allow":["GET"]}}],"collection":[{"href":"https:\/\/guialimeira.com.br\/news\/wp-json\/wp\/v2\/posts"}],"about":[{"href":"https:\/\/guialimeira.com.br\/news\/wp-json\/wp\/v2\/types\/post"}],"author":[{"embeddable":true,"href":"https:\/\/guialimeira.com.br\/news\/wp-json\/wp\/v2\/users\/1"}],"replies":[{"embeddable":true,"href":"https:\/\/guialimeira.com.br\/news\/wp-json\/wp\/v2\/comments?post=1381"}],"version-history":[{"count":0,"href":"https:\/\/guialimeira.com.br\/news\/wp-json\/wp\/v2\/posts\/1381\/revisions"}],"wp:featuredmedia":[{"embeddable":true,"href":"https:\/\/guialimeira.com.br\/news\/wp-json\/wp\/v2\/media\/269"}],"wp:attachment":[{"href":"https:\/\/guialimeira.com.br\/news\/wp-json\/wp\/v2\/media?parent=1381"}],"wp:term":[{"taxonomy":"category","embeddable":true,"href":"https:\/\/guialimeira.com.br\/news\/wp-json\/wp\/v2\/categories?post=1381"},{"taxonomy":"post_tag","embeddable":true,"href":"https:\/\/guialimeira.com.br\/news\/wp-json\/wp\/v2\/tags?post=1381"}],"curies":[{"name":"wp","href":"https:\/\/api.w.org\/{rel}","templated":true}]}}