{"id":13796,"date":"2024-09-07T13:20:34","date_gmt":"2024-09-07T16:20:34","guid":{"rendered":"https:\/\/guialimeira.com.br\/2024\/09\/07\/venezuela-quer-suspender-custodia-do-brasil-sobre-embaixada-argentina\/"},"modified":"2024-09-07T13:20:34","modified_gmt":"2024-09-07T16:20:34","slug":"venezuela-quer-suspender-custodia-do-brasil-sobre-embaixada-argentina","status":"publish","type":"post","link":"https:\/\/guialimeira.com.br\/news\/venezuela-quer-suspender-custodia-do-brasil-sobre-embaixada-argentina\/","title":{"rendered":"Venezuela quer suspender cust\u00f3dia do Brasil sobre embaixada argentina"},"content":{"rendered":"<p> <br \/>\n<\/p>\n<div>\n<p>O governo da Venezuela quer suspender a cust\u00f3dia do Brasil sobre a Embaixada da Argentina em Caracas. De acordo\u00a0com o Minist\u00e9rio das Rela\u00e7\u00f5es Exteriores, \u201cn\u00e3o pode haver revoga\u00e7\u00e3o unilateral da cust\u00f3dia.\u201d<img data-recalc-dims=\"1\" decoding=\"async\" src=\"https:\/\/i0.wp.com\/agenciabrasil.ebc.com.br\/ebc.png?w=696&#038;ssl=1\" style=\"width:1px; height:1px; display:inline;\"\/><img data-recalc-dims=\"1\" decoding=\"async\" src=\"https:\/\/i0.wp.com\/agenciabrasil.ebc.com.br\/ebc.gif?w=696&#038;ssl=1\" style=\"width:1px; height:1px; display:inline;\"\/><\/p>\n<p>Segundo nota do Itamaraty, \u201cenquanto n\u00e3o se designar outro pa\u00eds para representar os interesses argentinos, a situa\u00e7\u00e3o permanece como est\u00e1&#8221;. O governo brasileiro foi notificado pelo governo venezuelano, &#8220;mas informou que seguir\u00e1 representando os interesses da Argentina na Venezuela at\u00e9 que seja designado um substituto.\u201d<\/p>\n<p>H\u00e1 pouco mais de um m\u00eas, o <a href=\"https:\/\/agenciabrasil.ebc.com.br\/internacional\/noticia\/2024-08\/brasil-assume-temporariamente-embaixada-da-argentina-em-caracas\" target=\"_blank\" rel=\"noopener\">Brasil assumiu temporariamente<\/a>, a pedido do governo argentino, a representa\u00e7\u00e3o diplom\u00e1tica argentina na capital venezuelana, ap\u00f3s o presidente Nicol\u00e1s Maduro decretar o fechamento da representa\u00e7\u00e3o diplom\u00e1tica argentina e ordenar a expuls\u00e3o do pa\u00eds dos diplomatas argentinos. Na ocasi\u00e3o, a bandeira do Brasil foi hasteada no lugar da bandeira Argentina.<\/p>\n<p>A Venezuela tamb\u00e9m expulsou as miss\u00f5es diplom\u00e1ticas do Chile, da Costa Rica, do Panam\u00e1, da Rep\u00fablica Dominicana e do Uruguai.<\/p>\n<p>Jornais de Buenos Aires afirmam que seis opositores ao regime do presidente Nicol\u00e1s Maduro seguem refugiados na embaixada, que est\u00e1 sitiada com a presen\u00e7a de agentes da Dire\u00e7\u00e3o de A\u00e7\u00f5es Estrat\u00e9gicas e T\u00e1ticas, da Policia Nacional Bolivariana, e do Servi\u00e7o Bolivariano de Intelig\u00eancia. Segundo a imprensa portenha, a luz da embaixada foi cortada e geradores garantem o fornecimento de energia el\u00e9trica.\u00a0<\/p>\n<\/p><\/div>\n<p><br \/>\n<br \/><a href=\"https:\/\/agenciabrasil.ebc.com.br\/internacional\/noticia\/2024-09\/venezuela-quer-suspender-custodia-do-brasil-sobre-embaixada-argentina\" rel=\"noopener\">Ag\u00eancia Brasil <\/a><\/p>\n","protected":false},"excerpt":{"rendered":"<p>O governo da Venezuela quer suspender a cust\u00f3dia do Brasil sobre a Embaixada da Argentina em Caracas. De acordo\u00a0com o Minist\u00e9rio das Rela\u00e7\u00f5es Exteriores, \u201cn\u00e3o pode haver revoga\u00e7\u00e3o unilateral da cust\u00f3dia.\u201d Segundo nota do Itamaraty, \u201cenquanto n\u00e3o se designar outro pa\u00eds para representar os interesses argentinos, a situa\u00e7\u00e3o permanece como est\u00e1&#8221;. O governo brasileiro foi [&hellip;]<\/p>\n","protected":false},"author":1,"featured_media":572,"comment_status":"open","ping_status":"open","sticky":false,"template":"","format":"standard","meta":{"_jetpack_newsletter_access":"","_jetpack_dont_email_post_to_subs":false,"_jetpack_newsletter_tier_id":0,"_jetpack_memberships_contains_paywalled_content":false,"_mbp_banners":[],"_jetpack_feature_clip_id":0,"_jetpack_memberships_contains_paid_content":false,"footnotes":"","jetpack_publicize_message":"","jetpack_publicize_feature_enabled":true,"jetpack_social_post_already_shared":true,"jetpack_social_options":{"image_generator_settings":{"template":"highway","default_image_id":0,"font":"","enabled":false},"version":2},"jetpack_post_was_ever_published":false},"categories":[25],"tags":[],"class_list":["post-13796","post","type-post","status-publish","format-standard","has-post-thumbnail","category-internacional"],"jetpack_publicize_connections":[],"jetpack-related-posts":[],"jetpack_shortlink":"https:\/\/wp.me\/p7Eq1F-3Aw","jetpack_sharing_enabled":true,"jetpack_featured_media_url":"https:\/\/i0.wp.com\/guialimeira.com.br\/news\/wp-content\/uploads\/2024\/03\/pzzb1932.jpg?fit=1600%2C800&ssl=1","_links":{"self":[{"href":"https:\/\/guialimeira.com.br\/news\/wp-json\/wp\/v2\/posts\/13796","targetHints":{"allow":["GET"]}}],"collection":[{"href":"https:\/\/guialimeira.com.br\/news\/wp-json\/wp\/v2\/posts"}],"about":[{"href":"https:\/\/guialimeira.com.br\/news\/wp-json\/wp\/v2\/types\/post"}],"author":[{"embeddable":true,"href":"https:\/\/guialimeira.com.br\/news\/wp-json\/wp\/v2\/users\/1"}],"replies":[{"embeddable":true,"href":"https:\/\/guialimeira.com.br\/news\/wp-json\/wp\/v2\/comments?post=13796"}],"version-history":[{"count":0,"href":"https:\/\/guialimeira.com.br\/news\/wp-json\/wp\/v2\/posts\/13796\/revisions"}],"wp:featuredmedia":[{"embeddable":true,"href":"https:\/\/guialimeira.com.br\/news\/wp-json\/wp\/v2\/media\/572"}],"wp:attachment":[{"href":"https:\/\/guialimeira.com.br\/news\/wp-json\/wp\/v2\/media?parent=13796"}],"wp:term":[{"taxonomy":"category","embeddable":true,"href":"https:\/\/guialimeira.com.br\/news\/wp-json\/wp\/v2\/categories?post=13796"},{"taxonomy":"post_tag","embeddable":true,"href":"https:\/\/guialimeira.com.br\/news\/wp-json\/wp\/v2\/tags?post=13796"}],"curies":[{"name":"wp","href":"https:\/\/api.w.org\/{rel}","templated":true}]}}