{"id":1367,"date":"2024-04-10T12:12:47","date_gmt":"2024-04-10T15:12:47","guid":{"rendered":"https:\/\/guialimeira.com.br\/2024\/04\/10\/fotojornalista-elza-fiuza-morre-aos-74-anos-em-brasilia\/"},"modified":"2024-04-10T12:12:47","modified_gmt":"2024-04-10T15:12:47","slug":"fotojornalista-elza-fiuza-morre-aos-74-anos-em-brasilia","status":"publish","type":"post","link":"https:\/\/guialimeira.com.br\/news\/fotojornalista-elza-fiuza-morre-aos-74-anos-em-brasilia\/","title":{"rendered":"Fotojornalista Elza Fi\u00faza morre aos 74 anos em Bras\u00edlia"},"content":{"rendered":"<p> <br \/>\n<\/p>\n<div>\n<p>A fotojornalista Elza Fi\u00faza morreu na madrugada desta quarta-feira (10) em Bras\u00edlia aos 74 anos, ap\u00f3s sete anos de luta contra um c\u00e2ncer. A informa\u00e7\u00e3o foi confirmada pela fam\u00edlia.<img data-recalc-dims=\"1\" decoding=\"async\" src=\"https:\/\/i0.wp.com\/agenciabrasil.ebc.com.br\/ebc.png?w=696&#038;ssl=1\" style=\"width:1px; height:1px; display:inline;\"\/><img data-recalc-dims=\"1\" decoding=\"async\" src=\"https:\/\/i0.wp.com\/agenciabrasil.ebc.com.br\/ebc.gif?w=696&#038;ssl=1\" style=\"width:1px; height:1px; display:inline;\"\/><\/p>\n<div class=\"dnd-widget-wrapper context-grande_6colunas type-image atom-align-left\">\n<div class=\"dnd-atom-rendered\"><!-- scald=380001:grande_6colunas {\"additionalClasses\":\"\"} --><\/p>\n<div class=\"shadow overflow-hidden rounded-lg d-block w-100\">\n            <img data-recalc-dims=\"1\" decoding=\"async\" src=\"https:\/\/i0.wp.com\/agenciabrasil.ebc.com.br\/sites\/default\/files\/thumbnails\/image\/loading_v2.gif?w=696&#038;ssl=1\" data-echo=\"https:\/\/imagens.ebc.com.br\/Ip_WNEFyLZ8OYfpblOk9bKiRDCA=\/463x0\/smart\/https:\/\/agenciabrasil.ebc.com.br\/sites\/default\/files\/thumbnails\/image\/2024\/04\/10\/12194663_952703064800516_5145175421222015656_o.jpg?itok=TafDZ5xp\" alt=\"Elza Fi\u00faza fala em um telefone militar em cobertura jornalistica durante o governo Collor de Melo. Foto: Arquivo Pessoal\" title=\"Arquivo pessoal\" class=\"flex-fill img-cover\"\/><br \/>\n        <img data-recalc-dims=\"1\" decoding=\"async\" src=\"https:\/\/i0.wp.com\/imagens.ebc.com.br\/Ip_WNEFyLZ8OYfpblOk9bKiRDCA%3D\/463x0\/smart\/https%3A\/\/agenciabrasil.ebc.com.br\/sites\/default\/files\/thumbnails\/image\/2024\/04\/10\/12194663_952703064800516_5145175421222015656_o.jpg?w=696&#038;ssl=1\" alt=\"Elza Fi\u00faza fala em um telefone militar em cobertura jornalistica durante o governo Collor de Melo. Foto: Arquivo Pessoal\" title=\"Arquivo pessoal\" class=\"flex-fill img-cover\"\/>\n    <\/div>\n<p><!-- END scald=380001 --><\/div>\n<p><h6 class=\"meta\"><!--copyright=380001-->Elza Fi\u00faza fala em um telefone militar em cobertura jornal\u00edstica durante o governo Collor de Melo &#8211; <strong>Foto: Arquivo pessoal<\/strong><!--END copyright=380001--><\/h6>\n<\/p>\n<\/div>\n<p>Elza trabalhou na <strong>Ag\u00eancia Brasil<\/strong> por tr\u00eas d\u00e9cadas. Iniciou na extinta Radiobras, em 1986, e seguiu na <strong>Empresa Brasil de Comunica\u00e7\u00e3o<\/strong> (<strong>EBC<\/strong>) at\u00e9 2016, quando deixou o fotojornalismo por meio de um programa de demiss\u00e3o volunt\u00e1ria (PDV). \u00c0 \u00e9poca, a sa\u00fade j\u00e1 dava sinais de fragilidade. Ela tamb\u00e9m foi fot\u00f3grafa do Correio Braziliense.<\/p>\n<p>Em 2018, Elzinha \u2013 como era conhecida na reda\u00e7\u00e3o \u2013 foi homenageada no livro <em>Um olhar sobre o Brasil<\/em>, que re\u00fane 125 imagens do cotidiano brasileiro, capturadas pela lente de fot\u00f3grafos da <strong>Ag\u00eancia Brasil<\/strong>. \u201cAqui passei os melhores anos da minha vida\u201d, resumiu Elza, emocionada, durante a cerim\u00f4nia de lan\u00e7amento da publica\u00e7\u00e3o.<\/p>\n<p>Ela participou de coberturas emblem\u00e1ticas para a pol\u00edtica nacional, como o <em>impeachment<\/em> do ex-presidente Fernando Collor e o discurso de despedida da ex-presidente Dilma Rousseff. Dentre algumas fotos consagradas pela fotojornalista est\u00e1 a do ent\u00e3o presidente da Assembleia Nacional Constituinte, Ulysses Guimar\u00e3es, com a Constitui\u00e7\u00e3o de 1988 nas m\u00e3os, ao ser promulgada.<\/p>\n<div class=\"dnd-widget-wrapper context-cheio_8colunas type-image\">\n<div class=\"dnd-atom-rendered\"><!-- scald=379992:cheio_8colunas --><\/p>\n<div class=\"shadow overflow-hidden rounded-lg d-block w-100\">\n            <img data-recalc-dims=\"1\" decoding=\"async\" src=\"https:\/\/i0.wp.com\/agenciabrasil.ebc.com.br\/sites\/default\/files\/thumbnails\/image\/loading_v2.gif?w=696&#038;ssl=1\" data-echo=\"https:\/\/imagens.ebc.com.br\/JKY7IizJPcRa6mISTQD1IXMEC_U=\/754x0\/smart\/https:\/\/agenciabrasil.ebc.com.br\/sites\/default\/files\/thumbnails\/image\/2024\/04\/10\/elza_2.jpg?itok=bXEMxHuk\" alt=\"Promulga\u00e7\u00e3o da Constitui\u00e7\u00e3o de 1988 . Foto: Elza Fi\u00faza\/Ag\u00eancia Senado\" title=\"Elza Fi\u00faza\/Ag\u00eancia Senado\" class=\"flex-fill img-cover\"\/><br \/>\n        <img data-recalc-dims=\"1\" decoding=\"async\" src=\"https:\/\/i0.wp.com\/imagens.ebc.com.br\/JKY7IizJPcRa6mISTQD1IXMEC_U%3D\/754x0\/smart\/https%3A\/\/agenciabrasil.ebc.com.br\/sites\/default\/files\/thumbnails\/image\/2024\/04\/10\/elza_2.jpg?w=696&#038;ssl=1\" alt=\"Promulga\u00e7\u00e3o da Constitui\u00e7\u00e3o de 1988 . Foto: Elza Fi\u00faza\/Ag\u00eancia Senado\" title=\"Elza Fi\u00faza\/Ag\u00eancia Senado\" class=\"flex-fill img-cover\"\/>\n    <\/div>\n<p><!-- END scald=379992 --><\/div>\n<p><h6 class=\"meta\"><!--copyright=379992-->Ulisses Guimar\u00e3es durante a promulga\u00e7\u00e3o da Constitui\u00e7\u00e3o de 1988 &#8211; <strong>Elza Fi\u00faza\/Ag\u00eancia Senado<\/strong><!--END copyright=379992--><\/h6>\n<\/p>\n<\/div>\n<h2>Biografia<\/h2>\n<p>Elza Maria Praia Fi\u00faza Dias Pinto nasceu em 19 de agosto de 1949, em Manaus. Morou parte da vida na capital carioca, onde estudou na Escola de Belas Artes da Universidade Federal do Rio de Janeiro (UFRJ).<\/p>\n<div class=\"dnd-widget-wrapper context-grande_6colunas type-image atom-align-left\">\n<div class=\"dnd-atom-rendered\"><!-- scald=379993:grande_6colunas {\"additionalClasses\":\"\"} --><\/p>\n<div class=\"shadow overflow-hidden rounded-lg d-block w-100\">\n            <img data-recalc-dims=\"1\" decoding=\"async\" src=\"https:\/\/i0.wp.com\/agenciabrasil.ebc.com.br\/sites\/default\/files\/thumbnails\/image\/loading_v2.gif?w=696&#038;ssl=1\" data-echo=\"https:\/\/imagens.ebc.com.br\/tydqC9seTL80iFtlHIe7-Rl8kBs=\/463x0\/smart\/https:\/\/agenciabrasil.ebc.com.br\/sites\/default\/files\/thumbnails\/image\/2024\/04\/10\/elza_3.jpg?itok=uWByPqJC\" alt=\"Ulisses Guimar\u00e3ees, Presidente da C\u00e2mara dos Deputados. Foto: Elza Fiuza\" title=\"Elza Fiuza\" class=\"flex-fill img-cover\"\/><br \/>\n        <img data-recalc-dims=\"1\" decoding=\"async\" src=\"https:\/\/i0.wp.com\/imagens.ebc.com.br\/tydqC9seTL80iFtlHIe7-Rl8kBs%3D\/463x0\/smart\/https%3A\/\/agenciabrasil.ebc.com.br\/sites\/default\/files\/thumbnails\/image\/2024\/04\/10\/elza_3.jpg?w=696&#038;ssl=1\" alt=\"Ulisses Guimar\u00e3ees, Presidente da C\u00e2mara dos Deputados. Foto: Elza Fiuza\" title=\"Elza Fiuza\" class=\"flex-fill img-cover\"\/>\n    <\/div>\n<p><!-- END scald=379993 --><\/div>\n<p><h6 class=\"meta\"><!--copyright=379993-->Clique da fotojornalista, durante cobertura na C\u00e2mara dos Deputados. Na imagem, o presidente da C\u00e2mara \u00e0 \u00e9poca, Ulisses Guimar\u00e3es \u2013 <strong>Foto:<\/strong> <strong>Elza Fiuza<\/strong><!--END copyright=379993--><\/h6>\n<\/p>\n<\/div>\n<p>Em seguida, mudou-se para S\u00e3o Paulo e, depois, para Bras\u00edlia. Em um de seus perfis nas redes sociais, ela se descreve como \u201cfotojornalista apaixonada pela profiss\u00e3o\u201d.<\/p>\n<p>Foi casada por mais de 50 anos com o jornalista Chico Dias, com quem teve quatro filhos: Joana, Pedro, V\u00e2nia e Marina. Elza deixa ainda cinco netos: Moreno, Mariah, Helena, Heitor e Jo\u00e3o.<\/p>\n<blockquote>\n<p>\u201cMinha vov\u00f3 se foi. Com ela, todo o meu cora\u00e7\u00e3o. Obrigada por tanto, vov\u00f3. Pra sempre vou te amar e te carregar todos os dias dentro de mim. Ben\u00e7a\u201d, postou a neta Helena Praia.<\/p>\n<\/blockquote>\n<h2>Depoimentos<\/h2>\n<p>O amigo e colega de fotojornalismo da <strong>Ag\u00eancia Brasil<\/strong>, Jos\u00e9 Cruz, lamentou a morte de Elza. \u201cJ\u00e1 t\u00ednhamos perdido dois colegas muito especiais: o Roosewelt Pinheiro [falecido em mar\u00e7o de 2021, aos 76 anos] e o Gerv\u00e1sio Baptista [falecido em abril de 2019, aos 95 anos]. Agora foi ela. Onde eles chegavam, traziam alegria\u201d.<\/p>\n<blockquote>\n<p>\u201cFoi um privil\u00e9gio ter sido amigo dela desde os tempos do Correio Braziliense, em 1978 ou 1979. Ela fazia um trabalho criterioso, sem deixar de ser brincalhona. Andava sempre com um bloquinho na m\u00e3o. Al\u00e9m de anotar o nome dos personagens de suas fotos, ela os desenhava\u201d, lembrou Cruz.<\/p>\n<\/blockquote>\n<div class=\"dnd-widget-wrapper context-medio_4colunas type-image atom-align-right\">\n<div class=\"dnd-atom-rendered\"><!-- scald=379987:medio_4colunas {\"additionalClasses\":\"\"} --><\/p>\n<div class=\"shadow overflow-hidden rounded-lg d-block w-100\">\n            <img data-recalc-dims=\"1\" decoding=\"async\" src=\"https:\/\/i0.wp.com\/agenciabrasil.ebc.com.br\/sites\/default\/files\/thumbnails\/image\/loading_v2.gif?w=696&#038;ssl=1\" data-echo=\"https:\/\/imagens.ebc.com.br\/VpnpasVoNyVio5K91lLTTscyUV0=\/365x0\/smart\/https:\/\/agenciabrasil.ebc.com.br\/sites\/default\/files\/thumbnails\/image\/2024\/04\/10\/elza_fiuza1.jpg?itok=Zp4necyN\" alt=\"Bras\u00edlia (DF) 10\/04\/2024 - A fot\u00f3grafa da Ag\u00eancia Brasil (EBC), Elza Fiuza faleceu na madrugada desta quarta feira.&#13;&#10;Foto: Joana Praia\/Instagram\" title=\"Joana Praia\/Instagram\" class=\"flex-fill img-cover\"\/><br \/>\n        <img data-recalc-dims=\"1\" decoding=\"async\" src=\"https:\/\/i0.wp.com\/imagens.ebc.com.br\/VpnpasVoNyVio5K91lLTTscyUV0%3D\/365x0\/smart\/https%3A\/\/agenciabrasil.ebc.com.br\/sites\/default\/files\/thumbnails\/image\/2024\/04\/10\/elza_fiuza1.jpg?w=696&#038;ssl=1\" alt=\"Bras\u00edlia (DF) 10\/04\/2024 - A fot\u00f3grafa da Ag\u00eancia Brasil (EBC), Elza Fiuza faleceu na madrugada desta quarta feira.&#13;&#10;Foto: Joana Praia\/Instagram\" title=\"Joana Praia\/Instagram\" class=\"flex-fill img-cover\"\/>\n    <\/div>\n<p><!-- END scald=379987 --><\/div>\n<p><h6 class=\"meta\"><!--copyright=379987-->Elzinha e o marido Chico Dias, com quem foi casada por mais de 50 anos &#8211; <strong>Joana Praia\/Instagram<\/strong><!--END copyright=379987--><\/h6>\n<\/p>\n<\/div>\n<p>\u201cEra uma m\u00e3ezona e acabava cuidando de todos na reda\u00e7\u00e3o. Trazia comida, organizava tudo. T\u00ednhamos sempre muito respeito. Quando ela falava, estava decidido. No fotojornalismo, h\u00e1 muita gente especial, mas que nem ela n\u00e3o existe mais\u201d, destacou. \u201cN\u00e3o se silenciava diante de injusti\u00e7as. Na ditadura, batia o p\u00e9 contra tudo.\u201d<\/p>\n<p>O tamb\u00e9m amigo e editor da <strong>Ag\u00eancia Brasil<\/strong> Fernando Fraga lembrou com carinho de quando se conheceram. \u201cEm 1978, meu primeiro emprego foi no <em>Jornal de Bras\u00edlia<\/em>. Editoria de Cidade era o destino de todo \u2018foca\u2019 [jornalista iniciante]. Elzinha j\u00e1 era fot\u00f3grafa do <em>Correio Braziliense<\/em>, o concorrente. Nos v\u00edamos nas pautas, nos bares e no Clube da Imprensa e nos tornamos amigos, assim como de seu companheiro Chico Dias\u201d.<\/p>\n<blockquote>\n<p>\u201cNo ano seguinte, fui contratado pelo <em>Correio<\/em>. Nossa amizade se consolidou. Muitas pautas, festas, bares e almo\u00e7os. \u00c9ramos e ainda somos uma fam\u00edlia. Uma turma. Hoje, de velhos jornalistas. Desde ent\u00e3o, sempre nos v\u00edamos. Elza far\u00e1 muita falta na nossa vida. Que olhe por n\u00f3s de onde estiver.\u201d<\/p>\n<\/blockquote>\n<div class=\"dnd-widget-wrapper context-cheio_8colunas type-image atom-align-left\">\n<div class=\"dnd-atom-rendered\"><!-- scald=379991:cheio_8colunas {\"additionalClasses\":\"\"} --><\/p>\n<div class=\"shadow overflow-hidden rounded-lg d-block w-100\">\n            <img data-recalc-dims=\"1\" decoding=\"async\" src=\"https:\/\/i0.wp.com\/agenciabrasil.ebc.com.br\/sites\/default\/files\/thumbnails\/image\/loading_v2.gif?w=696&#038;ssl=1\" data-echo=\"https:\/\/imagens.ebc.com.br\/ANE7H-ui-875vIaayvBfhSwBWIw=\/754x0\/smart\/https:\/\/agenciabrasil.ebc.com.br\/sites\/default\/files\/thumbnails\/image\/2024\/04\/10\/elza_1.jpg?itok=xNpVXDMH\" alt=\"Impeachment de Fernando Collor - 1992. Foto: Elza Fi\u00faza\/Ag\u00eancia Brasil\" title=\"Elza Fi\u00faza\/Ag\u00eancia Brasil\" class=\"flex-fill img-cover\"\/><br \/>\n        <img data-recalc-dims=\"1\" decoding=\"async\" src=\"https:\/\/i0.wp.com\/imagens.ebc.com.br\/ANE7H-ui-875vIaayvBfhSwBWIw%3D\/754x0\/smart\/https%3A\/\/agenciabrasil.ebc.com.br\/sites\/default\/files\/thumbnails\/image\/2024\/04\/10\/elza_1.jpg?w=696&#038;ssl=1\" alt=\"Impeachment de Fernando Collor - 1992. Foto: Elza Fi\u00faza\/Ag\u00eancia Brasil\" title=\"Elza Fi\u00faza\/Ag\u00eancia Brasil\" class=\"flex-fill img-cover\"\/>\n    <\/div>\n<p><!-- END scald=379991 --><\/div>\n<p><h6 class=\"meta\"><!--copyright=379991-->Foto de Elza Fi\u00faza, do impeachment de Fernando Collor, em 1992. &#8211; <strong>Elza Fi\u00faza\/Ag\u00eancia Brasil<\/strong><!--END copyright=379991--><\/h6>\n<\/p>\n<\/div>\n<p>O gerente executivo de Imagens da <strong>Ag\u00eancia Brasil<\/strong>, Juca Varella, trabalhou com Elza \u00e0 \u00e9poca da <strong>Radiobras<\/strong>.<\/p>\n<p>\u201cFizemos algumas viagens juntos. Nos anos 1990, era raro mulheres fot\u00f3grafas nas reda\u00e7\u00f5es. Ela era pequena e valente. Uma mulher de opini\u00f5es firmes que criticava e se posicionava contra injusti\u00e7as\u201d.<\/p>\n<blockquote>\n<p>\u201cBasta ver as imagens feitas por ela para se ter uma ideia de seus posicionamentos. Ela sempre se pautava contra injusti\u00e7as. Sempre preocupada com a educa\u00e7\u00e3o no pa\u00eds, com as causas das mulheres e dos povos ind\u00edgenas\u201d, completou Varella.<\/p>\n<\/blockquote>\n<p>Em uma de suas \u00faltimas entrevistas, em 2022, \u00e0 neta Mariah Praia, Elza contou detalhes do que viveu no per\u00edodo da ditadura no Brasil. Um irm\u00e3o e uma cunhada chegaram a ser presos e torturados \u00e0 \u00e9poca, enquanto ela dava abrigo a militantes e denunciava o que via. \u201cMuitos jornalistas foram presos s\u00f3 por denunciar\u201d, contou.<\/p>\n<p>\u201c\u00c0 medida em que aumentava a resist\u00eancia da popula\u00e7\u00e3o ao regime ditatorial, aumentava a viol\u00eancia deles. Tive um irm\u00e3o, Cleto, e minha cunhada Janda, que ficaram presos. Foram presos e torturados. Ficaram mais de um ano presos. Minha fam\u00edlia sofreu muito com a ditadura\u201d, lembrou Elza.<\/p>\n<p>O vel\u00f3rio ser\u00e1 no Cemit\u00e9rio Campo da Esperan\u00e7a, na quinta-feira (11).<\/p>\n<\/p><\/div>\n<p><br \/>\n<br \/><a href=\"https:\/\/agenciabrasil.ebc.com.br\/geral\/noticia\/2024-04\/fotojornalista-elza-fiuza-morre-aos-74-anos-em-brasilia\" rel=\"noopener\">Ag\u00eancia Brasil<\/a><\/p>\n","protected":false},"excerpt":{"rendered":"<p>A fotojornalista Elza Fi\u00faza morreu na madrugada desta quarta-feira (10) em Bras\u00edlia aos 74 anos, ap\u00f3s sete anos de luta contra um c\u00e2ncer. A informa\u00e7\u00e3o foi confirmada pela fam\u00edlia. Elza Fi\u00faza fala em um telefone militar em cobertura jornal\u00edstica durante o governo Collor de Melo &#8211; Foto: Arquivo pessoal Elza trabalhou na Ag\u00eancia Brasil por [&hellip;]<\/p>\n","protected":false},"author":1,"featured_media":1368,"comment_status":"open","ping_status":"open","sticky":false,"template":"","format":"standard","meta":{"_jetpack_newsletter_access":"","_jetpack_dont_email_post_to_subs":false,"_jetpack_newsletter_tier_id":0,"_jetpack_memberships_contains_paywalled_content":false,"_mbp_banners":[],"_jetpack_feature_clip_id":0,"_jetpack_memberships_contains_paid_content":false,"footnotes":"","jetpack_publicize_message":"","jetpack_publicize_feature_enabled":true,"jetpack_social_post_already_shared":true,"jetpack_social_options":{"image_generator_settings":{"template":"highway","default_image_id":0,"font":"","enabled":false},"version":2},"jetpack_post_was_ever_published":false},"categories":[1],"tags":[],"class_list":["post-1367","post","type-post","status-publish","format-standard","has-post-thumbnail","category-geral"],"jetpack_publicize_connections":[],"jetpack-related-posts":[],"jetpack_shortlink":"https:\/\/wp.me\/p7Eq1F-m3","jetpack_sharing_enabled":true,"jetpack_featured_media_url":"https:\/\/i0.wp.com\/guialimeira.com.br\/news\/wp-content\/uploads\/2024\/04\/14450006_634813273360635_9223157224839576456_n.jpg?fit=1600%2C800&ssl=1","_links":{"self":[{"href":"https:\/\/guialimeira.com.br\/news\/wp-json\/wp\/v2\/posts\/1367","targetHints":{"allow":["GET"]}}],"collection":[{"href":"https:\/\/guialimeira.com.br\/news\/wp-json\/wp\/v2\/posts"}],"about":[{"href":"https:\/\/guialimeira.com.br\/news\/wp-json\/wp\/v2\/types\/post"}],"author":[{"embeddable":true,"href":"https:\/\/guialimeira.com.br\/news\/wp-json\/wp\/v2\/users\/1"}],"replies":[{"embeddable":true,"href":"https:\/\/guialimeira.com.br\/news\/wp-json\/wp\/v2\/comments?post=1367"}],"version-history":[{"count":0,"href":"https:\/\/guialimeira.com.br\/news\/wp-json\/wp\/v2\/posts\/1367\/revisions"}],"wp:featuredmedia":[{"embeddable":true,"href":"https:\/\/guialimeira.com.br\/news\/wp-json\/wp\/v2\/media\/1368"}],"wp:attachment":[{"href":"https:\/\/guialimeira.com.br\/news\/wp-json\/wp\/v2\/media?parent=1367"}],"wp:term":[{"taxonomy":"category","embeddable":true,"href":"https:\/\/guialimeira.com.br\/news\/wp-json\/wp\/v2\/categories?post=1367"},{"taxonomy":"post_tag","embeddable":true,"href":"https:\/\/guialimeira.com.br\/news\/wp-json\/wp\/v2\/tags?post=1367"}],"curies":[{"name":"wp","href":"https:\/\/api.w.org\/{rel}","templated":true}]}}