{"id":13664,"date":"2024-09-05T20:34:28","date_gmt":"2024-09-05T23:34:28","guid":{"rendered":"https:\/\/guialimeira.com.br\/2024\/09\/05\/sus-passara-a-custear-novo-remedio-para-tratamento-de-neuroblastoma\/"},"modified":"2024-09-05T20:34:28","modified_gmt":"2024-09-05T23:34:28","slug":"sus-passara-a-custear-novo-remedio-para-tratamento-de-neuroblastoma","status":"publish","type":"post","link":"https:\/\/guialimeira.com.br\/news\/sus-passara-a-custear-novo-remedio-para-tratamento-de-neuroblastoma\/","title":{"rendered":"SUS passar\u00e1 a custear novo rem\u00e9dio para tratamento de neuroblastoma"},"content":{"rendered":"<p> <br \/>\n<\/p>\n<div>\n<p>A Comiss\u00e3o Nacional de Incorpora\u00e7\u00e3o de Tecnologias no Sistema \u00danico de Sa\u00fade (Conitec) recomendou nesta quinta-feira (5) a incorpora\u00e7\u00e3o do medicamento betadinutuximabe ao tratamento do neuroblastoma de alto risco. Isso significa que o rem\u00e9dio passar\u00e1 a ser custeado e distribu\u00eddo pelo Sistema \u00danico de Sa\u00fade (SUS). A condi\u00e7\u00e3o para o tratamento \u00e9 a de que o paciente tenha sido previamente tratado com quimioterapia e alcan\u00e7ado pelo menos uma resposta parcial, seguida de terap\u00eautica mieloablativa e transplante de c\u00e9lulas tronco.<img data-recalc-dims=\"1\" decoding=\"async\" src=\"https:\/\/i0.wp.com\/agenciabrasil.ebc.com.br\/ebc.png?w=696&#038;ssl=1\" style=\"width:1px; height:1px; display:inline;\"\/><img data-recalc-dims=\"1\" decoding=\"async\" src=\"https:\/\/i0.wp.com\/agenciabrasil.ebc.com.br\/ebc.gif?w=696&#038;ssl=1\" style=\"width:1px; height:1px; display:inline;\"\/><\/p>\n<p>O pedido de incorpora\u00e7\u00e3o do medicamento foi submetido \u00e0 Conitec em janeiro deste ano pelo laborat\u00f3rio farmac\u00eautico Recordati, que comercializa o rem\u00e9dio com o nome Qarziba.<\/p>\n<p>O neuroblastoma \u00e9 o terceiro tipo de c\u00e2ncer infantil mais recorrente, depois da leucemia e de tumores cerebrais. O rem\u00e9dio, que custa cerca de R$ 2 milh\u00f5es, \u00e9 indicado para casos de alto risco ou recidiva e j\u00e1 foi utilizado em mais de mil pacientes de 18 pa\u00edses. Segundo o fabricante, ele melhora a sobrevida, aumenta a probabilidade de cura e reduz o risco de a doen\u00e7a voltar.\u00a0\u00a0<\/p>\n<p><a href=\"https:\/\/agenciabrasil.ebc.com.br\/saude\/noticia\/2024-01\/campanha-atinge-meta-para-tratamento-de-filho-de-indigenista\" target=\"_blank\" rel=\"noopener\">Em janeiro deste ano<\/a>, uma campanha de arrecada\u00e7\u00e3o de recursos para o tratamento de Pedro, filho do indigenista Bruno Pereira, chamou a aten\u00e7\u00e3o para a urg\u00eancia da incorpora\u00e7\u00e3o do betadinutuximabe ao SUS. Em apenas tr\u00eas dias, a campanha alcan\u00e7ou a meta, mas a fam\u00edlia de Pedro se uniu a <a href=\"https:\/\/agenciabrasil.ebc.com.br\/saude\/noticia\/2024-01\/neuroblastoma-familias-compartilham-dificuldades-no-acesso-remedios\" target=\"_blank\" rel=\"noopener\">outras fam\u00edlias que tamb\u00e9m vivenciam a dificuldade<\/a> de acesso aos rem\u00e9dios para o tratamento do neuroblastoma.<\/p>\n<p>Na reuni\u00e3o da Conitec desta quinta-feira tamb\u00e9m foi aprovada a incorpora\u00e7\u00e3o ao SUS de novos rem\u00e9dios para doen\u00e7a pulmonar obstrutiva cr\u00f4nica. Confira as demais <a href=\"https:\/\/www.gov.br\/conitec\/pt-br\/midias\/reuniao_conitec\/2024\/pauta-da-133a-reuniao-ordinaria-conitec-comite-de-medicamentos\" target=\"_blank\" rel=\"noopener\">delibera\u00e7\u00f5es da comiss\u00e3o aqui.<\/a><\/p>\n<p>\u00a0<\/p>\n<div class=\"dnd-widget-wrapper context-cheio_8colunas type-image\">\n<div class=\"dnd-atom-rendered\"><!-- scald=366441:cheio_8colunas --><\/p>\n<div class=\"shadow overflow-hidden rounded-lg d-block w-100\">\n            <img data-recalc-dims=\"1\" decoding=\"async\" src=\"https:\/\/i0.wp.com\/agenciabrasil.ebc.com.br\/sites\/default\/files\/thumbnails\/image\/loading_v2.gif?w=696&#038;ssl=1\" data-echo=\"https:\/\/imagens.ebc.com.br\/f6ffJLkTVmeP9lKnKrXbwiaefhs=\/754x0\/smart\/https:\/\/agenciabrasil.ebc.com.br\/sites\/default\/files\/thumbnails\/image\/neuroblastoma_sintomas_copy.jpg?itok=PKbJuJ07\" alt=\"Neuroblastoma - infogr\u00e1fico sintomas e destaque. Foto: Arte\/EBC\" title=\"Arte\/EBC\" class=\"flex-fill img-cover\"\/><br \/>\n        <img data-recalc-dims=\"1\" decoding=\"async\" src=\"https:\/\/i0.wp.com\/imagens.ebc.com.br\/f6ffJLkTVmeP9lKnKrXbwiaefhs%3D\/754x0\/smart\/https%3A\/\/agenciabrasil.ebc.com.br\/sites\/default\/files\/thumbnails\/image\/neuroblastoma_sintomas_copy.jpg?w=696&#038;ssl=1\" alt=\"Neuroblastoma - infogr\u00e1fico sintomas e destaque. Foto: Arte\/EBC\" title=\"Arte\/EBC\" class=\"flex-fill img-cover\"\/>\n    <\/div>\n<p><!-- END scald=366441 --><\/div>\n<\/div><\/div>\n<p><br \/>\n<br \/><a href=\"https:\/\/agenciabrasil.ebc.com.br\/saude\/noticia\/2024-09\/sus-passara-custear-novo-remedio-para-tratamento-de-neuroblastoma\" rel=\"noopener\">Ag\u00eancia Brasil <\/a><\/p>\n","protected":false},"excerpt":{"rendered":"<p>A Comiss\u00e3o Nacional de Incorpora\u00e7\u00e3o de Tecnologias no Sistema \u00danico de Sa\u00fade (Conitec) recomendou nesta quinta-feira (5) a incorpora\u00e7\u00e3o do medicamento betadinutuximabe ao tratamento do neuroblastoma de alto risco. Isso significa que o rem\u00e9dio passar\u00e1 a ser custeado e distribu\u00eddo pelo Sistema \u00danico de Sa\u00fade (SUS). A condi\u00e7\u00e3o para o tratamento \u00e9 a de que [&hellip;]<\/p>\n","protected":false},"author":1,"featured_media":8887,"comment_status":"open","ping_status":"open","sticky":false,"template":"","format":"standard","meta":{"_jetpack_newsletter_access":"","_jetpack_dont_email_post_to_subs":false,"_jetpack_newsletter_tier_id":0,"_jetpack_memberships_contains_paywalled_content":false,"_mbp_banners":[],"_jetpack_feature_clip_id":0,"_jetpack_memberships_contains_paid_content":false,"footnotes":"","jetpack_publicize_message":"","jetpack_publicize_feature_enabled":true,"jetpack_social_post_already_shared":true,"jetpack_social_options":{"image_generator_settings":{"template":"highway","default_image_id":0,"font":"","enabled":false},"version":2},"jetpack_post_was_ever_published":false},"categories":[15],"tags":[],"class_list":["post-13664","post","type-post","status-publish","format-standard","has-post-thumbnail","category-saude"],"jetpack_publicize_connections":[],"jetpack-related-posts":[],"jetpack_shortlink":"https:\/\/wp.me\/p7Eq1F-3yo","jetpack_sharing_enabled":true,"jetpack_featured_media_url":"https:\/\/i0.wp.com\/guialimeira.com.br\/news\/wp-content\/uploads\/2024\/06\/sus_vale_esta.jpg?fit=1600%2C800&ssl=1","_links":{"self":[{"href":"https:\/\/guialimeira.com.br\/news\/wp-json\/wp\/v2\/posts\/13664","targetHints":{"allow":["GET"]}}],"collection":[{"href":"https:\/\/guialimeira.com.br\/news\/wp-json\/wp\/v2\/posts"}],"about":[{"href":"https:\/\/guialimeira.com.br\/news\/wp-json\/wp\/v2\/types\/post"}],"author":[{"embeddable":true,"href":"https:\/\/guialimeira.com.br\/news\/wp-json\/wp\/v2\/users\/1"}],"replies":[{"embeddable":true,"href":"https:\/\/guialimeira.com.br\/news\/wp-json\/wp\/v2\/comments?post=13664"}],"version-history":[{"count":0,"href":"https:\/\/guialimeira.com.br\/news\/wp-json\/wp\/v2\/posts\/13664\/revisions"}],"wp:featuredmedia":[{"embeddable":true,"href":"https:\/\/guialimeira.com.br\/news\/wp-json\/wp\/v2\/media\/8887"}],"wp:attachment":[{"href":"https:\/\/guialimeira.com.br\/news\/wp-json\/wp\/v2\/media?parent=13664"}],"wp:term":[{"taxonomy":"category","embeddable":true,"href":"https:\/\/guialimeira.com.br\/news\/wp-json\/wp\/v2\/categories?post=13664"},{"taxonomy":"post_tag","embeddable":true,"href":"https:\/\/guialimeira.com.br\/news\/wp-json\/wp\/v2\/tags?post=13664"}],"curies":[{"name":"wp","href":"https:\/\/api.w.org\/{rel}","templated":true}]}}