{"id":13623,"date":"2024-09-05T11:25:30","date_gmt":"2024-09-05T14:25:30","guid":{"rendered":"https:\/\/guialimeira.com.br\/2024\/09\/05\/casos-de-mpox-no-brasil-este-ano-ja-superam-o-total-de-2023\/"},"modified":"2024-09-05T11:25:30","modified_gmt":"2024-09-05T14:25:30","slug":"casos-de-mpox-no-brasil-este-ano-ja-superam-o-total-de-2023","status":"publish","type":"post","link":"https:\/\/guialimeira.com.br\/news\/casos-de-mpox-no-brasil-este-ano-ja-superam-o-total-de-2023\/","title":{"rendered":"Casos de mpox no Brasil este ano j\u00e1 superam o total de 2023"},"content":{"rendered":"<p> <br \/>\n<\/p>\n<div>\n<p>De janeiro a agosto, o Brasil registrou 945 casos confirmados ou prov\u00e1veis de mpox. O n\u00famero supera o total de casos notificados ao longo de todo o ano passado, quando foram contabilizados 853 casos. H\u00e1 ainda 264 casos suspeitos da doen\u00e7a. Os dados foram divulgados pelo Minist\u00e9rio da Sa\u00fade por meio de informe semanal.<img data-recalc-dims=\"1\" decoding=\"async\" src=\"https:\/\/i0.wp.com\/agenciabrasil.ebc.com.br\/ebc.png?w=696&#038;ssl=1\" style=\"width:1px; height:1px; display:inline;\"\/><img data-recalc-dims=\"1\" decoding=\"async\" src=\"https:\/\/i0.wp.com\/agenciabrasil.ebc.com.br\/ebc.gif?w=696&#038;ssl=1\" style=\"width:1px; height:1px; display:inline;\"\/><\/p>\n<p>De acordo com o boletim, o Sudeste concentra a maior parte dos casos de mpox no pa\u00eds, 80,7% ou 763 do total. Os estados com maiores quantitativos de casos s\u00e3o S\u00e3o Paulo (487 ou 51,5%), Rio de Janeiro (216 ou 22,9%), Minas Gerais (52 ou 5,5%) e Bahia (39 ou 4,1%). N\u00e3o houve registro de casos confirmados ou prov\u00e1veis no Amap\u00e1, em Tocantins e no Piau\u00ed.<\/p>\n<p>Dos munic\u00edpios com maior n\u00famero de casos confirmados e prov\u00e1veis da doen\u00e7a est\u00e3o S\u00e3o Paulo (343 ou 36,3%), Rio de Janeiro (160 ou 16,9%), Belo Horizonte (43 ou 4,6%), Salvador (28 ou 3%) e Bras\u00edlia (20 ou 2,1%). Dentre os atuais 264 casos suspeitos de mpox no Brasil, o estado de S\u00e3o Paulo responde por 40,5%, com 107 casos.<\/p>\n<p>O perfil de casos confirmados e prov\u00e1veis no Brasil, segundo o informe, continua sendo majoritariamente composto por pessoas do sexo masculino (897 ou 94,9%) na faixa et\u00e1ria de 18 a 39 anos (679 ou 75,7%). Apenas um caso foi registrado na faixa et\u00e1ria at\u00e9 4 anos. At\u00e9 o momento, n\u00e3o foram registrados casos confirmados e prov\u00e1veis em gestantes.<\/p>\n<p>O minist\u00e9rio contabiliza ainda 69 hospitaliza\u00e7\u00f5es por mpox (7,3% do total de casos), sendo 37 (3,9%) para manejo cl\u00ednico e oito (0,8%) para isolamento, enquanto em 24 casos (2,5%) n\u00e3o foi descrito o motivo para a hospitaliza\u00e7\u00e3o. Al\u00e9m disso, cinco casos (0,5%) precisaram de interna\u00e7\u00e3o em unidade de terapia intensiva (UTI).<\/p>\n<p>De acordo com a pasta, n\u00e3o foram registrados \u00f3bitos por mpox no Brasil ao longo deste ano. Tamb\u00e9m n\u00e3o foram notificados no pa\u00eds casos da nova variante 1b. A cepa foi identificada pela primeira vez em setembro do ano passado na Rep\u00fablica Democr\u00e1tica do Congo, que enfrenta surtos da doen\u00e7a desde 2022.<\/p>\n<\/p><\/div>\n<p><br \/>\n<br \/><a href=\"https:\/\/agenciabrasil.ebc.com.br\/saude\/noticia\/2024-09\/casos-de-mpox-no-brasil-este-ano-ja-superam-o-total-de-2023\" rel=\"noopener\">Ag\u00eancia Brasil <\/a><\/p>\n","protected":false},"excerpt":{"rendered":"<p>De janeiro a agosto, o Brasil registrou 945 casos confirmados ou prov\u00e1veis de mpox. O n\u00famero supera o total de casos notificados ao longo de todo o ano passado, quando foram contabilizados 853 casos. H\u00e1 ainda 264 casos suspeitos da doen\u00e7a. Os dados foram divulgados pelo Minist\u00e9rio da Sa\u00fade por meio de informe semanal. De [&hellip;]<\/p>\n","protected":false},"author":1,"featured_media":12248,"comment_status":"open","ping_status":"open","sticky":false,"template":"","format":"standard","meta":{"_jetpack_newsletter_access":"","_jetpack_dont_email_post_to_subs":false,"_jetpack_newsletter_tier_id":0,"_jetpack_memberships_contains_paywalled_content":false,"_mbp_banners":[],"_jetpack_feature_clip_id":0,"_jetpack_memberships_contains_paid_content":false,"footnotes":"","jetpack_publicize_message":"","jetpack_publicize_feature_enabled":true,"jetpack_social_post_already_shared":true,"jetpack_social_options":{"image_generator_settings":{"template":"highway","default_image_id":0,"font":"","enabled":false},"version":2},"jetpack_post_was_ever_published":false},"categories":[15],"tags":[],"class_list":["post-13623","post","type-post","status-publish","format-standard","has-post-thumbnail","category-saude"],"jetpack_publicize_connections":[],"jetpack-related-posts":[],"jetpack_shortlink":"https:\/\/wp.me\/p7Eq1F-3xJ","jetpack_sharing_enabled":true,"jetpack_featured_media_url":"https:\/\/i0.wp.com\/guialimeira.com.br\/news\/wp-content\/uploads\/2024\/08\/2024-08-13t135812z_488502842_rc2yx8aqv1tn_rtrmadp_3_africa-mpox.jpg?fit=1600%2C800&ssl=1","_links":{"self":[{"href":"https:\/\/guialimeira.com.br\/news\/wp-json\/wp\/v2\/posts\/13623","targetHints":{"allow":["GET"]}}],"collection":[{"href":"https:\/\/guialimeira.com.br\/news\/wp-json\/wp\/v2\/posts"}],"about":[{"href":"https:\/\/guialimeira.com.br\/news\/wp-json\/wp\/v2\/types\/post"}],"author":[{"embeddable":true,"href":"https:\/\/guialimeira.com.br\/news\/wp-json\/wp\/v2\/users\/1"}],"replies":[{"embeddable":true,"href":"https:\/\/guialimeira.com.br\/news\/wp-json\/wp\/v2\/comments?post=13623"}],"version-history":[{"count":0,"href":"https:\/\/guialimeira.com.br\/news\/wp-json\/wp\/v2\/posts\/13623\/revisions"}],"wp:featuredmedia":[{"embeddable":true,"href":"https:\/\/guialimeira.com.br\/news\/wp-json\/wp\/v2\/media\/12248"}],"wp:attachment":[{"href":"https:\/\/guialimeira.com.br\/news\/wp-json\/wp\/v2\/media?parent=13623"}],"wp:term":[{"taxonomy":"category","embeddable":true,"href":"https:\/\/guialimeira.com.br\/news\/wp-json\/wp\/v2\/categories?post=13623"},{"taxonomy":"post_tag","embeddable":true,"href":"https:\/\/guialimeira.com.br\/news\/wp-json\/wp\/v2\/tags?post=13623"}],"curies":[{"name":"wp","href":"https:\/\/api.w.org\/{rel}","templated":true}]}}