{"id":1361,"date":"2024-04-10T11:11:46","date_gmt":"2024-04-10T14:11:46","guid":{"rendered":"https:\/\/guialimeira.com.br\/2024\/04\/10\/inflacao-para-familias-com-renda-mais-baixa-fica-em-019\/"},"modified":"2024-04-10T11:11:46","modified_gmt":"2024-04-10T14:11:46","slug":"inflacao-para-familias-com-renda-mais-baixa-fica-em-019","status":"publish","type":"post","link":"https:\/\/guialimeira.com.br\/news\/inflacao-para-familias-com-renda-mais-baixa-fica-em-019\/","title":{"rendered":"Infla\u00e7\u00e3o para fam\u00edlias com renda mais baixa fica em 0,19%"},"content":{"rendered":"<p> <br \/>\n<\/p>\n<div>\n<p>O \u00cdndice Nacional de Pre\u00e7os ao Consumidor (INPC), que mede a infla\u00e7\u00e3o para fam\u00edlias com renda at\u00e9 cinco sal\u00e1rios m\u00ednimos, registrou taxa de 0,19% em mar\u00e7o. A taxa ficou abaixo do 0,81% de fevereiro. O INPC acumula taxas de 1,52% no ano e de 3,4% em 12 meses.<img data-recalc-dims=\"1\" decoding=\"async\" src=\"https:\/\/i0.wp.com\/agenciabrasil.ebc.com.br\/ebc.png?w=696&#038;ssl=1\" style=\"width:1px; height:1px; display:inline;\"\/><img data-recalc-dims=\"1\" decoding=\"async\" src=\"https:\/\/i0.wp.com\/agenciabrasil.ebc.com.br\/ebc.gif?w=696&#038;ssl=1\" style=\"width:1px; height:1px; display:inline;\"\/><\/p>\n<p>O dado foi divulgado nesta quarta-feira (10) pelo Instituto Brasileiro de Geografia e Estat\u00edstica (IBGE).<\/p>\n<p>Em mar\u00e7o e no acumulado do ano, o INPC ficou acima do registrado pelo \u00cdndice Nacional de Pre\u00e7os ao Consumidor Amplo (IPCA), que mede a infla\u00e7\u00e3o oficial. O <a href=\"https:\/\/agenciabrasil.ebc.com.br\/economia\/noticia\/2024-04\/inflacao-oficial-recua-para-016-em-marco-diz-ibge\" target=\"_blank\" rel=\"noopener\">IPCA registrou taxas de 0,16%<\/a> em mar\u00e7o e 1,42% no ano.<\/p>\n<p>Em 12 meses, no entanto, o INPC acumulado ficou abaixo do resultado da infla\u00e7\u00e3o oficial (3,93%).<\/p>\n<p>O IPCA considera a m\u00e9dia das varia\u00e7\u00f5es da cesta de compras de v\u00e1rias faixas de renda, j\u00e1 que considera os gastos das fam\u00edlias com renda de um at\u00e9 40 sal\u00e1rios m\u00ednimos. Como o peso dos bens e servi\u00e7os no or\u00e7amento das fam\u00edlias \u00e9 diferente, alguns itens t\u00eam mais peso no INPC do que no IPCA, por isso os \u00edndices s\u00e3o diferentes.<\/p>\n<p>Segundo o INPC, os produtos aliment\u00edcios passaram de 0,95% em fevereiro para 0,50% em mar\u00e7o. A varia\u00e7\u00e3o dos n\u00e3o aliment\u00edcios foi de 0,77% para 0,09%.<\/p>\n<\/p><\/div>\n<p><br \/>\n<br \/><a href=\"https:\/\/agenciabrasil.ebc.com.br\/geral\/noticia\/2024-04\/inflacao-para-familias-com-renda-mais-baixa-fica-em-019\" rel=\"noopener\">Ag\u00eancia Brasil<\/a><\/p>\n","protected":false},"excerpt":{"rendered":"<p>O \u00cdndice Nacional de Pre\u00e7os ao Consumidor (INPC), que mede a infla\u00e7\u00e3o para fam\u00edlias com renda at\u00e9 cinco sal\u00e1rios m\u00ednimos, registrou taxa de 0,19% em mar\u00e7o. A taxa ficou abaixo do 0,81% de fevereiro. O INPC acumula taxas de 1,52% no ano e de 3,4% em 12 meses. O dado foi divulgado nesta quarta-feira (10) [&hellip;]<\/p>\n","protected":false},"author":1,"featured_media":1362,"comment_status":"open","ping_status":"open","sticky":false,"template":"","format":"standard","meta":{"_jetpack_newsletter_access":"","_jetpack_dont_email_post_to_subs":false,"_jetpack_newsletter_tier_id":0,"_jetpack_memberships_contains_paywalled_content":false,"_mbp_banners":[],"_jetpack_feature_clip_id":0,"_jetpack_memberships_contains_paid_content":false,"footnotes":"","jetpack_publicize_message":"","jetpack_publicize_feature_enabled":true,"jetpack_social_post_already_shared":true,"jetpack_social_options":{"image_generator_settings":{"template":"highway","default_image_id":0,"font":"","enabled":false},"version":2},"jetpack_post_was_ever_published":false},"categories":[1],"tags":[],"class_list":["post-1361","post","type-post","status-publish","format-standard","has-post-thumbnail","category-geral"],"jetpack_publicize_connections":[],"jetpack-related-posts":[],"jetpack_shortlink":"https:\/\/wp.me\/p7Eq1F-lX","jetpack_sharing_enabled":true,"jetpack_featured_media_url":"https:\/\/i0.wp.com\/guialimeira.com.br\/news\/wp-content\/uploads\/2024\/04\/2022-05-24t121313z_1_lynxnpei4n0kb_rtroptp_4_health-coronavirus-brazil.jpg?fit=1600%2C800&ssl=1","_links":{"self":[{"href":"https:\/\/guialimeira.com.br\/news\/wp-json\/wp\/v2\/posts\/1361","targetHints":{"allow":["GET"]}}],"collection":[{"href":"https:\/\/guialimeira.com.br\/news\/wp-json\/wp\/v2\/posts"}],"about":[{"href":"https:\/\/guialimeira.com.br\/news\/wp-json\/wp\/v2\/types\/post"}],"author":[{"embeddable":true,"href":"https:\/\/guialimeira.com.br\/news\/wp-json\/wp\/v2\/users\/1"}],"replies":[{"embeddable":true,"href":"https:\/\/guialimeira.com.br\/news\/wp-json\/wp\/v2\/comments?post=1361"}],"version-history":[{"count":0,"href":"https:\/\/guialimeira.com.br\/news\/wp-json\/wp\/v2\/posts\/1361\/revisions"}],"wp:featuredmedia":[{"embeddable":true,"href":"https:\/\/guialimeira.com.br\/news\/wp-json\/wp\/v2\/media\/1362"}],"wp:attachment":[{"href":"https:\/\/guialimeira.com.br\/news\/wp-json\/wp\/v2\/media?parent=1361"}],"wp:term":[{"taxonomy":"category","embeddable":true,"href":"https:\/\/guialimeira.com.br\/news\/wp-json\/wp\/v2\/categories?post=1361"},{"taxonomy":"post_tag","embeddable":true,"href":"https:\/\/guialimeira.com.br\/news\/wp-json\/wp\/v2\/tags?post=1361"}],"curies":[{"name":"wp","href":"https:\/\/api.w.org\/{rel}","templated":true}]}}