{"id":13528,"date":"2024-09-03T09:43:35","date_gmt":"2024-09-03T12:43:35","guid":{"rendered":"https:\/\/guialimeira.com.br\/2024\/09\/03\/ministerio-publico-da-venezuela-pede-prisao-de-lider-da-oposicao\/"},"modified":"2024-09-03T09:43:35","modified_gmt":"2024-09-03T12:43:35","slug":"ministerio-publico-da-venezuela-pede-prisao-de-lider-da-oposicao","status":"publish","type":"post","link":"https:\/\/guialimeira.com.br\/news\/ministerio-publico-da-venezuela-pede-prisao-de-lider-da-oposicao\/","title":{"rendered":"Minist\u00e9rio P\u00fablico da Venezuela pede pris\u00e3o de l\u00edder da oposi\u00e7\u00e3o"},"content":{"rendered":"<p> <br \/>\n<\/p>\n<div>\n<p>O gabinete do procurador-geral da Venezuela disse nessa segunda-feira (02) que um tribunal emitiu um mandado de pris\u00e3o para o l\u00edder da oposi\u00e7\u00e3o Edmundo Gonz\u00e1lez, acusando-o de incita\u00e7\u00e3o e outros crimes em meio a uma disputa sobre se ele ou o presidente Nicolas Maduro venceram a elei\u00e7\u00e3o de julho.<img data-recalc-dims=\"1\" decoding=\"async\" src=\"https:\/\/i0.wp.com\/agenciabrasil.ebc.com.br\/ebc.png?w=696&#038;ssl=1\" style=\"width:1px; height:1px; display:inline;\"\/><img data-recalc-dims=\"1\" decoding=\"async\" src=\"https:\/\/i0.wp.com\/agenciabrasil.ebc.com.br\/ebc.gif?w=696&#038;ssl=1\" style=\"width:1px; height:1px; display:inline;\"\/><\/p>\n<p>O procurador-geral Tarek Saab compartilhou uma foto do mandado com a Reuters por meio de uma mensagem no aplicativo Telegram.<\/p>\n<p>O Conselho Eleitoral Nacional\u00a0da Venezuela e seu tribunal superior declaram que Maduro foi o vencedor da elei\u00e7\u00e3o com pouco mais da metade dos votos, mas contagens publicadas pela oposi\u00e7\u00e3o mostram uma vit\u00f3ria retumbante de Gonz\u00e1lez.<\/p>\n<p>A oposi\u00e7\u00e3o, alguns pa\u00edses ocidentais e \u00f3rg\u00e3os internacionais, como um painel de especialistas das Na\u00e7\u00f5es Unidas, afirmaram que a vota\u00e7\u00e3o n\u00e3o foi transparente e exigiram a publica\u00e7\u00e3o das apura\u00e7\u00f5es completas.<\/p>\n<p>A oposi\u00e7\u00e3o publicou o que diz serem c\u00f3pias de mais de 80% dos resultados das urnas em um site p\u00fablico, enquanto o conselho eleitoral diz que um ataque cibern\u00e9tico na noite da elei\u00e7\u00e3o impediu a publica\u00e7\u00e3o dos resultados completos.<\/p>\n<p>O procurador-geral Tarek Saab tamb\u00e9m iniciou investiga\u00e7\u00f5es criminais contra a l\u00edder da oposi\u00e7\u00e3o Mar\u00eda Corina Machado e contra o site de contagem de votos da oposi\u00e7\u00e3o, enquanto deten\u00e7\u00f5es de figuras da oposi\u00e7\u00e3o e de manifestantes continuaram nas semanas que se seguiram \u00e0 vota\u00e7\u00e3o.<\/p>\n<p>Os protestos resultaram em pelo menos 27 mortes e cerca de 2.400 pris\u00f5es.<\/p>\n<h2>Acusa\u00e7\u00f5es<\/h2>\n<p>O promotor Luis Ernesto Duenez solicitou a emiss\u00e3o de um mandado para Gonz\u00e1lez por usurpa\u00e7\u00e3o de fun\u00e7\u00f5es, falsifica\u00e7\u00e3o de documentos p\u00fablicos, instiga\u00e7\u00e3o \u00e0 desobedi\u00eancia da lei, conspira\u00e7\u00e3o e associa\u00e7\u00e3o, todos supostamente cometidos contra o Estado venezuelano.<\/p>\n<p>Um porta-voz de Gonz\u00e1lez disse que eles estavam aguardando qualquer notifica\u00e7\u00e3o de um mandado, mas n\u00e3o fez coment\u00e1rios adicionais. A oposi\u00e7\u00e3o sempre negou ter cometido qualquer irregularidade.<\/p>\n<p>Gonz\u00e1lez ignorou tr\u00eas convoca\u00e7\u00f5es para prestar depoimento sobre o site, potencialmente permitindo que um mandado fosse emitido para ele nesse caso.<\/p>\n<p>Advogados consultados pela Reuters disseram que a lei venezuelana n\u00e3o permite que pessoas com mais de 70 anos cumpram penas em pris\u00f5es, exigindo pris\u00e3o domiciliar. Gonzalez completou 75 anos na semana passada.<\/p>\n<\/p><\/div>\n<p><br \/>\n<br \/><a href=\"https:\/\/agenciabrasil.ebc.com.br\/internacional\/noticia\/2024-09\/ministerio-publico-da-venezuela-pede-prisao-de-lider-da-oposicao\" rel=\"noopener\">Ag\u00eancia Brasil <\/a><\/p>\n","protected":false},"excerpt":{"rendered":"<p>O gabinete do procurador-geral da Venezuela disse nessa segunda-feira (02) que um tribunal emitiu um mandado de pris\u00e3o para o l\u00edder da oposi\u00e7\u00e3o Edmundo Gonz\u00e1lez, acusando-o de incita\u00e7\u00e3o e outros crimes em meio a uma disputa sobre se ele ou o presidente Nicolas Maduro venceram a elei\u00e7\u00e3o de julho. O procurador-geral Tarek Saab compartilhou uma [&hellip;]<\/p>\n","protected":false},"author":1,"featured_media":13529,"comment_status":"open","ping_status":"open","sticky":false,"template":"","format":"standard","meta":{"_jetpack_newsletter_access":"","_jetpack_dont_email_post_to_subs":false,"_jetpack_newsletter_tier_id":0,"_jetpack_memberships_contains_paywalled_content":false,"_mbp_banners":[],"_jetpack_feature_clip_id":0,"_jetpack_memberships_contains_paid_content":false,"footnotes":"","jetpack_publicize_message":"","jetpack_publicize_feature_enabled":true,"jetpack_social_post_already_shared":true,"jetpack_social_options":{"image_generator_settings":{"template":"highway","default_image_id":0,"font":"","enabled":false},"version":2},"jetpack_post_was_ever_published":false},"categories":[25],"tags":[],"class_list":["post-13528","post","type-post","status-publish","format-standard","has-post-thumbnail","category-internacional"],"jetpack_publicize_connections":[],"jetpack-related-posts":[],"jetpack_shortlink":"https:\/\/wp.me\/p7Eq1F-3wc","jetpack_sharing_enabled":true,"jetpack_featured_media_url":"https:\/\/i0.wp.com\/guialimeira.com.br\/news\/wp-content\/uploads\/2024\/09\/2024-09-02t224723z_1418732193_rc2b49avgtk5_rtrmadp_3_venezuela-election.jpg?fit=1600%2C800&ssl=1","_links":{"self":[{"href":"https:\/\/guialimeira.com.br\/news\/wp-json\/wp\/v2\/posts\/13528","targetHints":{"allow":["GET"]}}],"collection":[{"href":"https:\/\/guialimeira.com.br\/news\/wp-json\/wp\/v2\/posts"}],"about":[{"href":"https:\/\/guialimeira.com.br\/news\/wp-json\/wp\/v2\/types\/post"}],"author":[{"embeddable":true,"href":"https:\/\/guialimeira.com.br\/news\/wp-json\/wp\/v2\/users\/1"}],"replies":[{"embeddable":true,"href":"https:\/\/guialimeira.com.br\/news\/wp-json\/wp\/v2\/comments?post=13528"}],"version-history":[{"count":0,"href":"https:\/\/guialimeira.com.br\/news\/wp-json\/wp\/v2\/posts\/13528\/revisions"}],"wp:featuredmedia":[{"embeddable":true,"href":"https:\/\/guialimeira.com.br\/news\/wp-json\/wp\/v2\/media\/13529"}],"wp:attachment":[{"href":"https:\/\/guialimeira.com.br\/news\/wp-json\/wp\/v2\/media?parent=13528"}],"wp:term":[{"taxonomy":"category","embeddable":true,"href":"https:\/\/guialimeira.com.br\/news\/wp-json\/wp\/v2\/categories?post=13528"},{"taxonomy":"post_tag","embeddable":true,"href":"https:\/\/guialimeira.com.br\/news\/wp-json\/wp\/v2\/tags?post=13528"}],"curies":[{"name":"wp","href":"https:\/\/api.w.org\/{rel}","templated":true}]}}