{"id":1342,"date":"2024-04-10T01:25:42","date_gmt":"2024-04-10T04:25:42","guid":{"rendered":"https:\/\/guialimeira.com.br\/2024\/04\/10\/senado-aprova-plano-para-combate-integrado-a-violencia-contra-a-mulher\/"},"modified":"2024-04-10T01:25:42","modified_gmt":"2024-04-10T04:25:42","slug":"senado-aprova-plano-para-combate-integrado-a-violencia-contra-a-mulher","status":"publish","type":"post","link":"https:\/\/guialimeira.com.br\/news\/senado-aprova-plano-para-combate-integrado-a-violencia-contra-a-mulher\/","title":{"rendered":"Senado aprova plano para combate integrado \u00e0 viol\u00eancia contra a mulher"},"content":{"rendered":"<p> <br \/>\n<\/p>\n<div>\n<p>O Senado Federal aprovou, nesta ter\u00e7a-feira (9), o Projeto de Lei 501\/2019, que prev\u00ea a cria\u00e7\u00e3o de um plano de metas de estados, Distrito Federal e munic\u00edpios para o enfrentamento integrado da viol\u00eancia contra a mulher. A proposta tamb\u00e9m determina a cria\u00e7\u00e3o da Rede Estadual de Enfrentamento da Viol\u00eancia contra a Mulher e da Rede de Atendimento \u00e0 Mulher em Situa\u00e7\u00e3o de Viol\u00eancia.<img data-recalc-dims=\"1\" decoding=\"async\" src=\"https:\/\/i0.wp.com\/agenciabrasil.ebc.com.br\/ebc.png?w=696&#038;ssl=1\" style=\"width:1px; height:1px; display:inline;\"\/><img data-recalc-dims=\"1\" decoding=\"async\" src=\"https:\/\/i0.wp.com\/agenciabrasil.ebc.com.br\/ebc.gif?w=696&#038;ssl=1\" style=\"width:1px; height:1px; display:inline;\"\/><\/p>\n<p>As metas dever\u00e3o conter a\u00e7\u00f5es necess\u00e1rias para a preven\u00e7\u00e3o da viol\u00eancia contra a mulher e a aten\u00e7\u00e3o humanizada para quem estiver em situa\u00e7\u00e3o de viol\u00eancia, bem como aos seus dependentes.<\/p>\n<p>De acordo com a senadora Jana\u00edna Farias (PT-CE), que apresentou o parecer em plen\u00e1rio, a mat\u00e9ria busca aperfei\u00e7oar o cumprimento das normas protetivas, articulando o acesso dos estados e munic\u00edpios aos recursos federais destinados a pol\u00edticas de seguran\u00e7a p\u00fablica e direitos humanos. Segundo Jana\u00edna, o projeto contribui para a prote\u00e7\u00e3o das mulheres ao definir mais detalhadamente as atribui\u00e7\u00f5es de cada ente p\u00fablico respons\u00e1vel pela efetiva\u00e7\u00e3o das medidas preconizadas na legisla\u00e7\u00e3o.\u00a0<\/p>\n<p>\u201cDessa forma, a Uni\u00e3o contribui para o cumprimento do dever do Estado e, portanto, de todos os entes federados, de criar mecanismos de prote\u00e7\u00e3o \u00e0 vida das meninas e mulheres deste pa\u00eds, meninas e mulheres que j\u00e1 deram um basta ao medo e, hoje, exigem do poder p\u00fablico a ado\u00e7\u00e3o de r\u00e1pidas e efetivas medidas capazes de lhes garantir a integridade dos seus direitos humanos, em especial ao direito de viver uma vida digna, livre de qualquer tipo de viol\u00eancia\u201d, avalia.<\/p>\n<p>A mat\u00e9ria, j\u00e1 aprovada pela C\u00e2mara dos Deputados, recebeu parecer favor\u00e1vel da Comiss\u00e3o de Constitui\u00e7\u00e3o, Justi\u00e7a e Cidadania (CCJ) e da Comiss\u00e3o de Direitos Humanos e Legisla\u00e7\u00e3o Participativa (CDH) do Senado. Por ter tido altera\u00e7\u00f5es, a mat\u00e9ria retorna para aprecia\u00e7\u00e3o na C\u00e2mara.\u00a0<\/p>\n<\/p><\/div>\n<p><br \/>\n<br \/><a href=\"https:\/\/agenciabrasil.ebc.com.br\/politica\/noticia\/2024-04\/senado-aprova-plano-para-combate-integrado-violencia-contra-mulher\" rel=\"noopener\">Ag\u00eancia Brasil<\/a><\/p>\n","protected":false},"excerpt":{"rendered":"<p>O Senado Federal aprovou, nesta ter\u00e7a-feira (9), o Projeto de Lei 501\/2019, que prev\u00ea a cria\u00e7\u00e3o de um plano de metas de estados, Distrito Federal e munic\u00edpios para o enfrentamento integrado da viol\u00eancia contra a mulher. A proposta tamb\u00e9m determina a cria\u00e7\u00e3o da Rede Estadual de Enfrentamento da Viol\u00eancia contra a Mulher e da Rede [&hellip;]<\/p>\n","protected":false},"author":1,"featured_media":1343,"comment_status":"open","ping_status":"open","sticky":false,"template":"","format":"standard","meta":{"_jetpack_newsletter_access":"","_jetpack_dont_email_post_to_subs":false,"_jetpack_newsletter_tier_id":0,"_jetpack_memberships_contains_paywalled_content":false,"_mbp_banners":[],"_jetpack_feature_clip_id":0,"_jetpack_memberships_contains_paid_content":false,"footnotes":"","jetpack_publicize_message":"","jetpack_publicize_feature_enabled":true,"jetpack_social_post_already_shared":true,"jetpack_social_options":{"image_generator_settings":{"template":"highway","default_image_id":0,"font":"","enabled":false},"version":2},"jetpack_post_was_ever_published":false},"categories":[22],"tags":[],"class_list":["post-1342","post","type-post","status-publish","format-standard","has-post-thumbnail","category-nacional"],"jetpack_publicize_connections":[],"jetpack-related-posts":[],"jetpack_shortlink":"https:\/\/wp.me\/p7Eq1F-lE","jetpack_sharing_enabled":true,"jetpack_featured_media_url":"https:\/\/i0.wp.com\/guialimeira.com.br\/news\/wp-content\/uploads\/2024\/04\/pzzb2009-2.jpg?fit=1600%2C800&ssl=1","_links":{"self":[{"href":"https:\/\/guialimeira.com.br\/news\/wp-json\/wp\/v2\/posts\/1342","targetHints":{"allow":["GET"]}}],"collection":[{"href":"https:\/\/guialimeira.com.br\/news\/wp-json\/wp\/v2\/posts"}],"about":[{"href":"https:\/\/guialimeira.com.br\/news\/wp-json\/wp\/v2\/types\/post"}],"author":[{"embeddable":true,"href":"https:\/\/guialimeira.com.br\/news\/wp-json\/wp\/v2\/users\/1"}],"replies":[{"embeddable":true,"href":"https:\/\/guialimeira.com.br\/news\/wp-json\/wp\/v2\/comments?post=1342"}],"version-history":[{"count":0,"href":"https:\/\/guialimeira.com.br\/news\/wp-json\/wp\/v2\/posts\/1342\/revisions"}],"wp:featuredmedia":[{"embeddable":true,"href":"https:\/\/guialimeira.com.br\/news\/wp-json\/wp\/v2\/media\/1343"}],"wp:attachment":[{"href":"https:\/\/guialimeira.com.br\/news\/wp-json\/wp\/v2\/media?parent=1342"}],"wp:term":[{"taxonomy":"category","embeddable":true,"href":"https:\/\/guialimeira.com.br\/news\/wp-json\/wp\/v2\/categories?post=1342"},{"taxonomy":"post_tag","embeddable":true,"href":"https:\/\/guialimeira.com.br\/news\/wp-json\/wp\/v2\/tags?post=1342"}],"curies":[{"name":"wp","href":"https:\/\/api.w.org\/{rel}","templated":true}]}}