{"id":1340,"date":"2024-04-10T01:01:44","date_gmt":"2024-04-10T04:01:44","guid":{"rendered":"https:\/\/guialimeira.com.br\/2024\/04\/10\/cerca-de-80-dos-inscritos-no-concurso-unificado-tem-de-20-a-44-anos\/"},"modified":"2024-04-10T01:01:44","modified_gmt":"2024-04-10T04:01:44","slug":"cerca-de-80-dos-inscritos-no-concurso-unificado-tem-de-20-a-44-anos","status":"publish","type":"post","link":"https:\/\/guialimeira.com.br\/news\/cerca-de-80-dos-inscritos-no-concurso-unificado-tem-de-20-a-44-anos\/","title":{"rendered":"Cerca de 80% dos inscritos no Concurso Unificado t\u00eam de 20 a 44 anos"},"content":{"rendered":"<p> <br \/>\n<\/p>\n<div>\n<p>Jovens e adultos com menos de 45 anos s\u00e3o os mais interessados em conseguir um emprego federal. O Minist\u00e9rio da Gest\u00e3o e da Inova\u00e7\u00e3o em Servi\u00e7os P\u00fablicos informou, nesta ter\u00e7a-feira (9), que candidatos com idade entre 20 e 44 anos s\u00e3o 80,3% do total de inscritos no Concurso P\u00fablico Nacional Unificado (CPNU), mais do que o dobro do que essa faixa de idade representa\u00a0na composi\u00e7\u00e3o da popula\u00e7\u00e3o brasileira: 38,72%, de acordo com o Censo Demogr\u00e1fico de 2022, do Instituto Brasileiro de Geografia e Estat\u00edstica (IBGE).<img data-recalc-dims=\"1\" decoding=\"async\" src=\"https:\/\/i0.wp.com\/agenciabrasil.ebc.com.br\/ebc.png?w=696&#038;ssl=1\" style=\"width:1px; height:1px; display:inline;\"\/><img data-recalc-dims=\"1\" decoding=\"async\" src=\"https:\/\/i0.wp.com\/agenciabrasil.ebc.com.br\/ebc.gif?w=696&#038;ssl=1\" style=\"width:1px; height:1px; display:inline;\"\/><\/p>\n<p>A Funda\u00e7\u00e3o Cesgranrio, organizadora do Concurso Unificado, tamb\u00e9m chamado Enem dos Concursos, disponibilizou hoje a distribui\u00e7\u00e3o por faixa et\u00e1ria dos mais de 2,144 milh\u00f5es inscritos, entre pagantes e isentos.<\/p>\n<p>Conforme dados sobre o n\u00famero de inscri\u00e7\u00f5es disponibilizados pela, o grupo mais numeroso de concorrentes desta faixa et\u00e1ria de jovens e adultos \u00e9 de 25 a 34 anos, com 821.523 inscri\u00e7\u00f5es (38,3% do total de candidatos) confirmadas, ap\u00f3s o pagamento das inscri\u00e7\u00f5es.<\/p>\n<p>No grupo entre 25 e 34 anos, as mulheres s\u00e3o maioria, com 56,3% de inscri\u00e7\u00f5es. Os homens somam 43,7% do total. Em n\u00fameros absolutos, s\u00e3o 462.377 mulheres e 359.146 inscritos entre 25 e 34 anos.<\/p>\n<p>O segundo maior grupo de inscritos tem entre 35 e 44 anos: 556.948 candidatos ou 26% do total, percentual que tamb\u00e9m supera a pir\u00e2mide et\u00e1ria do Censo 2022, pois a popula\u00e7\u00e3o de 35 a 44 anos corresponde a 15,87% dos brasileiros.<\/p>\n<p>Em terceiro lugar, est\u00e1 a faixa de candidatos entre 20 e 24 anos: 342.988 candidatos (16% do total). Em seguida, aparecem os inscritos com idade entre 45 e 59 anos, que s\u00e3o 13,8% do total, com quase 300 mil (296.359) candidatos.<\/p>\n<p>O quinto grupo \u00e9 composto por adolescentes de 15 e 19 anos (4,8% \u2013 342.988 inscri\u00e7\u00f5es).<\/p>\n<p>E, se h\u00e1 espa\u00e7o para os adultos e jovens disputarem as vagas do maior concurso p\u00fablico j\u00e1 realizado no Brasil, h\u00e1 tamb\u00e9m idosos interessados em passar na prova de 5 de maio, j\u00e1 que os cargos n\u00e3o imp\u00f5em limite m\u00e1ximo de idade.<\/p>\n<p>Quase 23 mil (22,8 mil) pessoas com idade entre 60 e 69 anos inscreveram-se no certame e representam 1,1% dos candidatos. Candidatos na faixa de 70 a 79 anos representam 0,042% do total. Por fim, cerca de 20 idosos com 80 anos ou mais, representando 0,001% do total, v\u00e3o disputar o concurso.<\/p>\n<p>Em caso de empate na classifica\u00e7\u00e3o, um dos crit\u00e9rios adotados para desempate \u00e9 a idade. Tem prefer\u00eancia o candidato que tiver idade igual ou superior a 60 anos, at\u00e9 o \u00faltimo dia de inscri\u00e7\u00e3o.<\/p>\n<h2>Candidatos por faixa et\u00e1ria<\/h2>\n<div class=\"dnd-widget-wrapper context-sem_processamento type-image\">\n<div class=\"dnd-atom-rendered\"><!-- scald=379839:sem_processamento {\"additionalClasses\":\"\"} --><\/p>\n<div class=\"shadow overflow-hidden rounded-lg d-block w-100\">\n            <img data-recalc-dims=\"1\" decoding=\"async\" src=\"https:\/\/i0.wp.com\/agenciabrasil.ebc.com.br\/sites\/default\/files\/thumbnails\/image\/loading_v2.gif?w=696&#038;ssl=1\" data-echo=\"https:\/\/agenciabrasil.ebc.com.br\/sites\/default\/files\/thumbnails\/image\/2024\/04\/09\/candidatos.png\" alt=\"Arte Concurso Nacional Unificado candidatos faixa et\u00e1ria\" title=\"Arte EBC\" class=\"flex-fill img-cover\"\/><br \/>\n        <img data-recalc-dims=\"1\" decoding=\"async\" src=\"https:\/\/i0.wp.com\/agenciabrasil.ebc.com.br\/sites\/default\/files\/thumbnails\/image\/2024\/04\/09\/candidatos.png?w=696&#038;ssl=1\" alt=\"Arte Concurso Nacional Unificado candidatos faixa et\u00e1ria\" title=\"Arte EBC\" class=\"flex-fill img-cover\"\/>\n    <\/div>\n<p><!-- END scald=379839 --><\/div>\n<\/div>\n<h2>Blocos<\/h2>\n<p>O Concurso P\u00fablico Nacional Unificado do pr\u00f3ximo m\u00eas ter\u00e1 provas espec\u00edficas para oito blocos tem\u00e1ticos para candidatos de n\u00edveis de escolaridade superior e m\u00e9dio\/t\u00e9cnico. A Funda\u00e7\u00e3o Cesgranrio ainda divulgou nesta ter\u00e7a-feira (9) como foi o interesse pelos blocos por faixa et\u00e1ria.<\/p>\n<p>A disputa vaga a vaga ser\u00e1 mais acirrada nos blocos tem\u00e1ticos 8 (n\u00edvel intermedi\u00e1rio) e 7, bloco de Gest\u00e3o Governamental e Administra\u00e7\u00e3o P\u00fablica, que neste \u00faltimo tem a maior parte das vagas destinadas a candidatos com gradua\u00e7\u00e3o em qualquer \u00e1rea de conhecimento<\/p>\n<p>Entre 20 e 24 anos, a maior parcela de inscri\u00e7\u00f5es foi realizada para o bloco tem\u00e1tico 8; com 188.501 candidatos, ou 55% do total de inscritos. Nesta mesma faixa et\u00e1ria, a segunda maior quantidade de inscri\u00e7\u00f5es foi assinalada para o bloco 7. \u00a0<\/p>\n<p>Mesmo ranking de prefer\u00eancia no grupo de 25 e 34 anos. A maioria dos candidatos (26,8%) disputar\u00e1 vagas no bloco tem\u00e1tico 8 (n\u00edvel intermedi\u00e1rio). Em segundo lugar, 21,6% dos jovens candidatos desse grupo tentam uma vaga do bloco da Gest\u00e3o Governamental e Administra\u00e7\u00e3o P\u00fablica, o de n\u00famero 7.<\/p>\n<p>Entre os candidatos com idade entre 35 e 44 anos, as prefer\u00eancias se invertem. Os candidatos do bloco 7 (Gest\u00e3o Governamental e Administra\u00e7\u00e3o P\u00fablica) s\u00e3o a maioria nesta faixa et\u00e1ria, com 132.162 inscritos (23,7% das inscri\u00e7\u00f5es). Em segundo lugar, est\u00e1 o p\u00fablico que optou pelo bloco 8 (N\u00edvel Intermedi\u00e1rio): 122.815 inscritos, representando 22,1% do total dessa faixa et\u00e1ria.<\/p>\n<div class=\"dnd-widget-wrapper context-cheio_8colunas type-image\">\n<div class=\"dnd-atom-rendered\"><!-- scald=367255:cheio_8colunas --><\/p>\n<div class=\"shadow overflow-hidden rounded-lg d-block w-100\">\n            <img data-recalc-dims=\"1\" decoding=\"async\" src=\"https:\/\/i0.wp.com\/agenciabrasil.ebc.com.br\/sites\/default\/files\/thumbnails\/image\/loading_v2.gif?w=696&#038;ssl=1\" data-echo=\"https:\/\/imagens.ebc.com.br\/GRriRwYsHNMJMi0-lgdx6tM3a00=\/754x0\/smart\/https:\/\/agenciabrasil.ebc.com.br\/sites\/default\/files\/thumbnails\/image\/enem_concurso1_copy.jpg?itok=tfkqblBP\" alt=\"Arte Enem dos Concursos. Blocos Tem\u00e1ticos. Foto: Arte\/EBC\" title=\"Arte\/EBC\" class=\"flex-fill img-cover\"\/><br \/>\n        <img data-recalc-dims=\"1\" decoding=\"async\" src=\"https:\/\/i0.wp.com\/imagens.ebc.com.br\/GRriRwYsHNMJMi0-lgdx6tM3a00%3D\/754x0\/smart\/https%3A\/\/agenciabrasil.ebc.com.br\/sites\/default\/files\/thumbnails\/image\/enem_concurso1_copy.jpg?w=696&#038;ssl=1\" alt=\"Arte Enem dos Concursos. Blocos Tem\u00e1ticos. Foto: Arte\/EBC\" title=\"Arte\/EBC\" class=\"flex-fill img-cover\"\/>\n    <\/div>\n<p><!-- END scald=367255 --><\/div>\n<\/div>\n<h2>Perfil<\/h2>\n<p>Entre os 2,144 milh\u00f5es de candidatos inscritos no Concurso P\u00fablico Nacional Unificado, liderado pelo Minist\u00e9rio da Gest\u00e3o e da Inova\u00e7\u00e3o em Servi\u00e7os P\u00fablicos, 420.793 solicitaram cotas raciais, garantida no servi\u00e7o p\u00fablico do Brasil, desde 2014, pela <a href=\"https:\/\/www.planalto.gov.br\/ccivil_03\/_ato2011-2014\/2014\/lei\/l12990.htm\" target=\"_blank\" rel=\"noopener\">lei n\u00ba 12.990<\/a>, que reserva 20% das vagas oferecidas nos concursos p\u00fablicos aos negros.<\/p>\n<p>No perfil geral do CPNU, \u00a0metade das inscri\u00e7\u00f5es foram feitas por candidatos que ganham at\u00e9 tr\u00eas sal\u00e1rios m\u00ednimos. Al\u00e9m disso, a presen\u00e7a majorit\u00e1ria de mulheres entre os inscritos: 56,2% s\u00e3o do p\u00fablico feminino e 43,8% s\u00e3o homens.<\/p>\n<h2>Certame<\/h2>\n<p>O Concurso P\u00fablico Nacional Unificado aplicar\u00e1 simultaneamente, em 5 de maio, <a href=\"https:\/\/www.gov.br\/gestao\/pt-br\/assuntos\/noticias\/2024\/abril\/aumenta-para-228-o-numero-de-municipios-onde-serao-aplicadas-as-provas-do-concurso-publico-nacional\/cpnu_inscritos-por-cidade.pdf\" target=\"_blank\" rel=\"noopener\">provas em 228 cidades<\/a>, incluindo capitais e munic\u00edpios de todas as unidades da federa\u00e7\u00e3o para preenchimento de cargos p\u00fablicos efetivos em \u00f3rg\u00e3os p\u00fablicos federais.<\/p>\n<p>O Distrito Federal \u00e9 a unidade da federa\u00e7\u00e3o com maior n\u00famero de inscritos no certame: 220 mil candidatos, superando os \u00edndices de cidades mais populosas como Rio de Janeiro e S\u00e3o Paulo.<\/p>\n<p>Os mais de 2,14 milh\u00f5es de candidatos confirmados disputar\u00e3o 6.640 vagas para cargos p\u00fablicos efetivos, no maior concurso p\u00fablico da hist\u00f3ria do Brasil e em formato in\u00e9dito e aplica\u00e7\u00e3o \u00fanica das provas, com o objetivo de promover igualdade de oportunidades aos interessados.<\/p>\n<p>O certame contar\u00e1 com seguran\u00e7a refor\u00e7ada e uma rede de aplica\u00e7\u00e3o integrada por diversos \u00f3rg\u00e3os p\u00fablicos. A Pol\u00edcia Federal, a Pol\u00edcia Rodovi\u00e1ria Federal (PRF), Ag\u00eancia Brasileira de Intelig\u00eancia (Abin) e a For\u00e7a Nacional dar\u00e3o apoio na log\u00edstica e seguran\u00e7a do certame.<\/p>\n<\/p><\/div>\n<p><br \/>\n<br \/><a href=\"https:\/\/agenciabrasil.ebc.com.br\/geral\/noticia\/2024-04\/cerca-de-80-dos-inscritos-no-concurso-unificado-tem-de-20-44-anos\" rel=\"noopener\">Ag\u00eancia Brasil<\/a><\/p>\n","protected":false},"excerpt":{"rendered":"<p>Jovens e adultos com menos de 45 anos s\u00e3o os mais interessados em conseguir um emprego federal. O Minist\u00e9rio da Gest\u00e3o e da Inova\u00e7\u00e3o em Servi\u00e7os P\u00fablicos informou, nesta ter\u00e7a-feira (9), que candidatos com idade entre 20 e 44 anos s\u00e3o 80,3% do total de inscritos no Concurso P\u00fablico Nacional Unificado (CPNU), mais do que [&hellip;]<\/p>\n","protected":false},"author":1,"featured_media":1341,"comment_status":"open","ping_status":"open","sticky":false,"template":"","format":"standard","meta":{"_jetpack_newsletter_access":"","_jetpack_dont_email_post_to_subs":false,"_jetpack_newsletter_tier_id":0,"_jetpack_memberships_contains_paywalled_content":false,"_mbp_banners":[],"_jetpack_feature_clip_id":0,"_jetpack_memberships_contains_paid_content":false,"footnotes":"","jetpack_publicize_message":"","jetpack_publicize_feature_enabled":true,"jetpack_social_post_already_shared":true,"jetpack_social_options":{"image_generator_settings":{"template":"highway","default_image_id":0,"font":"","enabled":false},"version":2},"jetpack_post_was_ever_published":false},"categories":[1],"tags":[],"class_list":["post-1340","post","type-post","status-publish","format-standard","has-post-thumbnail","category-geral"],"jetpack_publicize_connections":[],"jetpack-related-posts":[],"jetpack_shortlink":"https:\/\/wp.me\/p7Eq1F-lC","jetpack_sharing_enabled":true,"jetpack_featured_media_url":"https:\/\/i0.wp.com\/guialimeira.com.br\/news\/wp-content\/uploads\/2024\/04\/pin3689_0.jpg?fit=1600%2C800&ssl=1","_links":{"self":[{"href":"https:\/\/guialimeira.com.br\/news\/wp-json\/wp\/v2\/posts\/1340","targetHints":{"allow":["GET"]}}],"collection":[{"href":"https:\/\/guialimeira.com.br\/news\/wp-json\/wp\/v2\/posts"}],"about":[{"href":"https:\/\/guialimeira.com.br\/news\/wp-json\/wp\/v2\/types\/post"}],"author":[{"embeddable":true,"href":"https:\/\/guialimeira.com.br\/news\/wp-json\/wp\/v2\/users\/1"}],"replies":[{"embeddable":true,"href":"https:\/\/guialimeira.com.br\/news\/wp-json\/wp\/v2\/comments?post=1340"}],"version-history":[{"count":0,"href":"https:\/\/guialimeira.com.br\/news\/wp-json\/wp\/v2\/posts\/1340\/revisions"}],"wp:featuredmedia":[{"embeddable":true,"href":"https:\/\/guialimeira.com.br\/news\/wp-json\/wp\/v2\/media\/1341"}],"wp:attachment":[{"href":"https:\/\/guialimeira.com.br\/news\/wp-json\/wp\/v2\/media?parent=1340"}],"wp:term":[{"taxonomy":"category","embeddable":true,"href":"https:\/\/guialimeira.com.br\/news\/wp-json\/wp\/v2\/categories?post=1340"},{"taxonomy":"post_tag","embeddable":true,"href":"https:\/\/guialimeira.com.br\/news\/wp-json\/wp\/v2\/tags?post=1340"}],"curies":[{"name":"wp","href":"https:\/\/api.w.org\/{rel}","templated":true}]}}