{"id":1335,"date":"2024-04-10T00:24:42","date_gmt":"2024-04-10T03:24:42","guid":{"rendered":"https:\/\/guialimeira.com.br\/2024\/04\/10\/julgamento-de-contraventor-de-94-anos-e-adiado\/"},"modified":"2024-04-10T00:24:42","modified_gmt":"2024-04-10T03:24:42","slug":"julgamento-de-contraventor-de-94-anos-e-adiado","status":"publish","type":"post","link":"https:\/\/guialimeira.com.br\/news\/julgamento-de-contraventor-de-94-anos-e-adiado\/","title":{"rendered":"Julgamento de contraventor de 94 anos \u00e9 adiado"},"content":{"rendered":"<p> <br \/>\n<\/p>\n<div>\n<p>O <a href=\"https:\/\/agenciabrasil.ebc.com.br\/geral\/noticia\/2024-04\/contraventor-piruinha-sera-julgado-nesta-terca-por-homicidio\" target=\"_blank\" rel=\"noopener\">julgamento do bicheiro<\/a> Jos\u00e9 Caruzzo Escafura, o Piruinha, de 94 anos, foi adiado nesta ter\u00e7a-feira (9) para o dia 25 deste m\u00eas. O contraventor\u00a0\u00e9 r\u00e9u no\u00a0assassinato de Natalino Jos\u00e9 do Nascimento Esp\u00edndola, o Neto.<img data-recalc-dims=\"1\" decoding=\"async\" src=\"https:\/\/i0.wp.com\/agenciabrasil.ebc.com.br\/ebc.png?w=696&#038;ssl=1\" style=\"width:1px; height:1px; display:inline;\"\/><img data-recalc-dims=\"1\" decoding=\"async\" src=\"https:\/\/i0.wp.com\/agenciabrasil.ebc.com.br\/ebc.gif?w=696&#038;ssl=1\" style=\"width:1px; height:1px; display:inline;\"\/><\/p>\n<p>Piruinha participaria por videoconfer\u00eancia, j\u00e1 que est\u00e1 em pris\u00e3o domiciliar em raz\u00e3o de problemas de sa\u00fade.<\/p>\n<p>O adiamento foi solicitado pelo\u00a0Minist\u00e9rio P\u00fablico estadual, que alegou\u00a0falta de tempo para analisar a jun\u00e7\u00e3o de outros dois processos ao de Piruinha: o da filha do contraventor, Monaliza Escafura, que est\u00e1 foragida;\u00a0e o do policial militar Jeckson Lima Pereira, preso h\u00e1 dois\u00a0anos.\u00a0<\/p>\n<p>De acordo com as investiga\u00e7\u00f5es, Piruinha e a filha teriam contratado o policial militar\u00a0para executar Neto, dono de uma loja de carros na zona norte do Rio. Segundo a promotoria, os tr\u00eas r\u00e9us precisam ser\u00a0julgados juntos, j\u00e1 que a den\u00fancia imputa a eles o crime.<\/p>\n<p>A den\u00fancia diz que o crime foi praticado por motivo torpe, como puni\u00e7\u00e3o por uma d\u00edvida em dinheiro que o negociante tinha com o contraventor e a filha dele.<\/p>\n<p>\u00a0<\/p>\n<\/p><\/div>\n<p><br \/>\n<br \/><a href=\"https:\/\/agenciabrasil.ebc.com.br\/justica\/noticia\/2024-04\/julgamento-de-contraventor-de-94-anos-e-adiado\" rel=\"noopener\">Ag\u00eancia Brasil<\/a><\/p>\n","protected":false},"excerpt":{"rendered":"<p>O julgamento do bicheiro Jos\u00e9 Caruzzo Escafura, o Piruinha, de 94 anos, foi adiado nesta ter\u00e7a-feira (9) para o dia 25 deste m\u00eas. O contraventor\u00a0\u00e9 r\u00e9u no\u00a0assassinato de Natalino Jos\u00e9 do Nascimento Esp\u00edndola, o Neto. Piruinha participaria por videoconfer\u00eancia, j\u00e1 que est\u00e1 em pris\u00e3o domiciliar em raz\u00e3o de problemas de sa\u00fade. O adiamento foi solicitado [&hellip;]<\/p>\n","protected":false},"author":1,"featured_media":269,"comment_status":"open","ping_status":"open","sticky":false,"template":"","format":"standard","meta":{"_jetpack_newsletter_access":"","_jetpack_dont_email_post_to_subs":false,"_jetpack_newsletter_tier_id":0,"_jetpack_memberships_contains_paywalled_content":false,"_mbp_banners":[],"_jetpack_feature_clip_id":0,"_jetpack_memberships_contains_paid_content":false,"footnotes":"","jetpack_publicize_message":"","jetpack_publicize_feature_enabled":true,"jetpack_social_post_already_shared":true,"jetpack_social_options":{"image_generator_settings":{"template":"highway","default_image_id":0,"font":"","enabled":false},"version":2},"jetpack_post_was_ever_published":false},"categories":[22],"tags":[],"class_list":["post-1335","post","type-post","status-publish","format-standard","has-post-thumbnail","category-nacional"],"jetpack_publicize_connections":[],"jetpack-related-posts":[],"jetpack_shortlink":"https:\/\/wp.me\/p7Eq1F-lx","jetpack_sharing_enabled":true,"jetpack_featured_media_url":"https:\/\/i0.wp.com\/guialimeira.com.br\/news\/wp-content\/uploads\/2024\/03\/thumb_1200x600_agbrasil.png?fit=1200%2C600&ssl=1","_links":{"self":[{"href":"https:\/\/guialimeira.com.br\/news\/wp-json\/wp\/v2\/posts\/1335","targetHints":{"allow":["GET"]}}],"collection":[{"href":"https:\/\/guialimeira.com.br\/news\/wp-json\/wp\/v2\/posts"}],"about":[{"href":"https:\/\/guialimeira.com.br\/news\/wp-json\/wp\/v2\/types\/post"}],"author":[{"embeddable":true,"href":"https:\/\/guialimeira.com.br\/news\/wp-json\/wp\/v2\/users\/1"}],"replies":[{"embeddable":true,"href":"https:\/\/guialimeira.com.br\/news\/wp-json\/wp\/v2\/comments?post=1335"}],"version-history":[{"count":0,"href":"https:\/\/guialimeira.com.br\/news\/wp-json\/wp\/v2\/posts\/1335\/revisions"}],"wp:featuredmedia":[{"embeddable":true,"href":"https:\/\/guialimeira.com.br\/news\/wp-json\/wp\/v2\/media\/269"}],"wp:attachment":[{"href":"https:\/\/guialimeira.com.br\/news\/wp-json\/wp\/v2\/media?parent=1335"}],"wp:term":[{"taxonomy":"category","embeddable":true,"href":"https:\/\/guialimeira.com.br\/news\/wp-json\/wp\/v2\/categories?post=1335"},{"taxonomy":"post_tag","embeddable":true,"href":"https:\/\/guialimeira.com.br\/news\/wp-json\/wp\/v2\/tags?post=1335"}],"curies":[{"name":"wp","href":"https:\/\/api.w.org\/{rel}","templated":true}]}}