{"id":13309,"date":"2024-08-30T17:10:55","date_gmt":"2024-08-30T20:10:55","guid":{"rendered":"https:\/\/guialimeira.com.br\/2024\/08\/30\/pausa-humanitaria-para-vacinacao-contra-polio-pode-nao-ser-suficiente\/"},"modified":"2024-08-30T17:10:55","modified_gmt":"2024-08-30T20:10:55","slug":"pausa-humanitaria-para-vacinacao-contra-polio-pode-nao-ser-suficiente","status":"publish","type":"post","link":"https:\/\/guialimeira.com.br\/news\/pausa-humanitaria-para-vacinacao-contra-polio-pode-nao-ser-suficiente\/","title":{"rendered":"Pausa humanit\u00e1ria para vacina\u00e7\u00e3o contra p\u00f3lio pode n\u00e3o ser suficiente"},"content":{"rendered":"<p> <br \/>\n<\/p>\n<div>\n<p>Uma campanha de vacina\u00e7\u00e3o contra a poliomielite na Faixa de Gaza deve come\u00e7ar no pr\u00f3ximo domingo (1\u00ba), desde que as pausas humanit\u00e1rias anunciadas pela Organiza\u00e7\u00e3o Mundial da Sa\u00fade (OMS) sejam cumpridas por Israel e pelo grupo palestino Hamas. Ainda assim, h\u00e1 o risco de que o prazo de tr\u00eas dias, previsto para cada uma das duas rodadas de vacina\u00e7\u00e3o, n\u00e3o seja suficiente para alcan\u00e7ar a meta de 90% de cobertura.<img data-recalc-dims=\"1\" decoding=\"async\" src=\"https:\/\/i0.wp.com\/agenciabrasil.ebc.com.br\/ebc.png?w=696&#038;ssl=1\" style=\"width:1px; height:1px; display:inline;\"\/><img data-recalc-dims=\"1\" decoding=\"async\" src=\"https:\/\/i0.wp.com\/agenciabrasil.ebc.com.br\/ebc.gif?w=696&#038;ssl=1\" style=\"width:1px; height:1px; display:inline;\"\/><\/p>\n<div class=\"dnd-widget-wrapper context-grande_6colunas type-image atom-align-left\">\n<div class=\"dnd-atom-rendered\"><!-- scald=370844:grande_6colunas {\"additionalClasses\":\"\"} --><\/p>\n<div class=\"shadow overflow-hidden rounded-lg d-block w-100\">\n            <img data-recalc-dims=\"1\" decoding=\"async\" src=\"https:\/\/i0.wp.com\/agenciabrasil.ebc.com.br\/sites\/default\/files\/thumbnails\/image\/loading_v2.gif?w=696&#038;ssl=1\" data-echo=\"https:\/\/imagens.ebc.com.br\/WXwQjMPWRtbaFZZg-yoTLYg4brU=\/463x0\/smart\/https:\/\/agenciabrasil.ebc.com.br\/sites\/default\/files\/thumbnails\/image\/124a9548-26.jpg?itok=1pwk2dLi\" alt=\"Bras\u00edlia, DF 07\/02\/2024 O diretor-geral da Organiza\u00e7\u00e3o Mundial da Sa\u00fade (OMS), Tedros Adhanom, participa do lan\u00e7amento do programa Brasil Saud\u00e1vel, para eliminar doen\u00e7as determinadas socialmente  Foto: Fabio Rodrigues-Pozzebom\/ Ag\u00eancia Brasil\" title=\"Fabio Rodrigues-Pozzebom\/ Ag\u00eancia Brasil\" class=\"flex-fill img-cover\"\/><br \/>\n        <img data-recalc-dims=\"1\" decoding=\"async\" src=\"https:\/\/i0.wp.com\/imagens.ebc.com.br\/WXwQjMPWRtbaFZZg-yoTLYg4brU%3D\/463x0\/smart\/https%3A\/\/agenciabrasil.ebc.com.br\/sites\/default\/files\/thumbnails\/image\/124a9548-26.jpg?w=696&#038;ssl=1\" alt=\"Bras\u00edlia, DF 07\/02\/2024 O diretor-geral da Organiza\u00e7\u00e3o Mundial da Sa\u00fade (OMS), Tedros Adhanom, participa do lan\u00e7amento do programa Brasil Saud\u00e1vel, para eliminar doen\u00e7as determinadas socialmente  Foto: Fabio Rodrigues-Pozzebom\/ Ag\u00eancia Brasil\" title=\"Fabio Rodrigues-Pozzebom\/ Ag\u00eancia Brasil\" class=\"flex-fill img-cover\"\/>\n    <\/div>\n<p><!-- END scald=370844 --><\/div>\n<div class=\"dnd-caption-wrapper\">\n<p>Diretor-geral da Organiza\u00e7\u00e3o Mundial da Sa\u00fade (OMS), Tedros Adhanom. Foto:\u00a0<strong>Fabio Rodrigues-Pozzebom\/ Ag\u00eancia Brasil<\/strong><!--END copyright=370844--><\/p>\n<\/div>\n<\/div>\n<p>\u201cPor conta da inseguran\u00e7a na regi\u00e3o, das estradas e estruturas danificadas, das popula\u00e7\u00f5es se deslocando e sendo realojadas, tr\u00eas dias para cada rodada, provavelmente, n\u00e3o ser\u00e3o suficientes para alcan\u00e7ar a cobertura adequada\u201d, alertou o diretor-geral da OMS, Tedros Adhanom Ghebreyesus, nesta sexta-feira (30). \u201cA cobertura vacinal ser\u00e1 monitorada ao longo da campanha e foi acordado que a vacina\u00e7\u00e3o ser\u00e1 estendida por um dia, caso necess\u00e1rio.\u201d<\/p>\n<p>Durante entrevista \u00e0 imprensa, Tedros lembrou que o objetivo da campanha, coordenada pela OMS em parceria com o Fundo das Na\u00e7\u00f5es Unidas para a Inf\u00e2ncia (Unicef), \u00e9 imunizar cerca de 640 mil crian\u00e7as com menos de 10 anos que vivem na regi\u00e3o e que nunca receberam doses contra a p\u00f3lio ou est\u00e3o com esquema incompleto. A estrat\u00e9gia adotada pelas entidades \u00e9 come\u00e7ar pelo centro de Gaza, seguindo para o sul e, por fim, para o norte.\u00a0<\/p>\n<p>\u201cAs equipes de sa\u00fade devem ser protegidas e devem ser capazes de conduzir a vacina\u00e7\u00e3o de forma segura. Pedimos a todas as partes envolvidas que garantam a seguran\u00e7a desses profissionais, das unidades de sa\u00fade e das crian\u00e7as\u201d, apelou Tedros. \u201cPausas humanit\u00e1rias s\u00e3o bem-vindas, mas, nos tempos atuais, a \u00fanica solu\u00e7\u00e3o para garantir o bem-estar das crian\u00e7as de Gaza \u00e9 um cessar-fogo. O melhor rem\u00e9dio \u00e9 a paz\u201d, concluiu.<\/p>\n<h2>Caso confirmado<\/h2>\n<p>Na semana passada, a OMS confirmou o primeiro caso de p\u00f3lio na Faixa de Gaza em 25 anos. Trata-se de um beb\u00ea de 10 meses que vive na cidade palestina de Deir al-Balah, regi\u00e3o central do territ\u00f3rio, e que n\u00e3o havia recebido nenhuma das doses previstas no esquema vacinal contra a doen\u00e7a.<\/p>\n<p>Em seu perfil na rede social X, Tedros disse estar \u201cseriamente preocupado\u201d com a confirma\u00e7\u00e3o do caso. \u201cA OMS e seus parceiros trabalharam arduamente para colher e transferir amostras da crian\u00e7a para testagem em um laborat\u00f3rio certificado na regi\u00e3o. O sequenciamento gen\u00f4mico confirmou que o v\u00edrus est\u00e1 ligado \u00e0 variante do poliov\u00edrus tipo 2, detectada em amostras ambientais recolhidas em junho em \u00e1guas residuais de Gaza. A crian\u00e7a, que desenvolveu paralisia na perna esquerda, est\u00e1 em situa\u00e7\u00e3o est\u00e1vel\u201d, informou.<\/p>\n<h2>Tr\u00e9gua humanit\u00e1ria<\/h2>\n<p>Alguns dias antes, a OMS j\u00e1 havia feito um apelo por uma tr\u00e9gua humanit\u00e1ria em Gaza para que as duas rodadas de vacina\u00e7\u00e3o pudessem ser realizada. Em nota, a entidade, junto ao Unicef, pediu que todas as partes envolvidas no conflito implementassem pausas humanit\u00e1rias durante um per\u00edodo de pelo menos sete dias.<\/p>\n<p>\u201cEssas pausas nos combates permitiriam que crian\u00e7as e fam\u00edlias chegassem em seguran\u00e7a \u00e0s unidades de sa\u00fade e que agentes comunit\u00e1rios alcan\u00e7assem crian\u00e7as que n\u00e3o t\u00eam acesso a essas unidades para serem imunizadas contra a poliomielite. Sem as pausas humanit\u00e1rias, a realiza\u00e7\u00e3o das campanhas n\u00e3o ser\u00e1 poss\u00edvel\u201d.<\/p>\n<h2>Entenda<\/h2>\n<p>O poliov\u00edrus foi detectado em junho em amostras ambientais colhidas na Faixa de Gaza. Desde ent\u00e3o, segundo a OMS, pelo menos tr\u00eas crian\u00e7as apresentaram quadros suspeitos de paralisia fl\u00e1cida aguda, sintoma comum da p\u00f3lio. Amostras de sangue foram colhidas e enviadas para an\u00e1lise laboratorial.<\/p>\n<p>\u201c\u00c9 essencial que o transporte das doses e dos equipamentos de refrigera\u00e7\u00e3o seja facilitado em todas as etapas dessa jornada, para garantir o recebimento em tempo oportuno, a aprova\u00e7\u00e3o e a libera\u00e7\u00e3o dos insumos em tempo para que a campanha ocorra\u201d, ressaltou a OMS. Ao todo, 708 equipes com cerca de 2,7 mil profissionais de sa\u00fade foram acionados.<\/p>\n<p>A organiza\u00e7\u00e3o alertou que \u00e9 preciso alcan\u00e7ar uma cobertura vacinal de pelo menos 90% durante cada rodada da campanha para interromper a propaga\u00e7\u00e3o da p\u00f3lio e reduzir o risco do ressurgimento da doen\u00e7a, levando em considera\u00e7\u00e3o \u201csistemas de sa\u00fade, \u00e1gua e saneamento gravemente prejudicados na regi\u00e3o\u201d.<\/p>\n<p>Dados da entidade mostram que a Faixa de Gaza esteve livre da p\u00f3lio pelos \u00faltimos 25 anos. \u201cO ressurgimento da doen\u00e7a, sobre o qual a comunidade humanit\u00e1ria j\u00e1 havia alertado ao longo dos \u00faltimos dez meses, representa outra amea\u00e7a para as crian\u00e7as em Gaza e em pa\u00edses vizinhos. Um cessar-fogo \u00e9 a \u00fanica forma de garantir a seguran\u00e7a da sa\u00fade p\u00fablica na regi\u00e3o\u201d.<\/p>\n<h2>Risco<\/h2>\n<p>Ainda de acordo com a OMS, Gaza mantinha boa cobertura vacinal antes da escalada dos conflitos, em outubro do ano passado. De l\u00e1 para c\u00e1, a vacina\u00e7\u00e3o de rotina foi fortemente impactada \u2013 incluindo a segunda dose da vacina contra a p\u00f3lio, que caiu de 99% em 2022 para menos de 90% em 2023 e no primeiro trimestre de 2024.<\/p>\n<p>\u201cO risco de dissemina\u00e7\u00e3o do v\u00edrus, dentro da Faixa de Gaza e internacionalmente, permanece alto em raz\u00e3o de lacunas na imunidade das crian\u00e7as, provocadas por interrup\u00e7\u00f5es na vacina\u00e7\u00e3o de rotina, dizima\u00e7\u00e3o do sistema de sa\u00fade, deslocamento constante da popula\u00e7\u00e3o, desnutri\u00e7\u00e3o e sistemas de \u00e1gua e saneamento gravemente danificados.\u201d<\/p>\n<p>\u201cA situa\u00e7\u00e3o tamb\u00e9m aumentou o risco de propaga\u00e7\u00e3o de outras doen\u00e7as preven\u00edveis \u200b\u200bpor vacina\u00e7\u00e3o, como o sarampo, al\u00e9m de casos de diarreia, infec\u00e7\u00f5es respirat\u00f3rias agudas, hepatite A e doen\u00e7as de pele entre crian\u00e7as\u201d, disse a OMS.<\/p>\n<\/p><\/div>\n<p><br \/>\n<br \/><a href=\"https:\/\/agenciabrasil.ebc.com.br\/saude\/noticia\/2024-08\/pausa-humanitaria-para-vacinacao-contra-polio-pode-nao-ser-suficiente\" rel=\"noopener\">Ag\u00eancia Brasil <\/a><\/p>\n","protected":false},"excerpt":{"rendered":"<p>Uma campanha de vacina\u00e7\u00e3o contra a poliomielite na Faixa de Gaza deve come\u00e7ar no pr\u00f3ximo domingo (1\u00ba), desde que as pausas humanit\u00e1rias anunciadas pela Organiza\u00e7\u00e3o Mundial da Sa\u00fade (OMS) sejam cumpridas por Israel e pelo grupo palestino Hamas. Ainda assim, h\u00e1 o risco de que o prazo de tr\u00eas dias, previsto para cada uma das [&hellip;]<\/p>\n","protected":false},"author":1,"featured_media":13310,"comment_status":"open","ping_status":"open","sticky":false,"template":"","format":"standard","meta":{"_jetpack_newsletter_access":"","_jetpack_dont_email_post_to_subs":false,"_jetpack_newsletter_tier_id":0,"_jetpack_memberships_contains_paywalled_content":false,"_mbp_banners":[],"_jetpack_feature_clip_id":0,"_jetpack_memberships_contains_paid_content":false,"footnotes":"","jetpack_publicize_message":"","jetpack_publicize_feature_enabled":true,"jetpack_social_post_already_shared":true,"jetpack_social_options":{"image_generator_settings":{"template":"highway","default_image_id":0,"font":"","enabled":false},"version":2},"jetpack_post_was_ever_published":false},"categories":[15],"tags":[],"class_list":["post-13309","post","type-post","status-publish","format-standard","has-post-thumbnail","category-saude"],"jetpack_publicize_connections":[],"jetpack-related-posts":[],"jetpack_shortlink":"https:\/\/wp.me\/p7Eq1F-3sF","jetpack_sharing_enabled":true,"jetpack_featured_media_url":"https:\/\/i0.wp.com\/guialimeira.com.br\/news\/wp-content\/uploads\/2024\/08\/2024-07-26t105848z_135702413_rc25g8a4ualz_rtrmadp_3_israel-palestinians-who.jpg?fit=1600%2C800&ssl=1","_links":{"self":[{"href":"https:\/\/guialimeira.com.br\/news\/wp-json\/wp\/v2\/posts\/13309","targetHints":{"allow":["GET"]}}],"collection":[{"href":"https:\/\/guialimeira.com.br\/news\/wp-json\/wp\/v2\/posts"}],"about":[{"href":"https:\/\/guialimeira.com.br\/news\/wp-json\/wp\/v2\/types\/post"}],"author":[{"embeddable":true,"href":"https:\/\/guialimeira.com.br\/news\/wp-json\/wp\/v2\/users\/1"}],"replies":[{"embeddable":true,"href":"https:\/\/guialimeira.com.br\/news\/wp-json\/wp\/v2\/comments?post=13309"}],"version-history":[{"count":0,"href":"https:\/\/guialimeira.com.br\/news\/wp-json\/wp\/v2\/posts\/13309\/revisions"}],"wp:featuredmedia":[{"embeddable":true,"href":"https:\/\/guialimeira.com.br\/news\/wp-json\/wp\/v2\/media\/13310"}],"wp:attachment":[{"href":"https:\/\/guialimeira.com.br\/news\/wp-json\/wp\/v2\/media?parent=13309"}],"wp:term":[{"taxonomy":"category","embeddable":true,"href":"https:\/\/guialimeira.com.br\/news\/wp-json\/wp\/v2\/categories?post=13309"},{"taxonomy":"post_tag","embeddable":true,"href":"https:\/\/guialimeira.com.br\/news\/wp-json\/wp\/v2\/tags?post=13309"}],"curies":[{"name":"wp","href":"https:\/\/api.w.org\/{rel}","templated":true}]}}