{"id":13242,"date":"2024-08-29T18:54:01","date_gmt":"2024-08-29T21:54:01","guid":{"rendered":"https:\/\/guialimeira.com.br\/2024\/08\/29\/alem-do-brasil-musk-tem-atritos-com-europeus-australia-e-inglaterra\/"},"modified":"2024-08-29T18:54:01","modified_gmt":"2024-08-29T21:54:01","slug":"alem-do-brasil-musk-tem-atritos-com-europeus-australia-e-inglaterra","status":"publish","type":"post","link":"https:\/\/guialimeira.com.br\/news\/alem-do-brasil-musk-tem-atritos-com-europeus-australia-e-inglaterra\/","title":{"rendered":"Al\u00e9m do Brasil, Musk tem atritos com europeus, Austr\u00e1lia e Inglaterra"},"content":{"rendered":"<p> <br \/>\n<\/p>\n<div>\n<p>Controlada pelo multibilion\u00e1rio Elon Musk, a rede social X, o antigo Twitter, tem colecionado atritos com autoridades de diversos pa\u00edses, desde o Brasil,\u00a0at\u00e9 a Austr\u00e1lia, a Inglaterra, o bloco da Uni\u00e3o\u00a0Europeia (UE), a <a href=\"https:\/\/agenciabrasil.ebc.com.br\/internacional\/noticia\/2024-08\/maduro-anuncia-bloqueio-de-10-dias-da-rede-x-por-incitar-guerra-civil\" target=\"_blank\" rel=\"noopener\">Venezuela<\/a>, entre outros.<img data-recalc-dims=\"1\" decoding=\"async\" src=\"https:\/\/i0.wp.com\/agenciabrasil.ebc.com.br\/ebc.png?w=696&#038;ssl=1\" style=\"width:1px; height:1px; display:inline;\"\/><img data-recalc-dims=\"1\" decoding=\"async\" src=\"https:\/\/i0.wp.com\/agenciabrasil.ebc.com.br\/ebc.gif?w=696&#038;ssl=1\" style=\"width:1px; height:1px; display:inline;\"\/><\/p>\n<p>Enquanto na UE, no Brasil e na Austr\u00e1lia,\u00a0Musk apela \u00e0 ret\u00f3rica da \u201cliberdade de express\u00e3o\u201d irrestrita, na \u00cdndia e na Turquia, a plataforma X tem acatado decis\u00f5es judiciais com suspens\u00f5es de conte\u00fados e de perfis sem denunciar suposta \u201ccensura\u201d. Na \u00cdndia, a plataforma excluiu das redes um document\u00e1rio da m\u00eddia inglesa BBC cr\u00edtico ao primeiro-ministro do pa\u00eds asi\u00e1tico, Narendra Modi.<\/p>\n<div class=\"dnd-widget-wrapper context-cheio_8colunas type-image\">\n<div class=\"dnd-atom-rendered\"><!-- scald=396262:cheio_8colunas --><\/p>\n<div class=\"shadow overflow-hidden rounded-lg d-block w-100\">\n            <img data-recalc-dims=\"1\" decoding=\"async\" src=\"https:\/\/i0.wp.com\/agenciabrasil.ebc.com.br\/sites\/default\/files\/thumbnails\/image\/loading_v2.gif?w=696&#038;ssl=1\" data-echo=\"https:\/\/imagens.ebc.com.br\/ZFQWgwbiePImJFNvcWbXzfSBVZo=\/754x0\/smart\/https:\/\/agenciabrasil.ebc.com.br\/sites\/default\/files\/thumbnails\/image\/2024\/08\/17\/2024-08-12t100157z_492598035_rc20e2ahuqlk_rtrmadp_3_usa-election-trump-musk.jpg?itok=noNdVZrk\" alt=\"FILE PHOTO: 'X' logo is seen on the top of the headquarters of the messaging platform X, formerly known as Twitter, in downtown San Francisco, California, U.S., July 30, 2023.  Reuters\/Carlos Barria\/Proibida reprodu\u00e7\u00e3o\" title=\"Reuters\/Carlos Barria\/Proibida reprodu\u00e7\u00e3o\" class=\"flex-fill img-cover\"\/><br \/>\n        <img data-recalc-dims=\"1\" decoding=\"async\" src=\"https:\/\/i0.wp.com\/imagens.ebc.com.br\/ZFQWgwbiePImJFNvcWbXzfSBVZo%3D\/754x0\/smart\/https%3A\/\/agenciabrasil.ebc.com.br\/sites\/default\/files\/thumbnails\/image\/2024\/08\/17\/2024-08-12t100157z_492598035_rc20e2ahuqlk_rtrmadp_3_usa-election-trump-musk.jpg?w=696&#038;ssl=1\" alt=\"FILE PHOTO: 'X' logo is seen on the top of the headquarters of the messaging platform X, formerly known as Twitter, in downtown San Francisco, California, U.S., July 30, 2023.  Reuters\/Carlos Barria\/Proibida reprodu\u00e7\u00e3o\" title=\"Reuters\/Carlos Barria\/Proibida reprodu\u00e7\u00e3o\" class=\"flex-fill img-cover\"\/>\n    <\/div>\n<p><!-- END scald=396262 --><\/div>\n<div class=\"dnd-caption-wrapper\">\n<p>Sede da plataforma X, no centro de S\u00e3o\u00a0Francisco, na Calif\u00f3rnia\u00a0&#8211; <strong>Reuters\/Carlos Barria\/Proibida reprodu\u00e7\u00e3o<\/strong><br \/><!--END copyright=396262--><\/p>\n<\/div>\n<\/div>\n<p>\u00a0<\/p>\n<p>No Brasil, Musk <a href=\"https:\/\/agenciabrasil.ebc.com.br\/justica\/noticia\/2024-08\/rede-social-x-fecha-sede-no-brasil-e-acusa-moraes-de-ameaca\" target=\"_blank\" rel=\"noopener\">fechou o escrit\u00f3rio da plataforma X<\/a> e tem evitado prestar contas \u00e0 Justi\u00e7a brasileira. Ele \u00e9 investigado no Supremo Tribunal Federal (STF) no <a href=\"https:\/\/agenciabrasil.ebc.com.br\/justica\/noticia\/2024-04\/entenda-decisao-de-moraes-que-incluiu-musk-em-investigacao-no-stf\" target=\"_blank\" rel=\"noopener\">inqu\u00e9rito das mil\u00edcias digitais<\/a> que apura a atua\u00e7\u00e3o de grupos que supostamente se organizaram nas redes para atacar o STF, seus membros e a\u00a0elei\u00e7\u00e3o brasileira de 2022.<\/p>\n<p>A especialista em direito digital\u00a0Bruna Santos, gerente de Campanhas Global na Digital Action, destacou que, desde que assumiu a plataforma, Musk tem desmontado os setores da companhia de regula\u00e7\u00e3o de conte\u00fado.<\/p>\n<div class=\"dnd-widget-wrapper context-medio_4colunas type-image atom-align-right\">\n<div class=\"dnd-atom-rendered\"><!-- scald=397633:medio_4colunas {\"additionalClasses\":\"\"} --><\/p>\n<div class=\"shadow overflow-hidden rounded-lg d-block w-100\">\n            <img data-recalc-dims=\"1\" decoding=\"async\" src=\"https:\/\/i0.wp.com\/agenciabrasil.ebc.com.br\/sites\/default\/files\/thumbnails\/image\/loading_v2.gif?w=696&#038;ssl=1\" data-echo=\"https:\/\/imagens.ebc.com.br\/Pb1e7HoVElDc2sB4Nnjd9hUVYIE=\/365x0\/smart\/https:\/\/agenciabrasil.ebc.com.br\/sites\/default\/files\/thumbnails\/image\/2024\/08\/29\/bruna_santos.jpg?itok=VRsqM8aJ\" alt=\"Bras\u00edlia (DF) 29\/08\/2024 - Bruna Santos, especialista em direito digital e gerente de Campanhas Global na\u00a0Digital\u00a0Action&#13;&#10;Foto: Bruna Santos\/Arquivo Pessoal\" title=\"Fliparacatu\/Divulga\u00e7\u00e3o\" class=\"flex-fill img-cover\"\/><br \/>\n        <img data-recalc-dims=\"1\" decoding=\"async\" src=\"https:\/\/i0.wp.com\/imagens.ebc.com.br\/Pb1e7HoVElDc2sB4Nnjd9hUVYIE%3D\/365x0\/smart\/https%3A\/\/agenciabrasil.ebc.com.br\/sites\/default\/files\/thumbnails\/image\/2024\/08\/29\/bruna_santos.jpg?w=696&#038;ssl=1\" alt=\"Bras\u00edlia (DF) 29\/08\/2024 - Bruna Santos, especialista em direito digital e gerente de Campanhas Global na\u00a0Digital\u00a0Action&#13;&#10;Foto: Bruna Santos\/Arquivo Pessoal\" title=\"Fliparacatu\/Divulga\u00e7\u00e3o\" class=\"flex-fill img-cover\"\/>\n    <\/div>\n<p><!-- END scald=397633 --><\/div>\n<div class=\"dnd-caption-wrapper\">\n<p>Bruna Santos, especialista em direito digital\u00a0&#8211;<strong> Bruna Santos\/Arquivo pessoal<\/strong><!--END copyright=397633--><\/p>\n<\/div>\n<\/div>\n<p>\u201cMusk tem se demonstrado mais refrat\u00e1rio em pa\u00edses onde se tentou regular a internet de uma maneira um pouco mais efetiva, como caso da Austr\u00e1lia, onde est\u00e3o discutindo a remunera\u00e7\u00e3o de conte\u00fado de jornalismo. Ou no caso do Brasil, onde a Suprema Corte est\u00e1 bastante ativa e tinha, at\u00e9 abril deste ano, uma discuss\u00e3o sobre uma poss\u00edvel nova regula\u00e7\u00e3o de plataformas digitais\u201d, afirmou.<\/p>\n<p>Representante da Coaliz\u00e3o por Direitos na Rede, Bruna acrescentou que, por outro lado, a plataforma tem colaborado com governantes que t\u00eam alinhamento com os posicionamentos do empres\u00e1rio, lembrando ainda que a monarquia da Ar\u00e1bia Saudita \u00e9 um dos acionistas da plataforma.<\/p>\n<blockquote>\n<p>\u201c[A plataforma] segue tomada por conte\u00fados ilegais. Conte\u00fados que fazem apologia a drogas e que tamb\u00e9m falam sobre pornografia. Isso demonstra muito que, desde a entrada do Musk, o Twitter tem aplicado essa vis\u00e3o pol\u00edtica de uma liberdade de express\u00e3o absoluta, n\u00e3o abrindo para nenhum tipo de discuss\u00e3o sobre eventual ilegalidade ou dano gerado por conte\u00fados a\u00a0terceiros\u201d, destacou a especialista em direito digital.<\/p>\n<\/blockquote>\n<p>No Brasil, a <a href=\"https:\/\/agenciabrasil.ebc.com.br\/internacional\/noticia\/2024-04\/extrema-direita-usa-comite-dos-eua-para-distorcer-realidade-brasileira\" target=\"_blank\" rel=\"noopener\">liberdade de express\u00e3o tem limites<\/a>. A legisla\u00e7\u00e3o pro\u00edbe, por exemplo, defender ideologias nazistas ou racistas, incentivar golpe de Estado, incentivar a animosidade entre as For\u00e7as Armadas e outras institui\u00e7\u00f5es, fazer apologia a\u00a0crimes ou amea\u00e7ar pessoas.<\/p>\n<div class=\"dnd-widget-wrapper context-medio_4colunas type-image atom-align-left\">\n<div class=\"dnd-atom-rendered\"><!-- scald=397634:medio_4colunas {\"additionalClasses\":\"\"} --><\/p>\n<div class=\"shadow overflow-hidden rounded-lg d-block w-100\">\n            <img data-recalc-dims=\"1\" decoding=\"async\" src=\"https:\/\/i0.wp.com\/agenciabrasil.ebc.com.br\/sites\/default\/files\/thumbnails\/image\/loading_v2.gif?w=696&#038;ssl=1\" data-echo=\"https:\/\/imagens.ebc.com.br\/i2hNf7xQhRNaSzuOtt-hrfR2jco=\/365x0\/smart\/https:\/\/agenciabrasil.ebc.com.br\/sites\/default\/files\/thumbnails\/image\/2024\/08\/29\/elon_musk.jpg?itok=OnWEw48t\" alt=\"FILE PHOTO: Elon Musk, CEO of SpaceX and Tesla and owner of X looks on during the Milken Conference 2024 Global Conference Sessions at the Beverly Hilton in Beverly Hills, California, U.S., May 6, 2024. REUTERS\/David Swanson\/\/File Photo\" title=\"REUTERS\/David Swanson\/Proibida reprodu\u00e7\u00e3o\" class=\"flex-fill img-cover\"\/><br \/>\n        <img data-recalc-dims=\"1\" decoding=\"async\" src=\"https:\/\/i0.wp.com\/imagens.ebc.com.br\/i2hNf7xQhRNaSzuOtt-hrfR2jco%3D\/365x0\/smart\/https%3A\/\/agenciabrasil.ebc.com.br\/sites\/default\/files\/thumbnails\/image\/2024\/08\/29\/elon_musk.jpg?w=696&#038;ssl=1\" alt=\"FILE PHOTO: Elon Musk, CEO of SpaceX and Tesla and owner of X looks on during the Milken Conference 2024 Global Conference Sessions at the Beverly Hilton in Beverly Hills, California, U.S., May 6, 2024. REUTERS\/David Swanson\/\/File Photo\" title=\"REUTERS\/David Swanson\/Proibida reprodu\u00e7\u00e3o\" class=\"flex-fill img-cover\"\/>\n    <\/div>\n<p><!-- END scald=397634 --><\/div>\n<div class=\"dnd-caption-wrapper\">\n<p><!--copyright=397634-->O bilion\u00e1rio Elon Musk,\u00a0propriet\u00e1rio da rede social X\u00a0&#8211; <strong>Reuters\/David Swanson\/Proibida reprodu\u00e7\u00e3o<\/strong><!--END copyright=397634--><\/p>\n<\/div>\n<\/div>\n<h2>Uni\u00e3o Europeia<\/h2>\n<p>Na Uni\u00e3o Europeia (UE), a primeira investiga\u00e7\u00e3o contra uma plataforma digital com base na Lei de Servi\u00e7os Digitais (DSA), aberta em dezembro de 2023, foi contra a rede social X por falta de transpar\u00eancia e por suposta dissemina\u00e7\u00e3o de desinforma\u00e7\u00e3o.<\/p>\n<p>Em julho deste ano, a Comiss\u00e3o Europeia emitiu conclus\u00f5es preliminares afirmando que a <a href=\"https:\/\/agenciabrasil.ebc.com.br\/internacional\/noticia\/2024-07\/empresa-x-viola-regras-de-conteudo-line-da-ue-diz-regulador\" target=\"_blank\" rel=\"noopener\">plataforma est\u00e1 violando as leis locais<\/a>. O relat\u00f3rio diz que a verifica\u00e7\u00e3o de contas da rede \u00e9 enganosa porque qualquer um pode se inscrever para obter <em>status<\/em> de \u201cverificado\u201d, desde que pague por isso.<\/p>\n<p>\u201cH\u00e1 evid\u00eancias de atores maliciosos motivados abusando da \u2018conta verificada\u2019 para enganar os usu\u00e1rios\u201d, disse a comiss\u00e3o. A verifica\u00e7\u00e3o ocorre quando um usu\u00e1rio recebe um identificador\u00a0\u2013\u00a0o \u201cselo azul\u201d \u2013\u00a0que, em tese, fornece maior confiabilidade ao usu\u00e1rio.<\/p>\n<p>Se a rede social for declarada culpada por violar as regras da Uni\u00e3o Europeia, a plataforma pode sofrer multas de at\u00e9 6% do faturamento anual da companhia, entre outras medidas.<\/p>\n<p>Em resposta, o <a href=\"https:\/\/twitter.com\/elonmusk\/status\/1811783320839008381?ref_src=twsrc%5Etfw%7Ctwcamp%5Etweetembed%7Ctwterm%5E1811783320839008381%7Ctwgr%5E2d1ab0bd6f46fd8c240c5cf40b0aa17eb2b82a47%7Ctwcon%5Es1_&amp;ref_url=https%3A%2F%2Fpt.euronews.com%2Fnext%2F2024%2F07%2F12%2Felon-musk-alega-que-a-ue-lhe-ofereceu-um-acordo-secreto-ilegal\" target=\"_blank\" rel=\"noopener\">bilion\u00e1rio acusou<\/a> o \u00f3rg\u00e3o regulador do bloco europeu. \u201cA Comiss\u00e3o Europeia ofereceu a X um acordo secreto ilegal: se censur\u00e1ssemos discretamente a fala sem contar a ningu\u00e9m, eles n\u00e3o nos multariam\u201d, disse.<\/p>\n<h2>Austr\u00e1lia<\/h2>\n<p>A rede social X tamb\u00e9m teve atritos\u00a0com as autoridades australianas. O primeiro-ministro do pa\u00eds, Anthony Albanese, chamou Musk de \u201cbilion\u00e1rio arrogante, que pensa que est\u00e1 acima da lei\u201d.<\/p>\n<p>O atrito ocorreu porque a rede social X se negou a acatar decis\u00f5es judiciais para remover conte\u00fados violentos e considerados extremistas, como o v\u00eddeo de um atentado \u00e0 faca contra um bispo que circulava nas redes, e que estariam estimulando o \u00f3dio e mais viol\u00eancia, segundo as autoridades do pa\u00eds.<\/p>\n<p>Na rede social, Musk <a href=\"https:\/\/x.com\/elonmusk\/status\/1781394185951563973?ref_src=twsrc%5Etfw%7Ctwcamp%5Etweetembed%7Ctwterm%5E1781394185951563973%7Ctwgr%5E418381fa2d0a170809961436069f42755afd7533%7Ctwcon%5Es1_&amp;ref_url=https%3A%2F%2Fwww.sydney.edu.au%2Fnews-opinion%2Fnews%2F2024%2F05%2F01%2Fwhere-to-next-in-australia-s-battle-with-elon-musk-and-x-.html\" target=\"_blank\" rel=\"noopener\">voltou a acusar <\/a>as ordens judiciais de censura. \u201cO comiss\u00e1rio de censura australiano est\u00e1 exigindo proibi\u00e7\u00f5es globais de conte\u00fado\u201d, disse o bilion\u00e1rio.<\/p>\n<div class=\"dnd-widget-wrapper context-medio_4colunas type-image atom-align-right\">\n<div class=\"dnd-atom-rendered\"><!-- scald=283182:medio_4colunas {\"additionalClasses\":\"\"} --><\/p>\n<div class=\"shadow overflow-hidden rounded-lg d-block w-100\">\n            <img data-recalc-dims=\"1\" decoding=\"async\" src=\"https:\/\/i0.wp.com\/agenciabrasil.ebc.com.br\/sites\/default\/files\/thumbnails\/image\/loading_v2.gif?w=696&#038;ssl=1\" data-echo=\"https:\/\/imagens.ebc.com.br\/QwWK10DWmK2OuxSXO6brKR_2zYc=\/365x0\/smart\/https:\/\/agenciabrasil.ebc.com.br\/sites\/default\/files\/thumbnails\/image\/2022-02-28t174352z_815657084_rc25ts96tr2h_rtrmadp_3_ukraine-crisis-turkey-erdogan.jpg?itok=WDQSOYXS\" alt=\"Presidente da Turquia, Recep Erdogan \" title=\"Presidential Press Office\/Handout via REUTERS\/Direitos Reservados\" class=\"flex-fill img-cover\"\/><br \/>\n        <img data-recalc-dims=\"1\" decoding=\"async\" src=\"https:\/\/i0.wp.com\/imagens.ebc.com.br\/QwWK10DWmK2OuxSXO6brKR_2zYc%3D\/365x0\/smart\/https%3A\/\/agenciabrasil.ebc.com.br\/sites\/default\/files\/thumbnails\/image\/2022-02-28t174352z_815657084_rc25ts96tr2h_rtrmadp_3_ukraine-crisis-turkey-erdogan.jpg?w=696&#038;ssl=1\" alt=\"Presidente da Turquia, Recep Erdogan \" title=\"Presidential Press Office\/Handout via REUTERS\/Direitos Reservados\" class=\"flex-fill img-cover\"\/>\n    <\/div>\n<p><!-- END scald=283182 --><\/div>\n<div class=\"dnd-caption-wrapper\">\n<p><!--copyright=283182-->Presidente da Turquia, Recep Tayyip Erdogan &#8211; <strong>Presidential Press Office\/Handout via Reuters\/Direitos reservados<\/strong><!--END copyright=283182--><\/p>\n<\/div>\n<\/div>\n<h2>Turquia<\/h2>\n<p>O megaempres\u00e1rio n\u00e3o age da mesma forma em todos os pa\u00edses. Na Turquia, a rede tem removido conte\u00fados e perfis a pedido de autoridades sem que, por isso, o governo seja acusado de censura.<\/p>\n<p>Em maio de 2023, a plataforma <a href=\"https:\/\/twitter.com\/GlobalAffairs\/status\/1657219168863756288?ref_src=twsrc%5Etfw%7Ctwcamp%5Etweetembed%7Ctwterm%5E1657219170243674112%7Ctwgr%5E90bc6cf1cd3fc6f433990a7ed403044783361880%7Ctwcon%5Es2_&amp;ref_url=https%3A%2F%2Fwww.newarab.com%2Fnews%2Fmusk-defends-move-censor-twitter-turkey-amid-voting\" target=\"_blank\" rel=\"noopener\">suspendeu perfis e conte\u00fados<\/a> ap\u00f3s ordens judiciais \u00e0s v\u00e9speras da elei\u00e7\u00e3o presidencial que reelegeu Recep Tayyip\u00a0Erdogan. \u201cEm resposta ao processo legal e para garantir que o Twitter continue dispon\u00edvel para o povo da Turquia, tomamos medidas para restringir o acesso a alguns conte\u00fados na Turquia hoje\u201d, informou a plataforma.<\/p>\n<p>Perguntado por um jornalista sobre o motivo de ter atendido ao pedido das autoridades turcas sem questionar,<a href=\"https:\/\/twitter.com\/elonmusk\/status\/1657422401754259461?ref_src=twsrc%5Etfw%7Ctwcamp%5Etweetembed%7Ctwterm%5E1657422401754259461%7Ctwgr%5E90bc6cf1cd3fc6f433990a7ed403044783361880%7Ctwcon%5Es1_&amp;ref_url=https%3A%2F%2Fwww.newarab.com%2Fnews%2Fmusk-defends-move-censor-twitter-turkey-amid-voting\" target=\"_blank\" rel=\"noopener\"> Musk respondeu<\/a>: \u201cA\u00a0escolha \u00e9 restringir totalmente o Twitter ou limitar o acesso a alguns <em>tweets<\/em>. Qual deles voc\u00ea quer?\u201d.<\/p>\n<p>Em setembro de 2023, a Reuters informou que o presidente turco e a Tesla \u2013\u00a0f\u00e1brica de autom\u00f3veis el\u00e9tricos de Musk \u2013\u00a0<a href=\"https:\/\/www.reuters.com\/business\/autos-transportation\/turkish-president-erdogan-asks-musk-build-tesla-factory-turkey-2023-09-17\/\" target=\"_blank\" rel=\"noopener\">negociavam a instala\u00e7\u00e3o<\/a> de uma planta da companhia no pa\u00eds.<\/p>\n<div class=\"dnd-widget-wrapper context-medio_4colunas type-image atom-align-left\">\n<div class=\"dnd-atom-rendered\"><!-- scald=152906:medio_4colunas {\"additionalClasses\":\"\"} --><\/p>\n<div class=\"shadow overflow-hidden rounded-lg d-block w-100\">\n            <img data-recalc-dims=\"1\" decoding=\"async\" src=\"https:\/\/i0.wp.com\/agenciabrasil.ebc.com.br\/sites\/default\/files\/thumbnails\/image\/loading_v2.gif?w=696&#038;ssl=1\" data-echo=\"https:\/\/imagens.ebc.com.br\/SQvvYxtjPZDGinQbMXVTj_VoFZo=\/365x0\/smart\/https:\/\/agenciabrasil.ebc.com.br\/sites\/default\/files\/thumbnails\/image\/mca_141119abr_2724.jpg?itok=5YDHCfiI\" alt=\"O  Primeiro-ministro da Rep\u00fablica da \u00cdndia, Narendra Modi, durante di\u00e1logo dos L\u00edderes com o Conselho Empresarial do BRICS \" title=\"Valter Campanato\/Ag\u00eancia Brasil\" class=\"flex-fill img-cover\"\/><br \/>\n        <img data-recalc-dims=\"1\" decoding=\"async\" src=\"https:\/\/i0.wp.com\/imagens.ebc.com.br\/SQvvYxtjPZDGinQbMXVTj_VoFZo%3D\/365x0\/smart\/https%3A\/\/agenciabrasil.ebc.com.br\/sites\/default\/files\/thumbnails\/image\/mca_141119abr_2724.jpg?w=696&#038;ssl=1\" alt=\"O  Primeiro-ministro da Rep\u00fablica da \u00cdndia, Narendra Modi, durante di\u00e1logo dos L\u00edderes com o Conselho Empresarial do BRICS \" title=\"Valter Campanato\/Ag\u00eancia Brasil\" class=\"flex-fill img-cover\"\/>\n    <\/div>\n<p><!-- END scald=152906 --><\/div>\n<div class=\"dnd-caption-wrapper\">\n<p>Primeiro-ministro da Rep\u00fablica da \u00cdndia, Narendra Modi &#8211; <strong>Valter Campanato\/Ag\u00eancia Brasil<\/strong><!--END copyright=152906--><\/p>\n<\/div>\n<\/div>\n<h2>\u00cdndia<\/h2>\n<p>Na \u00cdndia, em janeiro de 2023, a plataforma removeu conte\u00fados relacionados a um document\u00e1rio da BBC que relata a repress\u00e3o contra a minoria mul\u00e7umana no estado de Gujarat, quando o atual primeiro-ministro Modi governava a prov\u00edncia. Estima-se que mais de mil pessoas tenham sido\u00a0assassinadas.<\/p>\n<p>Em entrevista \u00e0 pr\u00f3pria BBC depois, Musk disse n\u00e3o ter conhecimento do caso espec\u00edfico. &#8220;As regras na \u00cdndia sobre o que pode aparecer nas m\u00eddias sociais s\u00e3o bastante r\u00edgidas e n\u00e3o podemos ir al\u00e9m das leis do pa\u00eds&#8221;, disse Musk, de acordo\u00a0<a href=\"https:\/\/www.reuters.com\/world\/india\/musk-says-unaware-why-twitter-india-pulled-posts-bbc-documentary-critical-modi-2023-04-12\/\" target=\"_blank\" rel=\"noopener\">com informa\u00e7\u00f5es divulgadas pela Reuters<\/a>.<\/p>\n<h2>Inglaterra<\/h2>\n<p>Nas \u00faltimas semanas, Musk ainda entrou em atrito com autoridades inglesas no contexto dos protestos da extrema-direita que atacaram resid\u00eancias e com\u00e9rcios de imigrantes ap\u00f3s uma not\u00edcia falsa associar um assassinato a\u00a0imigrantes. Sobre o tema, <a href=\"https:\/\/twitter.com\/elonmusk\/status\/1819933223536742771?ref_src=twsrc%5Etfw%7Ctwcamp%5Etweetembed%7Ctwterm%5E1819933223536742771%7Ctwgr%5Eba3cbbd2776b44041c42e63e7e8b1586ded07665%7Ctwcon%5Es1_&amp;ref_url=https%3A%2F%2Fwww.abc.net.au%2Fnews%2F2024-08-06%2Fuk-slams-deeply-irresponsible-musk-comments-on-riots%2F104192110\" target=\"_blank\" rel=\"noopener\">Musk comentou<\/a> que uma \u201cguerra civil \u00e9 inevit\u00e1vel\u201d no pa\u00eds europeu.<\/p>\n<p>O ministro da Justi\u00e7a do Reino Unido, Heidi Alexander, criticou o empres\u00e1rio classificando como \u201cinaceit\u00e1veis\u201d seus coment\u00e1rios, reacendendo o debate e as cobran\u00e7as para a aplica\u00e7\u00e3o de regras para as plataformas digitais, i<a href=\"https:\/\/www.reuters.com\/technology\/cybersecurity\/musk-stirs-uk-divisions-sparks-calls-faster-rollout-online-safety-laws-2024-08-07\/\" target=\"_blank\" rel=\"noopener\">nformou a Reuters<\/a>.<\/p>\n<p>A rede social X tem sido acusada de impulsionar conte\u00fados anti-imigrantes na internet, o que teria alimentado a viol\u00eancia da extrema-direita.<\/p>\n<p>A especialista em direito digital Bruna Santos avaliou que a plataforma n\u00e3o removeu conte\u00fados que estavam incitando o caos no Reino Unido e continuou permitindo postagens chamando novos atos violentos contra imigrantes.<\/p>\n<p>\u201cTem uma falta de escrut\u00ednio dos conte\u00fados hoje em dia no Twitter que pode ter tornado a plataforma como um dos principais lugares para a dissemina\u00e7\u00e3o de conte\u00fado relacionado ao que estava acontecendo no Reino Unido\u201d, explicou.<\/p>\n<\/p><\/div>\n<p><script async src=\"\/\/platform.twitter.com\/widgets.js\" charset=\"utf-8\"><\/script><br \/>\n<br \/><br \/>\n<br \/><a href=\"https:\/\/agenciabrasil.ebc.com.br\/internacional\/noticia\/2024-08\/alem-do-brasil-musk-tem-atritos-com-europeus-australia-e-inglaterra\" rel=\"noopener\">Ag\u00eancia Brasil <\/a><\/p>\n","protected":false},"excerpt":{"rendered":"<p>Controlada pelo multibilion\u00e1rio Elon Musk, a rede social X, o antigo Twitter, tem colecionado atritos com autoridades de diversos pa\u00edses, desde o Brasil,\u00a0at\u00e9 a Austr\u00e1lia, a Inglaterra, o bloco da Uni\u00e3o\u00a0Europeia (UE), a Venezuela, entre outros. Enquanto na UE, no Brasil e na Austr\u00e1lia,\u00a0Musk apela \u00e0 ret\u00f3rica da \u201cliberdade de express\u00e3o\u201d irrestrita, na \u00cdndia e [&hellip;]<\/p>\n","protected":false},"author":1,"featured_media":2119,"comment_status":"open","ping_status":"open","sticky":false,"template":"","format":"standard","meta":{"_jetpack_newsletter_access":"","_jetpack_dont_email_post_to_subs":false,"_jetpack_newsletter_tier_id":0,"_jetpack_memberships_contains_paywalled_content":false,"_mbp_banners":[],"_jetpack_feature_clip_id":0,"_jetpack_memberships_contains_paid_content":false,"footnotes":"","jetpack_publicize_message":"","jetpack_publicize_feature_enabled":true,"jetpack_social_post_already_shared":true,"jetpack_social_options":{"image_generator_settings":{"template":"highway","default_image_id":0,"font":"","enabled":false},"version":2},"jetpack_post_was_ever_published":false},"categories":[25],"tags":[],"class_list":["post-13242","post","type-post","status-publish","format-standard","has-post-thumbnail","category-internacional"],"jetpack_publicize_connections":[],"jetpack-related-posts":[],"jetpack_shortlink":"https:\/\/wp.me\/p7Eq1F-3rA","jetpack_sharing_enabled":true,"jetpack_featured_media_url":"https:\/\/i0.wp.com\/guialimeira.com.br\/news\/wp-content\/uploads\/2024\/04\/2023-07-24t175958z_1_lynxmpej6n0pc_rtroptp_4_twitter-musk-logo.jpg?fit=1600%2C800&ssl=1","_links":{"self":[{"href":"https:\/\/guialimeira.com.br\/news\/wp-json\/wp\/v2\/posts\/13242","targetHints":{"allow":["GET"]}}],"collection":[{"href":"https:\/\/guialimeira.com.br\/news\/wp-json\/wp\/v2\/posts"}],"about":[{"href":"https:\/\/guialimeira.com.br\/news\/wp-json\/wp\/v2\/types\/post"}],"author":[{"embeddable":true,"href":"https:\/\/guialimeira.com.br\/news\/wp-json\/wp\/v2\/users\/1"}],"replies":[{"embeddable":true,"href":"https:\/\/guialimeira.com.br\/news\/wp-json\/wp\/v2\/comments?post=13242"}],"version-history":[{"count":0,"href":"https:\/\/guialimeira.com.br\/news\/wp-json\/wp\/v2\/posts\/13242\/revisions"}],"wp:featuredmedia":[{"embeddable":true,"href":"https:\/\/guialimeira.com.br\/news\/wp-json\/wp\/v2\/media\/2119"}],"wp:attachment":[{"href":"https:\/\/guialimeira.com.br\/news\/wp-json\/wp\/v2\/media?parent=13242"}],"wp:term":[{"taxonomy":"category","embeddable":true,"href":"https:\/\/guialimeira.com.br\/news\/wp-json\/wp\/v2\/categories?post=13242"},{"taxonomy":"post_tag","embeddable":true,"href":"https:\/\/guialimeira.com.br\/news\/wp-json\/wp\/v2\/tags?post=13242"}],"curies":[{"name":"wp","href":"https:\/\/api.w.org\/{rel}","templated":true}]}}